{"id":197703,"date":"2019-08-30T10:01:42","date_gmt":"2019-08-30T07:01:42","guid":{"rendered":"http:\/\/www.tvturk.com\/index.php\/balikcilarin-140-gunluk-hasreti-sona-eriyor\/"},"modified":"2019-08-30T10:01:42","modified_gmt":"2019-08-30T07:01:42","slug":"balikcilarin-140-gunluk-hasreti-sona-eriyor","status":"publish","type":"post","link":"http:\/\/www.tvturk.com\/index.php\/balikcilarin-140-gunluk-hasreti-sona-eriyor\/","title":{"rendered":"Bal\u0131k\u00e7\u0131lar\u0131n 140 g\u00fcnl\u00fck hasreti sona eriyor"},"content":{"rendered":"<p>Av yasa\u011f\u0131n\u0131n bitmesine saatler kala denize a\u00e7\u0131lmak i\u00e7in sab\u0131rs\u0131zlanan bal\u0131k\u00e7\u0131lar son haz\u0131rl\u0131klar\u0131n\u0131 yaparken, hepsinin temennisi bereketli bir sezon ge\u00e7irebilmek.<\/p>\n<p>15 Nisan\u2019da denizde ba\u015flayan av yasa\u011f\u0131 1 Eyl\u00fcl itibariyle resmen sona erecek ve yasa\u011f\u0131n bitmesiyle beraber bal\u0131k\u00e7\u0131lar 4 ay 17 g\u00fcn aradan sonra \u2018Vira Bismillah\u2019 diyerek yeniden denize a\u00e7\u0131lacak. Yasa\u011f\u0131n sona ermesine saatler kala haz\u0131rl\u0131klar da son s\u00fcrat devam ediyor. G\u00fczelbah\u00e7e Bal\u0131k\u00e7\u0131 Liman\u0131nda demirleyen bal\u0131k\u00e7\u0131 teknelerinde yasak \u00f6ncesi son haz\u0131rl\u0131klar yap\u0131l\u0131rken, bal\u0131k\u00e7\u0131lar sezona sorunsuz bir \u015fekilde girmenin hesaplar\u0131n\u0131 yap\u0131yor. Geride kalan 140 g\u00fcnl\u00fck s\u00fcrede teknelerin bak\u0131mlar\u0131 yap\u0131l\u0131rken, a\u011flar da onar\u0131ld\u0131 ve teknelere \u00e7ekilmeye ba\u015flad\u0131. Uzun bir aran\u0131n ard\u0131ndan yeniden denize inecek olan bal\u0131k\u00e7\u0131lar sab\u0131rs\u0131zlan\u0131rken, hepsinin tek temennisi bereketli bir sezon ge\u00e7irmek oldu.<\/p>\n<p>Herkesin temennisi bereketli bir sezon<\/p>\n<p>Denize a\u00e7\u0131lmak i\u00e7in t\u00fcm haz\u0131rl\u0131klar\u0131 yapt\u0131klar\u0131n\u0131 aktaran bal\u0131k\u00e7\u0131 Mehmet Arslan, bir an \u00f6nce denize a\u00e7\u0131lmak istediklerini s\u00f6yledi Arslan, \u201cHummal\u0131 bir \u00e7al\u0131\u015fma i\u00e7erisindeyiz. Cumartesi gece 00.00\u2019dan sonra denize a\u00e7\u0131laca\u011f\u0131z. Baz\u0131 arkada\u015flar\u0131m\u0131z tamir ettikleri a\u011flar\u0131 teknelere almaya ba\u015flad\u0131. A\u011flar\u0131n hepsinin tamirat\u0131 ve bak\u0131m\u0131 en ufak noktas\u0131na kadar yap\u0131ld\u0131. Bunun yan\u0131 s\u0131ra 4 ayl\u0131k zaman diliminde teknelerin de bak\u0131m\u0131 yap\u0131ld\u0131. Bal\u0131k\u00e7\u0131 tekneleri neredeyse s\u0131f\u0131ra yak\u0131n oldu. Sezona a\u00e7\u0131lmak i\u00e7in t\u00fcm haz\u0131rl\u0131klar\u0131m\u0131z\u0131 yapt\u0131k. Hepimiz bir an \u00f6nce denize a\u00e7\u0131lmak ve ekmek param\u0131z\u0131n pe\u015fine ko\u015fmak istiyoruz\u201d ifadelerini kulland\u0131. Bereketli bir sezon olmas\u0131 temennisinde bulunan Arslan, \u201cBizim i\u015fimizde denizin durumu ve havan\u0131n durumu \u00e7ok \u00f6nemli. Temennimiz bol ve bereketli bir sezon ge\u00e7irmek\u201d ifadelerini kulland\u0131.<\/p>\n<p>Eksikler tamamland\u0131<\/p>\n<p>Avlanman\u0131n yasak oldu\u011fu 140 g\u00fcnl\u00fck s\u00fcrede eksiklerini tamamlad\u0131klar\u0131n\u0131 alt\u0131n\u0131 \u00e7izen Murat Yi\u011fit, \u201cAvlanman\u0131n yasak oldu\u011fu 4 ayl\u0131k s\u00fcrede bal\u0131k\u00e7\u0131lar olarak eksiklerimizi tamamlad\u0131k.  A\u011flar\u0131m\u0131z\u0131 bak\u0131mdan ge\u00e7irdik, teknelerimize raspa ve boya yapt\u0131k. Son saatlere girerken de ufak tefek kalan eksiklerimizi elden ge\u00e7iriyoruz\u201d dedi. Kalabal\u0131k bir ekiple \u00e7al\u0131\u015ft\u0131klar\u0131n\u0131 belirten Yi\u011fit, \u201cBir teknede yakla\u015f\u0131k 50 tayfa \u00e7al\u0131\u015f\u0131yor. Ailelerini de d\u00fc\u015f\u00fcn\u00fcrsek 150-200 ki\u015fi bu i\u015ften ekmek yiyor. O y\u00fczden bereketli bir sezon olmas\u0131n\u0131 diliyorum\u201d diye konu\u015ftu.<\/p>\n<p>Fiyatlar d\u00fc\u015fecek<\/p>\n<p>Bal\u0131k\u00e7\u0131lar\u0131n 140 g\u00fcn aradan sonra denize inmesiyle beraber tezgahlarda da bal\u0131k fiyatlar\u0131nda \u00f6nemli oranda indirim bekleniyor. Bal\u0131\u011f\u0131n bol olmas\u0131 sebebiyle fiyatlarda b\u00fcy\u00fck bir d\u00fc\u015f\u00fc\u015f olaca\u011f\u0131n\u0131 belirten bal\u0131k sat\u0131c\u0131s\u0131 Osman Kocab\u0131y\u0131k, \u201cBal\u0131k\u00e7\u0131lar hay\u0131rl\u0131s\u0131yla cumartesi gecesi denize a\u00e7\u0131lacaklar. \u0130n\u015fallah bol ve bereketli bir sezon ge\u00e7iririz. \u00c7\u00fcnk\u00fc bal\u0131k fiyatlar\u0131 y\u00fcksekti. Yasak bittikten sonra fiyatlarda b\u00fcy\u00fck bir d\u00fc\u015f\u00fc\u015f olur. B\u00f6ylece vatanda\u015flar\u0131m\u0131z da daha ucuza bal\u0131k yer. Pazar ve pazartesi g\u00fcn\u00fcnden itibaren bal\u0131k tezgahlar\u0131nda daha fazla bal\u0131k olacakt\u0131r. \u015eu an 100 TL olan bir bal\u0131k, ilerleyen g\u00fcnlerde 50-60 TL\u2019ye kadar d\u00fc\u015fer. Av yasa\u011f\u0131n\u0131n bitmesiyle fiyatlar hemen tezgaha yans\u0131yacakt\u0131r\u201d \u015feklinde konu\u015ftu.<\/p>\n","protected":false},"excerpt":{"rendered":"<p>YASA\u011eIN SONA ERMES\u0130NE SAATLER KALA HAZIRLIKLAR DA SON S\u00dcRAT DEVAM ED\u0130YOR.<\/p>\n","protected":false},"author":1,"featured_media":0,"comment_status":"closed","ping_status":"open","sticky":false,"template":"","format":"standard","meta":{"jetpack_post_was_ever_published":false,"_jetpack_newsletter_access":"","_jetpack_dont_email_post_to_subs":false,"_jetpack_newsletter_tier_id":0,"_jetpack_memberships_contains_paywalled_content":false,"_jetpack_memberships_contains_paid_content":false,"footnotes":"","jetpack_publicize_message":"","jetpack_publicize_feature_enabled":true,"jetpack_social_post_already_shared":true,"jetpack_social_options":{"image_generator_settings":{"template":"highway","default_image_id":0,"font":"","enabled":false},"version":2}},"categories":[1],"tags":[10291,13906,1112,891,16652,792],"class_list":["post-197703","post","type-post","status-publish","format-standard","hentry","category-genel","tag-10291","tag-balikcilarin","tag-eriyor","tag-gunluk","tag-hasreti","tag-sona"],"jetpack_publicize_connections":[],"jetpack_featured_media_url":"","jetpack_sharing_enabled":true,"jetpack_shortlink":"https:\/\/wp.me\/paKIfm-PqL","_links":{"self":[{"href":"http:\/\/www.tvturk.com\/index.php\/wp-json\/wp\/v2\/posts\/197703","targetHints":{"allow":["GET"]}}],"collection":[{"href":"http:\/\/www.tvturk.com\/index.php\/wp-json\/wp\/v2\/posts"}],"about":[{"href":"http:\/\/www.tvturk.com\/index.php\/wp-json\/wp\/v2\/types\/post"}],"author":[{"embeddable":true,"href":"http:\/\/www.tvturk.com\/index.php\/wp-json\/wp\/v2\/users\/1"}],"replies":[{"embeddable":true,"href":"http:\/\/www.tvturk.com\/index.php\/wp-json\/wp\/v2\/comments?post=197703"}],"version-history":[{"count":0,"href":"http:\/\/www.tvturk.com\/index.php\/wp-json\/wp\/v2\/posts\/197703\/revisions"}],"wp:attachment":[{"href":"http:\/\/www.tvturk.com\/index.php\/wp-json\/wp\/v2\/media?parent=197703"}],"wp:term":[{"taxonomy":"category","embeddable":true,"href":"http:\/\/www.tvturk.com\/index.php\/wp-json\/wp\/v2\/categories?post=197703"},{"taxonomy":"post_tag","embeddable":true,"href":"http:\/\/www.tvturk.com\/index.php\/wp-json\/wp\/v2\/tags?post=197703"}],"curies":[{"name":"wp","href":"https:\/\/api.w.org\/{rel}","templated":true}]}}