{"id":197713,"date":"2019-08-30T10:16:25","date_gmt":"2019-08-30T07:16:25","guid":{"rendered":"http:\/\/www.tvturk.com\/index.php\/van-golunun-derinliklerinde-zafer-bayramini-kutladilar\/"},"modified":"2019-08-30T10:16:25","modified_gmt":"2019-08-30T07:16:25","slug":"van-golunun-derinliklerinde-zafer-bayramini-kutladilar","status":"publish","type":"post","link":"http:\/\/www.tvturk.com\/index.php\/van-golunun-derinliklerinde-zafer-bayramini-kutladilar\/","title":{"rendered":"Van G\u00f6l\u00fc\u2019n\u00fcn derinliklerinde Zafer Bayram\u0131\u2019n\u0131 kutlad\u0131lar"},"content":{"rendered":"<p>Sualt\u0131 Arama Kurtarma E\u011fitim Derne\u011fi (AKEM), 30 A\u011fustos Zafer Bayram\u0131 dolay\u0131s\u0131yla Van G\u00f6l\u00fc\u2019n\u00fcn derinliklerine dal\u0131\u015f yapt\u0131.<\/p>\n<p>Konuyla ilgili a\u00e7\u0131klamada bulunan AKEM Derne\u011fi Ba\u015fkan\u0131 Umut Yar\u0131z, 57\u2019nci Alay ruhunu ya\u015fatma slogan\u0131yla Van G\u00f6l\u00fc\u2019n\u00fcn derinliklerine dald\u0131klar\u0131n\u0131 ifade etti. Yar\u0131z, \u201c30 A\u011fustos Zafer Bayram\u0131\u2019n\u0131n anlam ve \u00f6nemine ithafen yapm\u0131\u015f oldu\u011fumuz bu etkinlikle t\u00fcm \u015fehitlerimize minnetle rahmet diliyoruz. \u0130stiklal m\u00fccadelesi verdi\u011fimiz bu g\u00fcnlerde, b\u00fcy\u00fck bir fedakarl\u0131kla \u00fclkemizin b\u00f6l\u00fcnmez b\u00fct\u00fcnl\u00fc\u011f\u00fcn\u00fc canla, ba\u015fla sa\u011flayan T\u00fcrk Silahl\u0131 Kuvvetleri ve emniyet personelimize g\u00fc\u00e7 ve kuvvet dileklerimizi iletiyoruz\u201d ifadelerini kulland\u0131.<\/p>\n","protected":false},"excerpt":{"rendered":"<p>VAN\u2019DA SUALTI ARAMA KURTARMA E\u011e\u0130T\u0130M DERNE\u011e\u0130 (AKEM), 30 A\u011eUSTOS ZAFER BAYRAMI DOLAYISIYLA VAN G\u00d6L\u00dc\u2019N\u00dcN DER\u0130NL\u0130KLER\u0130NE DALDI.<\/p>\n","protected":false},"author":1,"featured_media":0,"comment_status":"closed","ping_status":"open","sticky":false,"template":"","format":"standard","meta":{"jetpack_post_was_ever_published":false,"_jetpack_newsletter_access":"","_jetpack_dont_email_post_to_subs":false,"_jetpack_newsletter_tier_id":0,"_jetpack_memberships_contains_paywalled_content":false,"_jetpack_memberships_contains_paid_content":false,"footnotes":"","jetpack_publicize_message":"","jetpack_publicize_feature_enabled":true,"jetpack_social_post_already_shared":true,"jetpack_social_options":{"image_generator_settings":{"template":"highway","default_image_id":0,"font":"","enabled":false},"version":2}},"categories":[1],"tags":[20774,49685,1678,24710,1442,1868],"class_list":["post-197713","post","type-post","status-publish","format-standard","hentry","category-genel","tag-bayramini","tag-derinliklerinde","tag-golunun","tag-kutladilar","tag-van","tag-zafer"],"jetpack_publicize_connections":[],"jetpack_featured_media_url":"","jetpack_sharing_enabled":true,"jetpack_shortlink":"https:\/\/wp.me\/paKIfm-PqV","_links":{"self":[{"href":"http:\/\/www.tvturk.com\/index.php\/wp-json\/wp\/v2\/posts\/197713","targetHints":{"allow":["GET"]}}],"collection":[{"href":"http:\/\/www.tvturk.com\/index.php\/wp-json\/wp\/v2\/posts"}],"about":[{"href":"http:\/\/www.tvturk.com\/index.php\/wp-json\/wp\/v2\/types\/post"}],"author":[{"embeddable":true,"href":"http:\/\/www.tvturk.com\/index.php\/wp-json\/wp\/v2\/users\/1"}],"replies":[{"embeddable":true,"href":"http:\/\/www.tvturk.com\/index.php\/wp-json\/wp\/v2\/comments?post=197713"}],"version-history":[{"count":0,"href":"http:\/\/www.tvturk.com\/index.php\/wp-json\/wp\/v2\/posts\/197713\/revisions"}],"wp:attachment":[{"href":"http:\/\/www.tvturk.com\/index.php\/wp-json\/wp\/v2\/media?parent=197713"}],"wp:term":[{"taxonomy":"category","embeddable":true,"href":"http:\/\/www.tvturk.com\/index.php\/wp-json\/wp\/v2\/categories?post=197713"},{"taxonomy":"post_tag","embeddable":true,"href":"http:\/\/www.tvturk.com\/index.php\/wp-json\/wp\/v2\/tags?post=197713"}],"curies":[{"name":"wp","href":"https:\/\/api.w.org\/{rel}","templated":true}]}}