{"id":197719,"date":"2019-08-30T10:17:01","date_gmt":"2019-08-30T07:17:01","guid":{"rendered":"http:\/\/www.tvturk.com\/index.php\/anne-flemingin-keci-adli-cocuk-romani-raflarda\/"},"modified":"2019-08-30T10:17:01","modified_gmt":"2019-08-30T07:17:01","slug":"anne-flemingin-keci-adli-cocuk-romani-raflarda","status":"publish","type":"post","link":"http:\/\/www.tvturk.com\/index.php\/anne-flemingin-keci-adli-cocuk-romani-raflarda\/","title":{"rendered":"Anne Fleming\u2019in Ke\u00e7i adl\u0131 \u00e7ocuk roman\u0131 raflarda"},"content":{"rendered":"<p>Anne Fleming\u2019in hayat\u0131n ac\u0131 ve tatl\u0131 tesad\u00fcflerini anlatan roman\u0131 &#8220;Ke\u00e7i&#8221; raflardaki yerini ald\u0131.<\/p>\n<p>Anne Fleming\u2019in New York\u2019ta ya\u015fayan bir da\u011f ke\u00e7isini anlatt\u0131\u011f\u0131 roman\u0131 Ke\u00e7i, \u00c7\u0131nar Yay\u0131nlar\u0131 etiketiyle okuyucunun be\u011fenisine sunuldu. Elif T\u00fcrk\u00f6lmez\u2019in \u00e7evirisini yapt\u0131\u011f\u0131 kitap, Uluslararas\u0131 Gen\u00e7lik K\u00fct\u00fcphanesi taraf\u0131ndan haz\u0131rlanan White Ravens 2018 se\u00e7kisinde yer al\u0131yor.<\/p>\n<p>Anne Fleming, yazd\u0131\u011f\u0131 \u00e7ocuk roman\u0131nda ya\u015fam\u0131n t\u00fcm y\u00fcz\u00fcn\u00fc mizah\u0131 ve inceli\u011fi bir araya getirirken, unutulmayacak karakterler olu\u015fturuyor.<\/p>\n","protected":false},"excerpt":{"rendered":"<p>ANNE FLEM\u0130NG\u2019\u0130N HAYATIN ACI TATLI TESAD\u00dcFLER\u0130 UZER\u0130NE ETK\u0130LEY\u0130C\u0130 ROMANI KE\u00c7\u0130 RAFLARDAK\u0130 YER\u0130N\u0130 ALDI.<\/p>\n","protected":false},"author":1,"featured_media":0,"comment_status":"closed","ping_status":"open","sticky":false,"template":"","format":"standard","meta":{"jetpack_post_was_ever_published":false,"_jetpack_newsletter_access":"","_jetpack_dont_email_post_to_subs":false,"_jetpack_newsletter_tier_id":0,"_jetpack_memberships_contains_paywalled_content":false,"_jetpack_memberships_contains_paid_content":false,"footnotes":"","jetpack_publicize_message":"","jetpack_publicize_feature_enabled":true,"jetpack_social_post_already_shared":true,"jetpack_social_options":{"image_generator_settings":{"template":"highway","default_image_id":0,"font":"","enabled":false},"version":2}},"categories":[656],"tags":[867,5582,1008,49687,14280,8319,1452],"class_list":["post-197719","post","type-post","status-publish","format-standard","hentry","category-kultur-sanat","tag-adli","tag-anne","tag-cocuk","tag-flemingin","tag-keci","tag-raflarda","tag-romani"],"jetpack_publicize_connections":[],"jetpack_featured_media_url":"","jetpack_sharing_enabled":true,"jetpack_shortlink":"https:\/\/wp.me\/paKIfm-Pr1","_links":{"self":[{"href":"http:\/\/www.tvturk.com\/index.php\/wp-json\/wp\/v2\/posts\/197719","targetHints":{"allow":["GET"]}}],"collection":[{"href":"http:\/\/www.tvturk.com\/index.php\/wp-json\/wp\/v2\/posts"}],"about":[{"href":"http:\/\/www.tvturk.com\/index.php\/wp-json\/wp\/v2\/types\/post"}],"author":[{"embeddable":true,"href":"http:\/\/www.tvturk.com\/index.php\/wp-json\/wp\/v2\/users\/1"}],"replies":[{"embeddable":true,"href":"http:\/\/www.tvturk.com\/index.php\/wp-json\/wp\/v2\/comments?post=197719"}],"version-history":[{"count":0,"href":"http:\/\/www.tvturk.com\/index.php\/wp-json\/wp\/v2\/posts\/197719\/revisions"}],"wp:attachment":[{"href":"http:\/\/www.tvturk.com\/index.php\/wp-json\/wp\/v2\/media?parent=197719"}],"wp:term":[{"taxonomy":"category","embeddable":true,"href":"http:\/\/www.tvturk.com\/index.php\/wp-json\/wp\/v2\/categories?post=197719"},{"taxonomy":"post_tag","embeddable":true,"href":"http:\/\/www.tvturk.com\/index.php\/wp-json\/wp\/v2\/tags?post=197719"}],"curies":[{"name":"wp","href":"https:\/\/api.w.org\/{rel}","templated":true}]}}