{"id":197725,"date":"2019-08-30T10:31:52","date_gmt":"2019-08-30T07:31:52","guid":{"rendered":"http:\/\/www.tvturk.com\/index.php\/izmirde-30-agustos-bayrami-kutlamalari\/"},"modified":"2019-08-30T10:31:52","modified_gmt":"2019-08-30T07:31:52","slug":"izmirde-30-agustos-bayrami-kutlamalari","status":"publish","type":"post","link":"http:\/\/www.tvturk.com\/index.php\/izmirde-30-agustos-bayrami-kutlamalari\/","title":{"rendered":"\u0130zmir\u2019de 30 A\u011fustos Bayram\u0131 kutlamalar\u0131"},"content":{"rendered":"<p>30 A\u011fustos Zafer Bayram\u0131, \u0130zmir Cumhuriyet Meydan\u0131\u2019nda \u00e7elenk sunma t\u00f6renleri ile ba\u015flad\u0131. 30 A\u011fustos etkinlikleri, g\u00fcn boyu devam edecek.<\/p>\n<p>\u0130zmir Valili\u011finin d\u00fczenledi\u011fi 30 A\u011fustos Zafer Bayram\u0131 program\u0131 etkinlikleri, Cumhuriyet Meydan\u0131\u2019nda ba\u015flad\u0131. T\u00f6rene; \u0130zmir Valisi Erol Ayy\u0131ld\u0131z, Ege Ordusu Komutanl\u0131\u011f\u0131na atanan Korgeneral Ali Sivri, \u0130zmir B\u00fcy\u00fck\u015fehir Belediye Ba\u015fkan\u0131 Tun\u00e7 Soyer kat\u0131l\u0131m g\u00f6sterdi. T\u00f6rende, \u0130zmir Valili\u011fi, Ege Ordusu Komutanl\u0131\u011f\u0131 ve \u0130zmir B\u00fcy\u00fck\u015fehir Belediyesi \u00e7elenkleri Atat\u00fcrk an\u0131t\u0131na b\u0131rak\u0131ld\u0131. \u00c7elenk sunumunun ard\u0131ndan sayg\u0131 duru\u015funda bulunulurken, \u0130stiklal Mar\u015f\u0131  okundu. Mar\u015f okundu\u011fu s\u0131rada T\u00fcrk bayraklar\u0131 g\u00f6ndere \u00e7ekildi.<\/p>\n","protected":false},"excerpt":{"rendered":"<p>30 A\u011eUSTOS ZAFER BAYRAMI, \u0130ZM\u0130R CUMHUR\u0130YET MEYDANI&#8217;NDA \u00c7ELENK SUNMA T\u00d6RENLER\u0130 \u0130LE BA\u015eLADI.<\/p>\n","protected":false},"author":1,"featured_media":0,"comment_status":"closed","ping_status":"open","sticky":false,"template":"","format":"standard","meta":{"jetpack_post_was_ever_published":false,"_jetpack_newsletter_access":"","_jetpack_dont_email_post_to_subs":false,"_jetpack_newsletter_tier_id":0,"_jetpack_memberships_contains_paywalled_content":false,"_jetpack_memberships_contains_paid_content":false,"footnotes":"","jetpack_publicize_message":"","jetpack_publicize_feature_enabled":true,"jetpack_social_post_already_shared":true,"jetpack_social_options":{"image_generator_settings":{"template":"highway","default_image_id":0,"font":"","enabled":false},"version":2}},"categories":[1],"tags":[17970,6193,1554,17842],"class_list":["post-197725","post","type-post","status-publish","format-standard","hentry","category-genel","tag-agustos","tag-bayrami","tag-izmirde","tag-kutlamalari"],"jetpack_publicize_connections":[],"jetpack_featured_media_url":"","jetpack_sharing_enabled":true,"jetpack_shortlink":"https:\/\/wp.me\/paKIfm-Pr7","_links":{"self":[{"href":"http:\/\/www.tvturk.com\/index.php\/wp-json\/wp\/v2\/posts\/197725","targetHints":{"allow":["GET"]}}],"collection":[{"href":"http:\/\/www.tvturk.com\/index.php\/wp-json\/wp\/v2\/posts"}],"about":[{"href":"http:\/\/www.tvturk.com\/index.php\/wp-json\/wp\/v2\/types\/post"}],"author":[{"embeddable":true,"href":"http:\/\/www.tvturk.com\/index.php\/wp-json\/wp\/v2\/users\/1"}],"replies":[{"embeddable":true,"href":"http:\/\/www.tvturk.com\/index.php\/wp-json\/wp\/v2\/comments?post=197725"}],"version-history":[{"count":0,"href":"http:\/\/www.tvturk.com\/index.php\/wp-json\/wp\/v2\/posts\/197725\/revisions"}],"wp:attachment":[{"href":"http:\/\/www.tvturk.com\/index.php\/wp-json\/wp\/v2\/media?parent=197725"}],"wp:term":[{"taxonomy":"category","embeddable":true,"href":"http:\/\/www.tvturk.com\/index.php\/wp-json\/wp\/v2\/categories?post=197725"},{"taxonomy":"post_tag","embeddable":true,"href":"http:\/\/www.tvturk.com\/index.php\/wp-json\/wp\/v2\/tags?post=197725"}],"curies":[{"name":"wp","href":"https:\/\/api.w.org\/{rel}","templated":true}]}}