{"id":197771,"date":"2019-08-30T11:46:37","date_gmt":"2019-08-30T08:46:37","guid":{"rendered":"http:\/\/www.tvturk.com\/index.php\/turgay-erdem-30-agustos-herkesin-bayramidir\/"},"modified":"2019-08-30T11:46:37","modified_gmt":"2019-08-30T08:46:37","slug":"turgay-erdem-30-agustos-herkesin-bayramidir","status":"publish","type":"post","link":"http:\/\/www.tvturk.com\/index.php\/turgay-erdem-30-agustos-herkesin-bayramidir\/","title":{"rendered":"Turgay Erdem: \u201c30 A\u011fustos herkesin bayram\u0131d\u0131r\u201d"},"content":{"rendered":"<p>30 A\u011fustos\u2019ta Zafer Bayram\u0131 t\u00fcm yurtta oldu\u011fu gibi bu y\u0131lda Nil\u00fcfer\u2019de co\u015fkuyla kutland\u0131.<\/p>\n<p>Cumhuriyet Meydan\u0131\u2019ndaki Atat\u00fcrk An\u0131t\u0131 \u00f6n\u00fcnde d\u00fczenlenen t\u00f6rene Nil\u00fcfer Belediye Ba\u015fkan\u0131 Turgay Erdem, CHP Bursa Milletvekilleri Erkan Ayd\u0131n ve Y\u00fcksel \u00d6zkan, CHP Bursa \u0130l Ba\u015fkan\u0131 H\u00fcseyin Akku\u015f, CHP Nil\u00fcfer \u0130l\u00e7e Ba\u015fkan\u0131 \u00d6zer Ana\u00e7, \u0130Y\u0130 Parti Nil\u00fcfer \u0130l\u00e7e Ba\u015fkan\u0131 Levent \u00d6nc\u00fc, belediye meclisi \u00fcyeleri, muhtarlar, sivil toplum \u00f6rg\u00fctlerinin temsilcileri, vatanda\u015flar ve belediye personeli kat\u0131ld\u0131. Atat\u00fcrk An\u0131t\u0131\u2019na \u00e7elenk sunulmas\u0131 ile ba\u015flayan t\u00f6rende, sayg\u0131 duru\u015funda bulunularak \u0130stiklal Mar\u015f\u0131 okundu.<\/p>\n<p>T\u00f6rende konu\u015fan Nil\u00fcfer Belediye Ba\u015fkan\u0131 Turgay Erdem, 30 A\u011fustos\u2019un d\u00fcnyan\u0131n en b\u00fcy\u00fck kahramanl\u0131k destanlar\u0131ndan birinin yaz\u0131ld\u0131\u011f\u0131 tarih oldu\u011funu vurgulad\u0131. 30 A\u011fustos Zafer Bayram\u0131\u2019n\u0131n anlam ve \u00f6nemine de\u011finen Ba\u015fkan Turgay Erdem, \u201cBundan 97 y\u0131l \u00f6nce Mustafa Kemal\u2019in ba\u015fkumandanl\u0131\u011f\u0131nda 26 A\u011fustos\u2019ta ba\u015flay\u0131p, 30 A\u011fustos\u2019ta Dumlup\u0131nar\u2019da zaferle sonu\u00e7lanan B\u00fcy\u00fck Taarruz, sonu\u00e7lar\u0131 itibar\u0131yla \u00e7ok \u00f6nemli bir zaferdir. \u00dclke topraklar\u0131n\u0131n geri al\u0131nd\u0131\u011f\u0131 g\u00fcn\u00fc temsil eden 30 A\u011fustos, T\u00fcrk milletini s\u00f6m\u00fcrge durumuna d\u00fc\u015fmekten kurtaran ve T\u00fcrkiye Cumhuriyeti\u2019nin kurulmas\u0131n\u0131 sa\u011flayan bir zaferdir. 30 A\u011fustos, emperyalizmin pen\u00e7esinde peri\u015fan edilmeye \u00e7al\u0131\u015f\u0131lm\u0131\u015f bir halk\u0131n ayaklar\u0131n\u0131n \u00fcst\u00fcne kalkt\u0131\u011f\u0131 g\u00fcnd\u00fcr. 30 A\u011fustos, k\u00f6y\u00fcnden gelip \u00fcniversitede e\u011fitim alan gencin bayram\u0131d\u0131r. Se\u00e7me ve se\u00e7ilme hakk\u0131n\u0131 kullanan kad\u0131nlar\u0131n bayram\u0131d\u0131r. Milyonlar\u0131 doyurmak i\u00e7in al\u0131n terini topra\u011fa d\u00f6ken k\u00f6yl\u00fcn\u00fcn bayram\u0131d\u0131r. K\u0131sacas\u0131 hepimizin bayram\u0131d\u0131r. O nedenle \u201cZafer Hepimizin\u201d diyoruz ve Zafer Bayram\u0131\u2019n\u0131n 97. y\u0131ld\u00f6n\u00fcm\u00fcnde, ba\u015fta Mustafa Kemal Atat\u00fcrk ve silah arkada\u015flar\u0131 olmak \u00fczere t\u00fcm \u015fehitlerimizi, minnet ve sayg\u0131yla an\u0131yoruz\u201d dedi.<\/p>\n<p>Kurtulu\u015f Sava\u015f\u0131 s\u00fcrecinin, Anadolu co\u011frafyas\u0131 i\u00e7in \u00e7ok zor \u015fartlarda verilen bir ba\u011f\u0131ms\u0131zl\u0131k m\u00fccadelesi oldu\u011funu ifade eden Ba\u015fkan Turgay Erdem, \u201cBu m\u00fccadele ruhu ve Atat\u00fcrk\u2019\u00fcn halk\u0131yla birlikte hayata ge\u00e7irdi\u011fi devrimler, tarih boyunca t\u00fcm ezilmi\u015f halklar\u0131n m\u00fccadelesine de esin kayna\u011f\u0131 oldu. \u00c7a\u011fda\u015f T\u00fcrkiye\u2019nin temellerini olu\u015fturan ilkeleri, bug\u00fcn hala bizlere yol g\u00f6steren bir \u0131\u015f\u0131kt\u0131r ve her zaman da \u00f6yle kalacakt\u0131r. B\u00fct\u00fcn ulusumuzun Zafer Bayram\u0131\u2019n\u0131 kutluyorum\u201d diye konu\u015ftu.<\/p>\n","protected":false},"excerpt":{"rendered":"<p>30 A\u011eUSTOS\u2019TA ZAFER BAYRAMI T\u00dcM YURTTA OLDU\u011eU G\u0130B\u0130 BU YILDA N\u0130L\u00dcFER\u2019DE CO\u015eKUYLA KUTLANDI.<\/p>\n","protected":false},"author":1,"featured_media":0,"comment_status":"closed","ping_status":"open","sticky":false,"template":"","format":"standard","meta":{"jetpack_post_was_ever_published":false,"_jetpack_newsletter_access":"","_jetpack_dont_email_post_to_subs":false,"_jetpack_newsletter_tier_id":0,"_jetpack_memberships_contains_paywalled_content":false,"_jetpack_memberships_contains_paid_content":false,"footnotes":"","jetpack_publicize_message":"","jetpack_publicize_feature_enabled":true,"jetpack_social_post_already_shared":true,"jetpack_social_options":{"image_generator_settings":{"template":"highway","default_image_id":0,"font":"","enabled":false},"version":2}},"categories":[1],"tags":[12077,11674,17970,49702,137,136],"class_list":["post-197771","post","type-post","status-publish","format-standard","hentry","category-genel","tag-12077","tag-herkesin","tag-agustos","tag-bayramidir","tag-erdem","tag-turgay"],"jetpack_publicize_connections":[],"jetpack_featured_media_url":"","jetpack_sharing_enabled":true,"jetpack_shortlink":"https:\/\/wp.me\/paKIfm-PrR","_links":{"self":[{"href":"http:\/\/www.tvturk.com\/index.php\/wp-json\/wp\/v2\/posts\/197771","targetHints":{"allow":["GET"]}}],"collection":[{"href":"http:\/\/www.tvturk.com\/index.php\/wp-json\/wp\/v2\/posts"}],"about":[{"href":"http:\/\/www.tvturk.com\/index.php\/wp-json\/wp\/v2\/types\/post"}],"author":[{"embeddable":true,"href":"http:\/\/www.tvturk.com\/index.php\/wp-json\/wp\/v2\/users\/1"}],"replies":[{"embeddable":true,"href":"http:\/\/www.tvturk.com\/index.php\/wp-json\/wp\/v2\/comments?post=197771"}],"version-history":[{"count":0,"href":"http:\/\/www.tvturk.com\/index.php\/wp-json\/wp\/v2\/posts\/197771\/revisions"}],"wp:attachment":[{"href":"http:\/\/www.tvturk.com\/index.php\/wp-json\/wp\/v2\/media?parent=197771"}],"wp:term":[{"taxonomy":"category","embeddable":true,"href":"http:\/\/www.tvturk.com\/index.php\/wp-json\/wp\/v2\/categories?post=197771"},{"taxonomy":"post_tag","embeddable":true,"href":"http:\/\/www.tvturk.com\/index.php\/wp-json\/wp\/v2\/tags?post=197771"}],"curies":[{"name":"wp","href":"https:\/\/api.w.org\/{rel}","templated":true}]}}