{"id":197777,"date":"2019-08-30T11:47:21","date_gmt":"2019-08-30T08:47:21","guid":{"rendered":"http:\/\/www.tvturk.com\/index.php\/mercedes-amg-petronas-belcikada-zafer-pesinde\/"},"modified":"2019-08-30T11:47:21","modified_gmt":"2019-08-30T08:47:21","slug":"mercedes-amg-petronas-belcikada-zafer-pesinde","status":"publish","type":"post","link":"http:\/\/www.tvturk.com\/index.php\/mercedes-amg-petronas-belcikada-zafer-pesinde\/","title":{"rendered":"Mercedes-AMG Petronas Bel\u00e7ika\u2019da zafer pe\u015finde"},"content":{"rendered":"<p>2019 Formula 1 sezonunun 13\u2019\u00fcnc\u00fc yar\u0131\u015f\u0131 Avusturya Grand Prix\u2019i antrenman turlar\u0131 ile bug\u00fcn resmen ba\u015flayacak. Bel\u00e7ika\u2019da son d\u00f6rt yar\u0131\u015f\u0131n \u00fc\u00e7\u00fcnde zirveyi elde eden, son be\u015f y\u0131l\u0131n markalar \u015fampiyonu Mercedes-AMG Petronas, bir kez daha podyumun en \u00fcst basama\u011f\u0131nda kalmak i\u00e7in m\u00fccadele edecek. Lider Lewis Hamilton, Bel\u00e7ika\u2019daki d\u00f6rd\u00fcnc\u00fc birincili\u011fini ar\u0131yor. Valtteri Bottas ise bu sezonki \u00fc\u00e7\u00fcnc\u00fc galibiyeti i\u00e7in m\u00fccadele edecek.<\/p>\n<p>2019 Formula 1 sezonunun 13\u2019\u00fcnc\u00fc yar\u0131\u015f\u0131 olan Bel\u00e7ika Grand Prix\u2019i, bug\u00fcn yap\u0131lacak antrenman turlar\u0131 ile ba\u015flayacak. Toplam 44 turdan olu\u015fan, 308,052 km\u2019lik yar\u0131\u015f, b\u00fcy\u00fck bir \u00e7eki\u015fmeye sahne olacak. Bel\u00e7ika\u2019da son d\u00f6rt yar\u0131\u015f\u0131n \u00fc\u00e7\u00fcnde zirveyi elde eden, son be\u015f y\u0131l\u0131n markalar \u015fampiyonu Mercedes-AMG Petronas, bir kez daha podyumun en \u00fcst basama\u011f\u0131nda kalmak i\u00e7in m\u00fccadele edecek. Bu sezon 8 yar\u0131\u015f zaferine ula\u015fan lider Lewis Hamilton, Bel\u00e7ika\u2019daki d\u00f6rd\u00fcnc\u00fc birincili\u011fini ar\u0131yor. Valtteri Bottas ise bu sezonki \u00fc\u00e7\u00fcnc\u00fc galibiyeti i\u00e7in m\u00fccadele edecek.<\/p>\n<p>Bel\u00e7ika Grand Prix\u2019i \u00f6ncesinde Mercedes-AMG Petronas 438 puanla markalar s\u0131ralamas\u0131nda liderli\u011fi elinde bulunduruyor. Hamilton, 250 puanla pilotlar s\u0131ralamas\u0131nda lider, Bottas ise 188 puanla ayn\u0131 s\u0131ralamada ikincili\u011fi elinde tutuyor.<\/p>\n<p>Zorlu Temmuz ve A\u011fustos sonras\u0131nda yaz aras\u0131n\u0131n iyi geldi\u011fini belirten Mercedes-Benz Motorsporlar\u0131 Ba\u015fkan\u0131 Toto Wolff, &#8220;Ama yeniden pistte olaca\u011f\u0131m\u0131z i\u00e7in \u00e7ok heyecanl\u0131y\u0131z. Sezonun ikinci yar\u0131s\u0131 i\u00e7in herkes pilleri doldurdu. \u015eu an hem markalar hem de pilotlar s\u0131ralamas\u0131nda lideriz. Yine de kendimizi g\u00fcvende hissetmiyoruz. Ge\u00e7ti\u011fimiz y\u0131llarda yaz aras\u0131ndan sonra olduk\u00e7a iyi performans g\u00f6steren tak\u0131mlara \u015fahit olduk. Bu sebeple kendimizi ve limitlerimizi zorlamaya devam etmeliyiz. Bizim i\u00e7in yeni bir sezon ba\u015fl\u0131yor ve hataya yer yok. \u00d6n\u00fcm\u00fczdeki yar\u0131\u015f, Formula 1\u2019in ikon pisttlerinden Spa\u2019da yap\u0131lacak. Bu pistte do\u011fru ara\u00e7 ayarlar\u0131n\u0131 bulman\u0131z gerekiyor. Hava da \u00e7o\u011fu zaman \u00f6ng\u00f6r\u00fclemiyor. Fakat biz m\u00fccadeleye haz\u0131r\u0131z&#8221; dedi.<\/p>\n","protected":false},"excerpt":{"rendered":"<p>019 FORMULA 1 SEZONUNUN 13&#8217;\u00dcNC\u00dc YARI\u015eI AVUSTURYA GRAND PR\u0130X\u2019\u0130 ANTRENMAN TURLARI \u0130LE BUG\u00dcN RESMEN BA\u015eLAYACAK.<\/p>\n","protected":false},"author":1,"featured_media":0,"comment_status":"closed","ping_status":"open","sticky":false,"template":"","format":"standard","meta":{"jetpack_post_was_ever_published":false,"_jetpack_newsletter_access":"","_jetpack_dont_email_post_to_subs":false,"_jetpack_newsletter_tier_id":0,"_jetpack_memberships_contains_paywalled_content":false,"_jetpack_memberships_contains_paid_content":false,"footnotes":"","jetpack_publicize_message":"","jetpack_publicize_feature_enabled":true,"jetpack_social_post_already_shared":true,"jetpack_social_options":{"image_generator_settings":{"template":"highway","default_image_id":0,"font":"","enabled":false},"version":2}},"categories":[657],"tags":[5836,38269,781,38270,1868],"class_list":["post-197777","post","type-post","status-publish","format-standard","hentry","category-spor","tag-belcikada","tag-mercedes-amg","tag-pesinde","tag-petronas","tag-zafer"],"jetpack_publicize_connections":[],"jetpack_featured_media_url":"","jetpack_sharing_enabled":true,"jetpack_shortlink":"https:\/\/wp.me\/paKIfm-PrX","_links":{"self":[{"href":"http:\/\/www.tvturk.com\/index.php\/wp-json\/wp\/v2\/posts\/197777","targetHints":{"allow":["GET"]}}],"collection":[{"href":"http:\/\/www.tvturk.com\/index.php\/wp-json\/wp\/v2\/posts"}],"about":[{"href":"http:\/\/www.tvturk.com\/index.php\/wp-json\/wp\/v2\/types\/post"}],"author":[{"embeddable":true,"href":"http:\/\/www.tvturk.com\/index.php\/wp-json\/wp\/v2\/users\/1"}],"replies":[{"embeddable":true,"href":"http:\/\/www.tvturk.com\/index.php\/wp-json\/wp\/v2\/comments?post=197777"}],"version-history":[{"count":0,"href":"http:\/\/www.tvturk.com\/index.php\/wp-json\/wp\/v2\/posts\/197777\/revisions"}],"wp:attachment":[{"href":"http:\/\/www.tvturk.com\/index.php\/wp-json\/wp\/v2\/media?parent=197777"}],"wp:term":[{"taxonomy":"category","embeddable":true,"href":"http:\/\/www.tvturk.com\/index.php\/wp-json\/wp\/v2\/categories?post=197777"},{"taxonomy":"post_tag","embeddable":true,"href":"http:\/\/www.tvturk.com\/index.php\/wp-json\/wp\/v2\/tags?post=197777"}],"curies":[{"name":"wp","href":"https:\/\/api.w.org\/{rel}","templated":true}]}}