{"id":197785,"date":"2019-08-30T12:01:51","date_gmt":"2019-08-30T09:01:51","guid":{"rendered":"http:\/\/www.tvturk.com\/index.php\/izmirde-30-agustos-coskuyla-kutlandi\/"},"modified":"2019-08-30T12:01:51","modified_gmt":"2019-08-30T09:01:51","slug":"izmirde-30-agustos-coskuyla-kutlandi","status":"publish","type":"post","link":"http:\/\/www.tvturk.com\/index.php\/izmirde-30-agustos-coskuyla-kutlandi\/","title":{"rendered":"\u0130zmir\u2019de 30 A\u011fustos co\u015fkuyla kutland\u0131"},"content":{"rendered":"<p>\u0130zmir\u2019de 30 A\u011fustos Zafer Bayram\u0131\u2019n\u0131n 97. y\u0131l d\u00f6n\u00fcm\u00fc co\u015fkuyla kutland\u0131.<\/p>\n<p>\u0130zmir\u2019de d\u00fczenlenen 30 A\u011fustos Zafer Bayram\u0131 etkinlikleri, Cumhuriyet Meydan\u0131\u2019ndaki Atat\u00fcrk An\u0131t\u0131\u2019na \u00e7elenk sunumunun ard\u0131ndan kutlama t\u00f6reni ile devam etti. \u0130zmir Valisi Erol Ayy\u0131ld\u0131z, Ege Ordusu Komutan\u0131 Ali Sivri ve \u0130zmir B\u00fcy\u00fck\u015fehir Belediye Ba\u015fkan\u0131 Tun\u00e7 Soyer\u2019in vatanda\u015flar\u0131 selamlamas\u0131n\u0131n ard\u0131ndan bando g\u00f6sterisi ger\u00e7ekle\u015ftirildi. \u0130stiklal Mar\u015f\u0131\u2019n\u0131n okunmas\u0131n\u0131n ard\u0131ndan g\u00fcn\u00fcn anlam ve \u00f6nemine ili\u015fkin Top\u00e7u Y\u00fczba\u015f\u0131 \u0130sa \u00c7oker bir konu\u015fma yapt\u0131. Cumhurba\u015fkan\u0131 Recep Tayyip Erdo\u011fan\u2019\u0131n mesaj\u0131n\u0131n okunmas\u0131n\u0131n ard\u0131ndan k\u00fcrs\u00fcye \u00e7\u0131kan Y\u00fczba\u015f\u0131 \u00c7oker, \u201cAsil T\u00fcrk milleti, kahraman T\u00fcrk ordusu ile birlikte varl\u0131\u011f\u0131na ve vatan\u0131na kast edenlere kar\u015f\u0131 97 y\u0131l \u00f6nce bug\u00fcn kahramanl\u0131k ve \u015feref dolu tarihinden ald\u0131\u011f\u0131 kudretle yeniden dirilerek topyekun bir varolu\u015f m\u00fccadelesi sonucunda e\u015fine tarihte az rastlan\u0131r bir zafer kazanm\u0131\u015ft\u0131r. 26 A\u011fustos\u2019ta Malazgirt Sava\u015f\u0131 ile Anadolu\u2019nun kap\u0131lar\u0131n\u0131 T\u00fcrklere a\u00e7an kahraman ordumuz, 30 A\u011fustos Zaferi ile de T\u00fcrk topraklar\u0131n\u0131n T\u00fcrk vatan\u0131 oldu\u011funu ispatlam\u0131\u015ft\u0131r. Ulu \u00d6nder Mustafa Kemal Atat\u00fcrk\u2019\u00fcn Samsun\u2019a \u00e7\u0131k\u0131\u015f\u0131 ile ilk ad\u0131m\u0131 at\u0131lan T\u00fcrk ulusunun kurtulu\u015f destan\u0131n\u0131n son a\u015famas\u0131 olan 30 A\u011fustos Zaferi ile T\u00fcrk milleti, imkans\u0131zl\u0131klar\u0131n oldu\u011fu bir d\u00f6nemde dahi istiklal ve h\u00fcrriyetinden asla taviz veremeyece\u011fini t\u00fcm d\u00fcnyaya g\u00f6stermi\u015ftir. Aziz yurduna ve ba\u011f\u0131ms\u0131zl\u0131\u011f\u0131na kast eden i\u015fgal kuvvetleri kar\u015f\u0131s\u0131nda T\u00fcrk ordusunun ortaya koydu\u011fu e\u015fsiz bu zaferin her safhas\u0131 tek tek d\u00fc\u015f\u00fcn\u00fclm\u00fc\u015f, haz\u0131rlanm\u0131\u015ft\u0131r. Bu zafer, vatan\u0131 ve ba\u011f\u0131ms\u0131zl\u0131\u011f\u0131 yok edilmek istenen milletimizin kad\u0131n, erkek, gen\u00e7, ya\u015fl\u0131 demeden t\u00fcm fertleri ile birlikte sars\u0131lmaz azim ve iradesi ile verdi\u011fi ya\u015fam m\u00fccadelesinin en b\u00fcy\u00fck g\u00f6stergesidir\u201d dedi.<\/p>\n<p>\u201cRehber olmaya devam edecek\u201d<\/p>\n<p>Top\u00e7u Y\u00fczba\u015f\u0131 \u0130sa \u00c7oker \u015f\u00f6yle devam etti:<\/p>\n<p>\u201cY\u00fcce milletimizin vatan sevgisinin, y\u0131k\u0131lmaz azim ve iradesinin bir eseri olarak ortaya \u00e7\u0131kan bu zaferle sadece d\u00fc\u015fman ma\u011flup edilmemi\u015f, ayn\u0131 zamanda T\u00fcrkiye Cumhuriyeti\u2019nin temelleri at\u0131lm\u0131\u015f, ulusumuzun tam ba\u011f\u0131ms\u0131z ve \u00f6zg\u00fcr ya\u015famas\u0131 i\u00e7in gerekli ko\u015fullar sa\u011flam\u0131\u015ft\u0131r. Y\u00fcce milletimizin h\u00fcrriyet ve istiklali i\u00e7in m\u00fccadele eden, canlar\u0131 pahas\u0131na ba\u011f\u0131ms\u0131z ve \u00f6zg\u00fcr ya\u015fam\u0131m\u0131z\u0131 sa\u011flayan b\u00fcy\u00fck kahramanlara kar\u015f\u0131 en b\u00fcy\u00fck sorumlulu\u011fumuz, T\u00fcrkiye Cumhuriyeti\u2019ni, onun temel de\u011ferlerini, vatan\u0131n b\u00f6l\u00fcnmez b\u00fct\u00fcnl\u00fc\u011f\u00fcn\u00fc, birlik ve beraberli\u011fini korumak ve ya\u015fatmakt\u0131r. Bu sorumlulu\u011fu yerine getirmek, T\u00fcrkiye Cumhuriyeti\u2019nin sonsuza kadar var olmas\u0131n\u0131n en \u00f6nemli ko\u015fuludur. T\u00fcrk Silahl\u0131 Kuvvetlerinin disiplin, \u00fcst\u00fcn vazife anlay\u0131\u015f\u0131 ve damarlar\u0131nda hissetti\u011fi vatan, millet, bayrak sevgisi ile \u00fcstlendi\u011fi her g\u00f6revi ba\u015far\u0131 ile yerine getirece\u011fi milletimizce \u00e7ok iyi bilinmektedir. Milli egemenlik, milli \u015fuur ve tam ba\u011f\u0131ms\u0131z ilkelerine dayanan Atat\u00fcrk ilkeleri bug\u00fcne kadar oldu\u011fu gibi gelecekte de T\u00fcrk Silahl\u0131 Kuvvetlerimize rehber olmaya devam edecektir.\u201d<\/p>\n<p>Konu\u015fmalar\u0131n ard\u0131ndan bando e\u015fli\u011finde ge\u00e7it t\u00f6reni ger\u00e7ekle\u015ftirildi.<\/p>\n","protected":false},"excerpt":{"rendered":"<p>\u0130ZM\u0130R\u2019DE D\u00dcZENLENEN 30 A\u011eUSTOS ZAFER BAYRAMI ETK\u0130NL\u0130KLER\u0130, CUMHUR\u0130YET MEYDANI\u2019NDAK\u0130 ATAT\u00dcRK ANITINA \u00c7ELENK SUNUMUNUN ARDINDAN KUTLAMA T\u00d6REN\u0130 \u0130LE DEVAM ETT\u0130.<\/p>\n","protected":false},"author":1,"featured_media":0,"comment_status":"closed","ping_status":"open","sticky":false,"template":"","format":"standard","meta":{"jetpack_post_was_ever_published":false,"_jetpack_newsletter_access":"","_jetpack_dont_email_post_to_subs":false,"_jetpack_newsletter_tier_id":0,"_jetpack_memberships_contains_paywalled_content":false,"_jetpack_memberships_contains_paid_content":false,"footnotes":"","jetpack_publicize_message":"","jetpack_publicize_feature_enabled":true,"jetpack_social_post_already_shared":true,"jetpack_social_options":{"image_generator_settings":{"template":"highway","default_image_id":0,"font":"","enabled":false},"version":2}},"categories":[1],"tags":[17970,3205,1554,2822],"class_list":["post-197785","post","type-post","status-publish","format-standard","hentry","category-genel","tag-agustos","tag-coskuyla","tag-izmirde","tag-kutlandi"],"jetpack_publicize_connections":[],"jetpack_featured_media_url":"","jetpack_sharing_enabled":true,"jetpack_shortlink":"https:\/\/wp.me\/paKIfm-Ps5","_links":{"self":[{"href":"http:\/\/www.tvturk.com\/index.php\/wp-json\/wp\/v2\/posts\/197785","targetHints":{"allow":["GET"]}}],"collection":[{"href":"http:\/\/www.tvturk.com\/index.php\/wp-json\/wp\/v2\/posts"}],"about":[{"href":"http:\/\/www.tvturk.com\/index.php\/wp-json\/wp\/v2\/types\/post"}],"author":[{"embeddable":true,"href":"http:\/\/www.tvturk.com\/index.php\/wp-json\/wp\/v2\/users\/1"}],"replies":[{"embeddable":true,"href":"http:\/\/www.tvturk.com\/index.php\/wp-json\/wp\/v2\/comments?post=197785"}],"version-history":[{"count":0,"href":"http:\/\/www.tvturk.com\/index.php\/wp-json\/wp\/v2\/posts\/197785\/revisions"}],"wp:attachment":[{"href":"http:\/\/www.tvturk.com\/index.php\/wp-json\/wp\/v2\/media?parent=197785"}],"wp:term":[{"taxonomy":"category","embeddable":true,"href":"http:\/\/www.tvturk.com\/index.php\/wp-json\/wp\/v2\/categories?post=197785"},{"taxonomy":"post_tag","embeddable":true,"href":"http:\/\/www.tvturk.com\/index.php\/wp-json\/wp\/v2\/tags?post=197785"}],"curies":[{"name":"wp","href":"https:\/\/api.w.org\/{rel}","templated":true}]}}