{"id":197791,"date":"2019-08-30T12:16:32","date_gmt":"2019-08-30T09:16:32","guid":{"rendered":"http:\/\/www.tvturk.com\/index.php\/ata-sporlarinin-en-guzel-kareleri-odullendirildi\/"},"modified":"2019-08-30T12:16:32","modified_gmt":"2019-08-30T09:16:32","slug":"ata-sporlarinin-en-guzel-kareleri-odullendirildi","status":"publish","type":"post","link":"http:\/\/www.tvturk.com\/index.php\/ata-sporlarinin-en-guzel-kareleri-odullendirildi\/","title":{"rendered":"Ata sporlar\u0131n\u0131n en g\u00fczel kareleri \u00f6d\u00fcllendirildi"},"content":{"rendered":"<p>Bursa B\u00fcy\u00fck\u015fehir Belediyesi taraf\u0131ndan 4. T\u00fcrk D\u00fcnyas\u0131 Ata Sporlar\u0131 \u015eenli\u011fi \u00e7er\u00e7evesinde d\u00fczenlenen Instagram Foto\u011fraf Yar\u0131\u015fmas\u0131\u2019nda dereceye giren eserlerin sahiplerine \u00f6d\u00fclleri verildi.<\/p>\n<p>Ba\u015fkan Alinur Akta\u015f, 4. T\u00fcrk D\u00fcnyas\u0131 Ata Sporlar\u0131 \u015eenli\u011fi Instagram Foto\u011fraf Yar\u0131\u015fmas\u0131\u2019nda se\u00e7ici kurul \u00fcyeleri olan B\u00fcy\u00fck\u015fehir Belediyesi Bas\u0131n Yay\u0131n ve Halkla \u0130li\u015fkiler Daire Ba\u015fkan\u0131 Ahmet Bayhan, Bursa FotoFest Koordinat\u00f6r\u00fc Murat Ba\u015flar, BUFSAD Ba\u015fkan\u0131 Serpil Yava\u015f, BUFSAD \u00dcyesi Bahar Borazan ve Foto\u011fraf Sanat\u00e7\u0131s\u0131 Fahrettin Beceren\u2019i a\u011f\u0131rlad\u0131. B\u00fcy\u00fck\u015fehir Belediyesi\u2019nde ger\u00e7ekle\u015fen ziyarette, yar\u0131\u015fmada dereceye giren foto\u011fraf sahipleri de haz\u0131r bulundu. 19-21 Temmuz tarihleri aras\u0131nda \u00e7ekilen ve 4. T\u00fcrk D\u00fcnyas\u0131 Ata Sporlar\u0131 \u015eenli\u011fi\u2019ni anlatan 400 foto\u011fraftan 9\u2019u para \u00f6d\u00fcl\u00fcne lay\u0131k g\u00f6r\u00fcld\u00fc. B\u00fcy\u00fck\u015fehir Belediye Ba\u015fkan\u0131 Alinur Akta\u015f, yar\u0131\u015fman\u0131n birincisi olan Muammer \u0130rtem\u2019e 3000, ikincisi olan Ahmet Turan\u2019a 2000 ve \u00fc\u00e7\u00fcnc\u00fcs\u00fc olan Serdar K\u0131ran\u2019a da 1000 TL\u2019lik hediye \u00e7eklerini teslim etti. Yar\u0131\u015fmada mansiyon alan Halit Bozku\u015f, Senol Sevim, Mustafa K\u0131l\u0131\u00e7, \u00dcmit \u00d6zg\u00fcler, Nebiha Bac\u0131o\u011flu ve Ahmet Turan da 250\u2019\u015fer TL\u2019lik para \u00f6d\u00fcl\u00fcne l\u00e2y\u0131k g\u00f6r\u00fcld\u00fc.<\/p>\n<p>B\u00fcy\u00fck\u015fehir Belediye Ba\u015fkan\u0131 Alinur Akta\u015f, yapt\u0131\u011f\u0131 a\u00e7\u0131klamada, 4. T\u00fcrk D\u00fcnyas\u0131 Ata Sporlar\u0131 \u015eenli\u011fi\u2019ni her y\u0131l b\u00fcy\u00fck bir co\u015fkuyla ger\u00e7ekle\u015ftirdiklerini dile getirdi. Keles-Kocayayla\u2019da d\u00fczenlenen etkinli\u011fin unutulmaz anlara neden oldu\u011funu, Osmanl\u0131\u2019n\u0131n do\u011fdu\u011fu ve v\u00fccut buldu\u011fu topraklar\u0131n T\u00fcrk d\u00fcnyas\u0131 i\u00e7in \u00f6nemini bildiklerini ve bu k\u00fclt\u00fcr\u00fc sa\u011fl\u0131kl\u0131 \u015fekilde gelece\u011fe ta\u015f\u0131mak i\u00e7in \u00e7al\u0131\u015ft\u0131klar\u0131n\u0131 ifade eden Ba\u015fkan Akta\u015f, \u201c\u0130n\u015fallah \u00f6n\u00fcm\u00fczdeki y\u0131llarda \u00e7al\u0131\u015fmalar\u0131m\u0131z\u0131 yayg\u0131nla\u015ft\u0131rarak s\u00fcrd\u00fcrece\u011fiz\u201d dedi. Konu\u015fmas\u0131nda \u015fenli\u011fin \u00f6nemli par\u00e7alar\u0131ndan bir tanesinin ya\u015fan\u0131lan g\u00fczel anlar\u0131n foto\u011fraflanmas\u0131 oldu\u011funa de\u011finen Ba\u015fkan Akta\u015f, \u201cBize 900 civar\u0131nda ba\u015fvuru oldu. Ba\u015fvurulardan 500\u2019e yak\u0131n\u0131 \u2018hashtag\u2019 uyumlu olmad\u0131\u011f\u0131 i\u00e7in elendi. 400 civar\u0131ndaki foto\u011fraf de\u011ferlendirmeye al\u0131nd\u0131. Bunlardan en g\u00fczel 9 tanesi bug\u00fcn \u00f6d\u00fcllendirildi\u201ddiye konu\u015ftu. Ba\u015fkan Akta\u015f, etkinli\u011fe kat\u0131lan ve eserleriyle ayr\u0131 bir anlam olu\u015fturan foto\u011fraf sahiplerine te\u015fekk\u00fcr etti.<\/p>\n","protected":false},"excerpt":{"rendered":"<p>BURSA B\u00dcY\u00dcK\u015eEH\u0130R BELED\u0130YES\u0130 TARAFINDAN 4. T\u00dcRK D\u00dcNYASI ATA SPORLARI \u015eENL\u0130\u011e\u0130 \u00c7ER\u00c7EVES\u0130NDE D\u00dcZENLENEN INSTAGRAM FOTO\u011eRAF YARI\u015eMASI\u2019NDA DERECEYE G\u0130REN ESERLER\u0130N SAH\u0130PLER\u0130NE \u00d6D\u00dcLLER\u0130 VER\u0130LD\u0130.<\/p>\n","protected":false},"author":1,"featured_media":0,"comment_status":"closed","ping_status":"open","sticky":false,"template":"","format":"standard","meta":{"jetpack_post_was_ever_published":false,"_jetpack_newsletter_access":"","_jetpack_dont_email_post_to_subs":false,"_jetpack_newsletter_tier_id":0,"_jetpack_memberships_contains_paywalled_content":false,"_jetpack_memberships_contains_paid_content":false,"footnotes":"","jetpack_publicize_message":"","jetpack_publicize_feature_enabled":true,"jetpack_social_post_already_shared":true,"jetpack_social_options":{"image_generator_settings":{"template":"highway","default_image_id":0,"font":"","enabled":false},"version":2}},"categories":[1],"tags":[9026,1019,44834,3223,24813],"class_list":["post-197791","post","type-post","status-publish","format-standard","hentry","category-genel","tag-ata","tag-guzel","tag-kareleri","tag-odullendirildi","tag-sporlarinin"],"jetpack_publicize_connections":[],"jetpack_featured_media_url":"","jetpack_sharing_enabled":true,"jetpack_shortlink":"https:\/\/wp.me\/paKIfm-Psb","_links":{"self":[{"href":"http:\/\/www.tvturk.com\/index.php\/wp-json\/wp\/v2\/posts\/197791","targetHints":{"allow":["GET"]}}],"collection":[{"href":"http:\/\/www.tvturk.com\/index.php\/wp-json\/wp\/v2\/posts"}],"about":[{"href":"http:\/\/www.tvturk.com\/index.php\/wp-json\/wp\/v2\/types\/post"}],"author":[{"embeddable":true,"href":"http:\/\/www.tvturk.com\/index.php\/wp-json\/wp\/v2\/users\/1"}],"replies":[{"embeddable":true,"href":"http:\/\/www.tvturk.com\/index.php\/wp-json\/wp\/v2\/comments?post=197791"}],"version-history":[{"count":0,"href":"http:\/\/www.tvturk.com\/index.php\/wp-json\/wp\/v2\/posts\/197791\/revisions"}],"wp:attachment":[{"href":"http:\/\/www.tvturk.com\/index.php\/wp-json\/wp\/v2\/media?parent=197791"}],"wp:term":[{"taxonomy":"category","embeddable":true,"href":"http:\/\/www.tvturk.com\/index.php\/wp-json\/wp\/v2\/categories?post=197791"},{"taxonomy":"post_tag","embeddable":true,"href":"http:\/\/www.tvturk.com\/index.php\/wp-json\/wp\/v2\/tags?post=197791"}],"curies":[{"name":"wp","href":"https:\/\/api.w.org\/{rel}","templated":true}]}}