{"id":197805,"date":"2019-08-30T12:31:57","date_gmt":"2019-08-30T09:31:57","guid":{"rendered":"http:\/\/www.tvturk.com\/index.php\/30-agustos-zafer-bayrami-gosterilerine-egitimli-kopeklerin-gosterisi-damga-vurdu\/"},"modified":"2019-08-30T12:31:57","modified_gmt":"2019-08-30T09:31:57","slug":"30-agustos-zafer-bayrami-gosterilerine-egitimli-kopeklerin-gosterisi-damga-vurdu","status":"publish","type":"post","link":"http:\/\/www.tvturk.com\/index.php\/30-agustos-zafer-bayrami-gosterilerine-egitimli-kopeklerin-gosterisi-damga-vurdu\/","title":{"rendered":"30 A\u011fustos Zafer Bayram\u0131 g\u00f6sterilerine e\u011fitimli k\u00f6peklerin g\u00f6sterisi damga vurdu"},"content":{"rendered":"<p>30 A\u011fustos Zafer Bayram\u0131 dolay\u0131s\u0131yla Nev\u015fehir\u2019de d\u00fczenlenen kutlama programlar\u0131na Jandarma At ve K\u00f6pek E\u011fitim Merkezi\u2019nde(JAKEM) e\u011fitim g\u00f6ren k\u00f6peklerin g\u00f6sterileri damga vurdu.<\/p>\n<p>Nev\u015fehir\u2019de d\u00fczenlenen 30 A\u011fustos Zafer Bayram\u0131 kutlama etkinlikleri Gen\u00e7lik ve Spor \u0130l M\u00fcd\u00fcrl\u00fc\u011f\u00fc kompleksi i\u00e7erisinde bulunan \u00e7im futbol sahas\u0131nda ger\u00e7ekle\u015fti. Program sayg\u0131 duru\u015fu ve \u0130stiklal Mar\u015f\u0131\u2019n\u0131n okunmas\u0131yla ba\u015flarken daha sonra ise Nev\u015fehir Valisi \u0130lhami Akta\u015f ve Nev\u015fehir Belediye Ba\u015fkan Vekili Ersan Erkut halk\u0131n bayram\u0131n\u0131 kutlad\u0131. Program halk oyunlar\u0131 ve \u00f6\u011frencilerin \u015fiir okumas\u0131yla devam etti.<\/p>\n<p>30 A\u011fustos Zafer Bayram\u0131 kutlama program\u0131 JAKEM Komutanl\u0131\u011f\u0131na ba\u011fl\u0131 e\u011fitimli k\u00f6peklerin g\u00f6sterileri ile devam ederken e\u011fitimli k\u00f6pekler, uyu\u015fturucu madde bulma, canl\u0131 insan arama g\u00f6sterilerinin yan\u0131 s\u0131ra \u015f\u0131nav, mekik, komando dans\u0131 yapmalar\u0131 program\u0131 izleyenler taraf\u0131ndan b\u00fcy\u00fck alk\u0131\u015f ald\u0131. Program\u0131n son b\u00f6l\u00fcm\u00fcnde ise e\u011fitimli k\u00f6pekler taraf\u0131ndan rehine kurtarma operasyonunun d\u00fczenlenmesiyle sona erdi.<\/p>\n<p>Nev\u015fehir\u2019de d\u00fczenlenen kutlama program\u0131na Nev\u015fehir Valisi \u0130lhami Akta\u015f, CHP Nev\u015fehir milletvekili Faruk Sar\u0131aslan, Nev\u015fehir Belediye Ba\u015fkan Vekili Ersan Erkut\u2019un yan\u0131 s\u0131ra protokol \u00fcyeleri ve vatanda\u015flar kat\u0131ld\u0131.<\/p>\n","protected":false},"excerpt":{"rendered":"<p>30 A\u011eUSTOS ZAFER BAYRAMI DOLAYISIYLA NEV\u015eEH\u0130R\u2019DE D\u00dcZENLENEN KUTLAMA PROGRAMLARINA JANDARMA AT VE K\u00d6PEK E\u011e\u0130T\u0130M MERKEZ\u0130\u2019NDE(JAKEM) E\u011e\u0130T\u0130M G\u00d6REN K\u00d6PEKLER\u0130N G\u00d6STER\u0130LER\u0130 DAMGA VURDU.<\/p>\n","protected":false},"author":1,"featured_media":0,"comment_status":"closed","ping_status":"open","sticky":false,"template":"","format":"standard","meta":{"jetpack_post_was_ever_published":false,"_jetpack_newsletter_access":"","_jetpack_dont_email_post_to_subs":false,"_jetpack_newsletter_tier_id":0,"_jetpack_memberships_contains_paywalled_content":false,"_jetpack_memberships_contains_paid_content":false,"footnotes":"","jetpack_publicize_message":"","jetpack_publicize_feature_enabled":true,"jetpack_social_post_already_shared":true,"jetpack_social_options":{"image_generator_settings":{"template":"highway","default_image_id":0,"font":"","enabled":false},"version":2}},"categories":[1],"tags":[17970,6193,2179,23096,40909,7604,4626,2180,1868],"class_list":["post-197805","post","type-post","status-publish","format-standard","hentry","category-genel","tag-agustos","tag-bayrami","tag-damga","tag-egitimli","tag-gosterilerine","tag-gosterisi","tag-kopeklerin","tag-vurdu","tag-zafer"],"jetpack_publicize_connections":[],"jetpack_featured_media_url":"","jetpack_sharing_enabled":true,"jetpack_shortlink":"https:\/\/wp.me\/paKIfm-Psp","_links":{"self":[{"href":"http:\/\/www.tvturk.com\/index.php\/wp-json\/wp\/v2\/posts\/197805","targetHints":{"allow":["GET"]}}],"collection":[{"href":"http:\/\/www.tvturk.com\/index.php\/wp-json\/wp\/v2\/posts"}],"about":[{"href":"http:\/\/www.tvturk.com\/index.php\/wp-json\/wp\/v2\/types\/post"}],"author":[{"embeddable":true,"href":"http:\/\/www.tvturk.com\/index.php\/wp-json\/wp\/v2\/users\/1"}],"replies":[{"embeddable":true,"href":"http:\/\/www.tvturk.com\/index.php\/wp-json\/wp\/v2\/comments?post=197805"}],"version-history":[{"count":0,"href":"http:\/\/www.tvturk.com\/index.php\/wp-json\/wp\/v2\/posts\/197805\/revisions"}],"wp:attachment":[{"href":"http:\/\/www.tvturk.com\/index.php\/wp-json\/wp\/v2\/media?parent=197805"}],"wp:term":[{"taxonomy":"category","embeddable":true,"href":"http:\/\/www.tvturk.com\/index.php\/wp-json\/wp\/v2\/categories?post=197805"},{"taxonomy":"post_tag","embeddable":true,"href":"http:\/\/www.tvturk.com\/index.php\/wp-json\/wp\/v2\/tags?post=197805"}],"curies":[{"name":"wp","href":"https:\/\/api.w.org\/{rel}","templated":true}]}}