{"id":197855,"date":"2019-08-30T14:01:54","date_gmt":"2019-08-30T11:01:54","guid":{"rendered":"http:\/\/www.tvturk.com\/index.php\/antalyada-acil-cagri-merkezine-ilk-6-ayda-gunluk-5-bin-842-cagri-geldi\/"},"modified":"2019-08-30T14:01:54","modified_gmt":"2019-08-30T11:01:54","slug":"antalyada-acil-cagri-merkezine-ilk-6-ayda-gunluk-5-bin-842-cagri-geldi","status":"publish","type":"post","link":"http:\/\/www.tvturk.com\/index.php\/antalyada-acil-cagri-merkezine-ilk-6-ayda-gunluk-5-bin-842-cagri-geldi\/","title":{"rendered":"Antalya\u2019da Acil \u00c7a\u011fr\u0131 Merkezine ilk 6 ayda g\u00fcnl\u00fck 5 bin 842 \u00e7a\u011fr\u0131 geldi"},"content":{"rendered":"<p>Antalya \u0130l Sa\u011fl\u0131k M\u00fcd\u00fcr\u00fc \u00dcnal H\u00fcl\u00fcr, 2019\u2019un ilk 6 ay\u0131nda 112\u2019ye gelen \u00e7a\u011fr\u0131 verilerini a\u00e7\u0131klad\u0131. H\u00fcl\u00fcr, &#8220;Toplam 1 milyon 51 bin 730 \u00e7a\u011fr\u0131 geldi bunlardan 212 bin 388 \u00e7a\u011fr\u0131 sa\u011fl\u0131\u011fa aktar\u0131ld\u0131. 2019 y\u0131l\u0131nda ilk 6 ayda 68 bin 33 adet vaka i\u00e7in \u00e7\u0131k\u0131\u015f yap\u0131lm\u0131\u015ft\u0131r. Kentsel Vaka Ula\u015f\u0131m Oran\u0131 91,75 K\u0131rsal Vaka Ula\u015f\u0131m Oran\u0131 91 olarak belirlendi&#8221; dedi.<\/p>\n<p>\u0130l Sa\u011fl\u0131k M\u00fcd\u00fcr\u00fc \u00dcnal H\u00fcl\u00fcr Acil Sa\u011fl\u0131k Hizmetleriyle ilgili a\u00e7\u0131klamada bulundu. H\u00fcl\u00fcr, Antalya\u2019da 61 adet faal Acil Sa\u011fl\u0131k Hizmetleri \u0130stasyonunun g\u00f6rev yapt\u0131\u011f\u0131n\u0131 24 adet istasyonun merkezde, 36 adedinin il\u00e7elerde konu\u015flanm\u0131\u015f durumda oldu\u011fu bilgisini verdi. 60\u2019\u0131 faal 25\u2019i yedek olmak \u00fczere 85 adet kara ambulans\u0131, 2 adet 4&#215;4 kar paletli ambulans, 2 d\u00f6rt sedyeli, 1 obez ve yo\u011fun bak\u0131m ve 3 motosiklet ambulans olmak \u00fczere 93 adet ambulans oldu\u011funu aktaran H\u00fcl\u00fcr, 3 ambulans\u0131n devlet hastanelerinde g\u00f6revli oldu\u011funu ayr\u0131ca bir helikopter ambulans\u0131n da Antakya\u2019da yer ald\u0131\u011f\u0131n\u0131 belirtti.<\/p>\n<p>H\u00fcl\u00fcr, \u0130l Sa\u011fl\u0131k M\u00fcd\u00fcrl\u00fc\u011f\u00fcne ba\u011fl\u0131 olarak hizmet veren \u0130l Ambulans Servisi Ba\u015fhekimli\u011finde 50 doktor, 271 paramedik, 474 ATT, 7 hem\u015fire, 2 sa\u011fl\u0131k memuru, 14 \u015fof\u00f6r, 110 s\u00fcrekli i\u015f\u00e7i \u015fof\u00f6r, 33 di\u011fer personel olmak \u00fczere toplam 961 personelin g\u00f6rev yapt\u0131\u011f\u0131n\u0131 a\u00e7\u0131klad\u0131.<\/p>\n<p>&#8220;2019\u2019un ilk 6 ay\u0131nda 68 bin vakaya gidildi&#8221;<\/p>\n<p>112 Acil \u00c7a\u011fr\u0131 Merkezine gelen \u00e7a\u011fr\u0131larla ilgili verileri de payla\u015fan H\u00fcl\u00fcr, 2018 y\u0131l\u0131nda 112\u2019ye toplam 2 milyon 163 bin 630 \u00e7a\u011fr\u0131 geldi\u011fini ve 440 bin 217 \u00e7a\u011fr\u0131n\u0131n sa\u011fl\u0131\u011fa aktar\u0131ld\u0131\u011f\u0131n\u0131 kaydetti. Di\u011fer yandan veriler kapsam\u0131nda 2018 y\u0131l\u0131nda 140 bin 859 adet vaka i\u00e7in \u00e7\u0131k\u0131\u015f yap\u0131ld\u0131. Kentsel Vaka Ula\u015f\u0131m Oran\u0131 89,68 K\u0131rsal Vaka Ula\u015f\u0131m Oran\u0131 90,89 olarak belirlendi. 2018 y\u0131l\u0131 helikopter ambulansla 193, u\u00e7ak ambulansla 34 vakaya m\u00fcdahale edildi.<\/p>\n<p>2019 verileri kapsam\u0131nda ilk 6 ayda 112\u2019ye toplam 1 milyon 51 bin 730 \u00e7a\u011fr\u0131 geldi, g\u00fcnl\u00fck 5 bin 842 \u00e7a\u011fr\u0131n\u0131n 212 bin 388\u2019i sa\u011fl\u0131\u011fa aktar\u0131ld\u0131. 2019 y\u0131l\u0131nda ilk 6 ayda 68 bin 33 adet vaka i\u00e7in \u00e7\u0131k\u0131\u015f yap\u0131lm\u0131\u015ft\u0131r. Kentsel Vaka Ula\u015f\u0131m Oran\u0131 91,75 K\u0131rsal Vaka Ula\u015f\u0131m Oran\u0131 91 olarak belirlendi. Yine 2019 y\u0131l\u0131 helikopter ambulansla ilk 6 ay 97, u\u00e7ak ambulansla ilk 6 ay 5 vakaya m\u00fcdahale edildi.<\/p>\n<p>&#8220;\u00c7a\u011fr\u0131 merkezinden ilk yard\u0131m talimat\u0131 verilebiliyor&#8221;<\/p>\n<p>Sa\u011fl\u0131k kurumuna aktar\u0131lan \u00e7a\u011fr\u0131lar\u0131n, \u00e7a\u011fr\u0131 y\u00f6nlendirici sa\u011fl\u0131k personeli ve gerekirse dan\u0131\u015fman hekim taraf\u0131ndan de\u011ferlendirilerek acil kapsam\u0131nda olanlara ambulans y\u00f6nlendirildi\u011fini ifade eden H\u00fcl\u00fcr, &#8220;Acil yard\u0131m ambulans\u0131 gerekmeyen g\u00f6r\u00fc\u015fmelerde uygun \u00f6nerilerde bulunulmaktad\u0131r. G\u00f6r\u00fc\u015fmeyi yapan sa\u011fl\u0131k personelinin sorular\u0131na sakin kal\u0131narak, net yan\u0131tlar verilmesi, konunun anla\u015f\u0131lmas\u0131n\u0131 ve dolay\u0131s\u0131yla ambulans\u0131n daha k\u0131sa s\u00fcrede adrese ula\u015fmas\u0131n\u0131 sa\u011flayacakt\u0131r. Ayr\u0131ca ambulans ekibi adrese do\u011fru seyir halindeyken telefondaki profesyonel sa\u011fl\u0131k personeli taraf\u0131ndan gerekirse ambulans adrese ula\u015fana dek hastaya yararl\u0131 olabilecek gerekli t\u0131bbi dan\u0131\u015fmanl\u0131k ve ilk yard\u0131m talimatlar\u0131 verilebilmektedir. Sa\u011fl\u0131k Bakanl\u0131\u011f\u0131n\u0131n buna y\u00f6nelik ba\u015flatt\u0131\u011f\u0131 \u00e7al\u0131\u015fma kapsam\u0131nda Antalya ili pilot il olarak belirlenmi\u015ftir. Acil \u00c7a\u011fr\u0131 Merkezinde \u0130ngilizce, Rus\u00e7a ve Almanca dillerinde yap\u0131lan \u00e7a\u011fr\u0131lar\u0131 kar\u015f\u0131layan 7 valilik personeli bulunmaktad\u0131r. Arap\u00e7a \u00e7a\u011fr\u0131larda Ankara 112 ile ba\u011flant\u0131 kurulmaktad\u0131r&#8221; dedi.<\/p>\n","protected":false},"excerpt":{"rendered":"<p>ANTALYA \u0130L SA\u011eLIK M\u00dcD\u00dcR\u00dc \u00dcNAL H\u00dcL\u00dcR, &#8220;\u0130LK 6 AYDA 112\u2019YE TOPLAM 1 M\u0130LYON 51 B\u0130N 730 \u00c7A\u011eRI GELD\u0130 BUNLARDAN 212 B\u0130N 388 \u00c7A\u011eRI SA\u011eLI\u011eA AKTARILDI. 2019 YILINDA \u0130LK 6 AYDA 68 B\u0130N 33 ADET VAKA \u0130\u00c7\u0130N \u00c7IKI\u015e YAPILMI\u015eTIR. KENTSEL VAKA ULA\u015eIM ORANI 91,75 KIRSAL VAKA ULA\u015eIM ORANI 91 OLARAK BEL\u0130RLEND\u0130&#8221; DED\u0130.<\/p>\n","protected":false},"author":1,"featured_media":0,"comment_status":"closed","ping_status":"open","sticky":false,"template":"","format":"standard","meta":{"jetpack_post_was_ever_published":false,"_jetpack_newsletter_access":"","_jetpack_dont_email_post_to_subs":false,"_jetpack_newsletter_tier_id":0,"_jetpack_memberships_contains_paywalled_content":false,"_jetpack_memberships_contains_paid_content":false,"footnotes":"","jetpack_publicize_message":"","jetpack_publicize_feature_enabled":true,"jetpack_social_post_already_shared":true,"jetpack_social_options":{"image_generator_settings":{"template":"highway","default_image_id":0,"font":"","enabled":false},"version":2}},"categories":[1],"tags":[48372,7016,1327,1164,213,1054,127,891,37,631],"class_list":["post-197855","post","type-post","status-publish","format-standard","hentry","category-genel","tag-48372","tag-acil","tag-antalyada","tag-ayda","tag-bin","tag-cagri","tag-geldi","tag-gunluk","tag-ilk","tag-merkezine"],"jetpack_publicize_connections":[],"jetpack_featured_media_url":"","jetpack_sharing_enabled":true,"jetpack_shortlink":"https:\/\/wp.me\/paKIfm-Ptd","_links":{"self":[{"href":"http:\/\/www.tvturk.com\/index.php\/wp-json\/wp\/v2\/posts\/197855","targetHints":{"allow":["GET"]}}],"collection":[{"href":"http:\/\/www.tvturk.com\/index.php\/wp-json\/wp\/v2\/posts"}],"about":[{"href":"http:\/\/www.tvturk.com\/index.php\/wp-json\/wp\/v2\/types\/post"}],"author":[{"embeddable":true,"href":"http:\/\/www.tvturk.com\/index.php\/wp-json\/wp\/v2\/users\/1"}],"replies":[{"embeddable":true,"href":"http:\/\/www.tvturk.com\/index.php\/wp-json\/wp\/v2\/comments?post=197855"}],"version-history":[{"count":0,"href":"http:\/\/www.tvturk.com\/index.php\/wp-json\/wp\/v2\/posts\/197855\/revisions"}],"wp:attachment":[{"href":"http:\/\/www.tvturk.com\/index.php\/wp-json\/wp\/v2\/media?parent=197855"}],"wp:term":[{"taxonomy":"category","embeddable":true,"href":"http:\/\/www.tvturk.com\/index.php\/wp-json\/wp\/v2\/categories?post=197855"},{"taxonomy":"post_tag","embeddable":true,"href":"http:\/\/www.tvturk.com\/index.php\/wp-json\/wp\/v2\/tags?post=197855"}],"curies":[{"name":"wp","href":"https:\/\/api.w.org\/{rel}","templated":true}]}}