{"id":197892,"date":"2019-08-30T15:02:01","date_gmt":"2019-08-30T12:02:01","guid":{"rendered":"http:\/\/www.tvturk.com\/index.php\/fetih-senliklerinin-en-iyi-kareleri-odullendirildi\/"},"modified":"2019-08-30T15:02:01","modified_gmt":"2019-08-30T12:02:01","slug":"fetih-senliklerinin-en-iyi-kareleri-odullendirildi","status":"publish","type":"post","link":"http:\/\/www.tvturk.com\/index.php\/fetih-senliklerinin-en-iyi-kareleri-odullendirildi\/","title":{"rendered":"Fetih \u015fenliklerinin en iyi kareleri \u00f6d\u00fcllendirildi"},"content":{"rendered":"<p>Osmangazi Belediyesi taraf\u0131ndan bu y\u0131l 15\u2019ncisi d\u00fczenlenen Osman Gazi\u2019yi Anma ve Bursa\u2019n\u0131n Fethi \u015eenlikleri \u00e7er\u00e7evesinde ger\u00e7ekle\u015ftirilen foto\u011fraf yar\u0131\u015fmas\u0131nda dereceye giren yar\u0131\u015fmac\u0131lara \u00f6d\u00fclleri takdim edildi.<\/p>\n<p>Osman Gazi\u2019yi Anma ve Bursa\u2019n\u0131n Fetih \u015eenlikleri\u2019nin en iyi karelerinin belirlendi\u011fi foto\u011fraf yar\u0131\u015fmas\u0131na 42 ki\u015fi toplam 204 eserle kat\u0131ld\u0131. Nisan ay\u0131 boyunca ger\u00e7ekle\u015ftirilen faaliyetlerde \u00e7ekilen foto\u011fraflar, j\u00fcri \u00fcyeleri G\u00fcrsel Egemen Ergin, Kemal Kaya, Leyla Emektar, Samet Do\u011fru ve Mehmet Uzun taraf\u0131ndan de\u011ferlendirildi. Yap\u0131lan de\u011ferlendirme sonucu So\u011fanl\u0131 K\u00fclt\u00fcr Merkezi\u2019nde d\u00fczenlenen \u00f6d\u00fcl t\u00f6reni Osmangazi Belediye Ba\u015fkan\u0131 Mustafa D\u00fcndar\u2019\u0131n yan\u0131 s\u0131ra belediye ba\u015fkan yard\u0131mc\u0131lar\u0131, meclis \u00fcyeleri ve foto\u011fraf sanat\u00e7\u0131lar\u0131n\u0131n i\u015ftirakiyle yap\u0131ld\u0131.<\/p>\n<p>Geleneksel h\u00e2le gelen Fetih \u015eenlikleri\u2019nin bu y\u0131l da co\u015fkulu bir \u015fekilde ge\u00e7ti\u011fini ifade eden Osmangazi Belediye Ba\u015fkan\u0131 Mustafa D\u00fcndar, \u201cNisan ay\u0131 boyunca d\u00fczenledi\u011fimiz \u015fenliklerimiz sempozyum, k\u00f6y \u015fenli\u011fi, fetih y\u00fcr\u00fcy\u00fc\u015f\u00fc, tarihi kent ko\u015fusu ve foto\u011fraf yar\u0131\u015fmas\u0131yla olduk\u00e7a kapsaml\u0131 bir etkinlik oluyor. 693 y\u0131l \u00f6nce temelleri at\u0131lan fethin, bug\u00fcn h\u00e2l\u00e2 kutlanmas\u0131 olduk\u00e7a \u00f6nemli. Bu anlamda vatanda\u015flar\u0131m\u0131z\u0131n ilgisinin giderek art\u0131yor olmas\u0131 bizleri mutlu ediyor. Ayn\u0131 zamanda d\u00fczenledi\u011fimiz foto\u011fraf yar\u0131\u015fmas\u0131, \u015fenliklerin belle\u011finin olu\u015fturulmas\u0131 ve gelecek ku\u015faklara aktar\u0131lmas\u0131na yard\u0131mc\u0131 oluyor. Foto\u011fraf\u0131n ifade g\u00fcc\u00fcn\u00fc kullanarak \u00f6zenli \u00e7al\u0131\u015fmalar elde ediliyor. Kat\u0131lan herkesi tebrik ediyor ve ba\u015far\u0131lar diliyorum\u201d dedi.<\/p>\n<p>J\u00fcri \u00fcyesi G\u00fcrsel Egemen Ergin ise foto\u011fraflar\u0131n kalitesinin giderek artt\u0131\u011f\u0131n\u0131 belirterek, b\u00f6ylesine g\u00fczel bir f\u0131rsat\u0131 foto\u011fraf sanat\u00e7\u0131lar\u0131na sundu\u011fu i\u00e7in Osmangazi Belediye Ba\u015fkan\u0131 Mustafa D\u00fcndar\u2019a te\u015fekk\u00fcr etti.<\/p>\n<p>Konu\u015fmalar\u0131n\u0131n ard\u0131ndan dereceye giren yar\u0131\u015fmac\u0131lara \u00f6d\u00fclleri Ba\u015fkan D\u00fcndar taraf\u0131ndan takdim edildi. Yar\u0131\u015fmada birincilik ba\u015far\u0131s\u0131n\u0131 elde eden \u0130brahim Demirel\u2019e 4 bin, ikinci O\u011fuz Korkmaz\u2019a 3 bin, \u00fc\u00e7\u00fcnc\u00fc Halit Bozku\u015f\u2019a 2 bin, mansiyonlar Caner Ba\u015fer ve \u0130sa C\u0131da\u2019ya ise 500 TL \u00f6d\u00fcl verildi. Ayn\u0131 zamanda kat\u0131l\u0131mc\u0131lar, toplam 33 eserin yer ald\u0131\u011f\u0131 sergiyi gezdi.<\/p>\n","protected":false},"excerpt":{"rendered":"<p>OSMANGAZ\u0130 BELED\u0130YES\u0130 TARAFINDAN BU YIL 15\u2019NC\u0130S\u0130 D\u00dcZENLENEN OSMAN GAZ\u0130\u2019Y\u0130 ANMA VE BURSA\u2019NIN FETH\u0130 \u015eENL\u0130KLER\u0130 \u00c7ER\u00c7EVES\u0130NDE GER\u00c7EKLE\u015eT\u0130R\u0130LEN FOTO\u011eRAF YARI\u015eMASINDA DERECEYE G\u0130REN YARI\u015eMACILARA \u00d6D\u00dcLLER\u0130 TAKD\u0130M ED\u0130LD\u0130.<\/p>\n","protected":false},"author":1,"featured_media":0,"comment_status":"closed","ping_status":"open","sticky":false,"template":"","format":"standard","meta":{"jetpack_post_was_ever_published":false,"_jetpack_newsletter_access":"","_jetpack_dont_email_post_to_subs":false,"_jetpack_newsletter_tier_id":0,"_jetpack_memberships_contains_paywalled_content":false,"_jetpack_memberships_contains_paid_content":false,"footnotes":"","jetpack_publicize_message":"","jetpack_publicize_feature_enabled":true,"jetpack_social_post_already_shared":true,"jetpack_social_options":{"image_generator_settings":{"template":"highway","default_image_id":0,"font":"","enabled":false},"version":2}},"categories":[1],"tags":[12420,1552,44834,3223,34421],"class_list":["post-197892","post","type-post","status-publish","format-standard","hentry","category-genel","tag-fetih","tag-iyi","tag-kareleri","tag-odullendirildi","tag-senliklerinin"],"jetpack_publicize_connections":[],"jetpack_featured_media_url":"","jetpack_sharing_enabled":true,"jetpack_shortlink":"https:\/\/wp.me\/paKIfm-PtO","_links":{"self":[{"href":"http:\/\/www.tvturk.com\/index.php\/wp-json\/wp\/v2\/posts\/197892","targetHints":{"allow":["GET"]}}],"collection":[{"href":"http:\/\/www.tvturk.com\/index.php\/wp-json\/wp\/v2\/posts"}],"about":[{"href":"http:\/\/www.tvturk.com\/index.php\/wp-json\/wp\/v2\/types\/post"}],"author":[{"embeddable":true,"href":"http:\/\/www.tvturk.com\/index.php\/wp-json\/wp\/v2\/users\/1"}],"replies":[{"embeddable":true,"href":"http:\/\/www.tvturk.com\/index.php\/wp-json\/wp\/v2\/comments?post=197892"}],"version-history":[{"count":0,"href":"http:\/\/www.tvturk.com\/index.php\/wp-json\/wp\/v2\/posts\/197892\/revisions"}],"wp:attachment":[{"href":"http:\/\/www.tvturk.com\/index.php\/wp-json\/wp\/v2\/media?parent=197892"}],"wp:term":[{"taxonomy":"category","embeddable":true,"href":"http:\/\/www.tvturk.com\/index.php\/wp-json\/wp\/v2\/categories?post=197892"},{"taxonomy":"post_tag","embeddable":true,"href":"http:\/\/www.tvturk.com\/index.php\/wp-json\/wp\/v2\/tags?post=197892"}],"curies":[{"name":"wp","href":"https:\/\/api.w.org\/{rel}","templated":true}]}}