{"id":197896,"date":"2019-08-30T15:02:55","date_gmt":"2019-08-30T12:02:55","guid":{"rendered":"http:\/\/www.tvturk.com\/index.php\/5-bin-yillik-kultur-vadisi-sille\/"},"modified":"2019-08-30T15:02:55","modified_gmt":"2019-08-30T12:02:55","slug":"5-bin-yillik-kultur-vadisi-sille","status":"publish","type":"post","link":"http:\/\/www.tvturk.com\/index.php\/5-bin-yillik-kultur-vadisi-sille\/","title":{"rendered":"5 bin y\u0131ll\u0131k k\u00fclt\u00fcr vadisi \u2019Sille\u2019"},"content":{"rendered":"<p>5 bin y\u0131ll\u0131k tarihi ge\u00e7mi\u015fe sahip olan Konya\u2019n\u0131n Sel\u00e7uklu il\u00e7esinde bulunan Sille Mahallesi, ziyaret\u00e7ilerin tercih noktas\u0131 oldu. Tarihte bir\u00e7ok medeniyete ev sahipli\u011fi yapan Sille, turizme a\u00e7\u0131larak kente katk\u0131 sa\u011flamay\u0131 bekliyor.<\/p>\n<p>Konya\u2019n\u0131n Sel\u00e7uklu il\u00e7esinde bulunan tarihi K\u00fclt\u00fcr Vadisi olarak bilinen Sille Cami, han, hamam ve kiliseler ile ziyaret\u00e7ilerin ilgi oda\u011f\u0131 oluyor. Ge\u00e7mi\u015fi 5 bin y\u0131lla kadar dayanan, Roma, Bizans, Sel\u00e7uklu ve Osmanl\u0131 d\u00f6neminden kalma eserler, tarihi k\u00fclt\u00fcr vadisi Sille\u2019nin vatanda\u015flar taraf\u0131ndan tercih y\u00f6nlerini artt\u0131r\u0131yor. Yakla\u015f\u0131k 10 y\u0131l \u00f6nce yap\u0131lan restore \u00e7al\u0131\u015fma sonras\u0131 mahalledeki tarihi g\u00fczellikler \u00f6n plana \u00e7\u0131kart\u0131ld\u0131. Y\u0131llard\u0131r mahallede \u00e7\u00f6mlek, hal\u0131 ve mum gibi sanatlar a\u00e7\u0131s\u0131ndan da zengin bir mekan olan ve farkl\u0131 k\u00fclt\u00fcrlerin etkisinde olan Sille, yerli ve yabanc\u0131 turistlerin ilgi g\u00f6sterdi\u011fi bir vadi haline geldi.<\/p>\n<p>Sille Mahallesi Muhtar\u0131 Mevl\u00fct Aksoy, &#8220;Buraya gelen vatanda\u015flar bize \u00e7ok g\u00fczel oldu\u011funu s\u00f6yl\u00fcyorlar. B\u00f6yle bir k\u00fclt\u00fcr vadisinin oldu\u011funu bilmediklerini s\u00f6yleyenler de oluyor. Malum, 5 bin y\u0131ll\u0131k tarihe sahip, bu y\u0131llar boyunca insanlar gelmi\u015f ge\u00e7mi\u015f. Burada bu y\u00fcz y\u0131llara \u015fahitlik etmi\u015f 7 cami, 7 kilise, 7 tane \u00e7e\u015fme mevcut. T\u00fcm bu cami, kilise ve hamamlarda restorasyon \u00e7al\u0131\u015fmas\u0131 yap\u0131ld\u0131. Dolas\u0131yla bir k\u00fclt\u00fcr vadisi haline gelmi\u015f durumda&#8221; dedi.<\/p>\n<p>Yabanc\u0131 turistlerin b\u00f6lgeye gelmesinin \u00f6nemli bir kademe oldu\u011funu belirten Sille Mahallesi Muhtar\u0131 Aksoy, &#8220;Mahallemizin \u00e7ar\u015f\u0131 caddesi ara\u00e7 trafi\u011fine kapal\u0131d\u0131r. Burada bir tane araba sesi duyamay\u0131z. Vatanda\u015flar\u0131n \u00e7o\u011funlukla tercih etmelerinin sebepleri hem asfalt de\u011fil, s\u0131cak yok, hem de trafik sesi yok. \u015eu anda ak\u015famlar\u0131 ve hafta sonlar\u0131 yo\u011fun oluyor. Ama Sille i\u00e7in her \u015feyden \u00f6nce yurt d\u0131\u015f\u0131ndan gelen turistler yok. Vatanda\u015flar\u0131m\u0131z geliyor ama bu Sille i\u00e7in yeterli de\u011fil. Yabanc\u0131 \u00fclkelerden gelen misafirler daha burada konaklamad\u0131. Kayna\u011f\u0131 neden bilmiyorum ama otellerden mi veya ba\u015fka fakt\u00f6rden mi bilmiyoruz&#8221; \u015feklinde konu\u015ftu.<\/p>\n<p>Mahalleye gezmeye gelen vatanda\u015flar ise &#8220;Sille\u2019nin ge\u00e7mi\u015fine vefa yapt\u0131lar. \u00c7ok daha g\u00fczel oldu. \u0130nsanlar gelip kahvelerini \u00e7aylar\u0131n\u0131 i\u00e7iyor. \u00c7ok g\u00fczel farkl\u0131 bir yer oldu. Sille \u00e7ok g\u00fczel ve ho\u015f bir yer. B\u00fct\u00fcn turistlerin ve vatanda\u015flar\u0131n gelip gitmesini tavsiye ediyorum&#8221; derken, Sille\u2019ye ilk kez gelen vatanda\u015flardan birisi, bu kadar g\u00fczel bir tarihi ge\u00e7mi\u015fin burada olaca\u011f\u0131n\u0131 beklemedi\u011fini ifade etti.<\/p>\n","protected":false},"excerpt":{"rendered":"<p>KONYA&#8217;DA ROMA, B\u0130ZANS, SEL\u00c7UKLU VE OSMANLI D\u00d6NEM\u0130NE A\u0130T \u0130ZLER TA\u015eIYAN 5 B\u0130N YILLIK GE\u00c7M\u0130\u015eE SAH\u0130P S\u0130LLE MAHALLES\u0130, YAPILAN DEKARASYON \u00c7ALI\u015eMALARIYLA B\u0130R TARAFTAN A\u00c7IK HAVA M\u00dcZES\u0130N\u0130 ANDIRIRKEN, B\u0130R TARAFTAN \u0130SE VATANDA\u015eLARIN VAZGE\u00c7\u0130LMEZ MEKANLARINDAN B\u0130R\u0130S\u0130 OLDU.<\/p>\n","protected":false},"author":1,"featured_media":0,"comment_status":"closed","ping_status":"open","sticky":false,"template":"","format":"standard","meta":{"jetpack_post_was_ever_published":false,"_jetpack_newsletter_access":"","_jetpack_dont_email_post_to_subs":false,"_jetpack_newsletter_tier_id":0,"_jetpack_memberships_contains_paywalled_content":false,"_jetpack_memberships_contains_paid_content":false,"footnotes":"","jetpack_publicize_message":"","jetpack_publicize_feature_enabled":true,"jetpack_social_post_already_shared":true,"jetpack_social_options":{"image_generator_settings":{"template":"highway","default_image_id":0,"font":"","enabled":false},"version":2}},"categories":[656],"tags":[49733,213,630,16557,710],"class_list":["post-197896","post","type-post","status-publish","format-standard","hentry","category-kultur-sanat","tag-sille","tag-bin","tag-kultur","tag-vadisi","tag-yillik"],"jetpack_publicize_connections":[],"jetpack_featured_media_url":"","jetpack_sharing_enabled":true,"jetpack_shortlink":"https:\/\/wp.me\/paKIfm-PtS","_links":{"self":[{"href":"http:\/\/www.tvturk.com\/index.php\/wp-json\/wp\/v2\/posts\/197896","targetHints":{"allow":["GET"]}}],"collection":[{"href":"http:\/\/www.tvturk.com\/index.php\/wp-json\/wp\/v2\/posts"}],"about":[{"href":"http:\/\/www.tvturk.com\/index.php\/wp-json\/wp\/v2\/types\/post"}],"author":[{"embeddable":true,"href":"http:\/\/www.tvturk.com\/index.php\/wp-json\/wp\/v2\/users\/1"}],"replies":[{"embeddable":true,"href":"http:\/\/www.tvturk.com\/index.php\/wp-json\/wp\/v2\/comments?post=197896"}],"version-history":[{"count":0,"href":"http:\/\/www.tvturk.com\/index.php\/wp-json\/wp\/v2\/posts\/197896\/revisions"}],"wp:attachment":[{"href":"http:\/\/www.tvturk.com\/index.php\/wp-json\/wp\/v2\/media?parent=197896"}],"wp:term":[{"taxonomy":"category","embeddable":true,"href":"http:\/\/www.tvturk.com\/index.php\/wp-json\/wp\/v2\/categories?post=197896"},{"taxonomy":"post_tag","embeddable":true,"href":"http:\/\/www.tvturk.com\/index.php\/wp-json\/wp\/v2\/tags?post=197896"}],"curies":[{"name":"wp","href":"https:\/\/api.w.org\/{rel}","templated":true}]}}