{"id":197904,"date":"2019-08-30T15:17:14","date_gmt":"2019-08-30T12:17:14","guid":{"rendered":"http:\/\/www.tvturk.com\/index.php\/sakaryali-afra-adiyaman-avrupa-sampiyonu-oldu\/"},"modified":"2019-08-30T15:17:14","modified_gmt":"2019-08-30T12:17:14","slug":"sakaryali-afra-adiyaman-avrupa-sampiyonu-oldu","status":"publish","type":"post","link":"http:\/\/www.tvturk.com\/index.php\/sakaryali-afra-adiyaman-avrupa-sampiyonu-oldu\/","title":{"rendered":"Sakaryal\u0131 Afra Ad\u0131yaman, Avrupa \u015eampiyonu oldu"},"content":{"rendered":"<p>Macaristan\u2019da d\u00fczenlenen Wako Avrupa Gen\u00e7ler Kick Boks (Point Fighting, Light Contact, Full Contact, Low Kick) \u015eampiyonas\u0131\u2019nda Sakaryal\u0131 milli sporcu Afra Ad\u0131yaman, 50 kiloda Avrupa \u015fampiyonu oldu.<\/p>\n<p>23 A\u011fustos-1 Eyl\u00fcl tarihleri aras\u0131nda Macaristan\u2019da ger\u00e7ekle\u015fen Wako Avrupa Gen\u00e7ler Kick Boks \u015eampiyonas\u0131\u2019nda Milli Tak\u0131m sporcular\u0131 T\u00fcrkiye\u2019yi ba\u015far\u0131yla temsil ettiler. \u015eampiyonada T\u00fcrkiye\u2019yi temsil eden Sakaryal\u0131 milli sporcu Afra Ad\u0131yaman, 50 kilo KL sitilde t\u00fcm rakiplerini yenerek Avrupa \u015fampiyonu oldu.<\/p>\n<p>Afra Ad\u0131yaman, \u00e7eyrek finalde Yunanistanl\u0131 rakibi Zarmakoupi Paraskevi-Semeli\u2019yi, yar\u0131 finalde de \u0130talyan rakibi Fiore Lisa\u2019y\u0131 yenerek ad\u0131n\u0131 finale yazd\u0131rd\u0131. Ad\u0131yaman, final m\u00fcsabakas\u0131nda \u0130spanyol rakibi Barbientos Aguilar Selena\u2019y\u0131 yenerek Avrupa \u015fampiyonlu\u011funa ula\u015ft\u0131. Kick Boks Milli Tak\u0131m\u0131\u2019nda Sakaryal\u0131 di\u011fer milli sporculardan Sude \u00d6zbek ve \u0130lham Berk \u015eim\u015fek \u00e7eyrek finalde rakiplerine elenerek \u015fampiyonaya veda etti.<\/p>\n<p>Milli Tak\u0131m\u2019da yer alan sporcular\u0131 ve antren\u00f6rlerini a\u011f\u0131rlayan Gen\u00e7lik ve Spor \u0130l M\u00fcd\u00fcr\u00fc Arif \u00d6zsoy, \u201cAvrupa \u015fampiyonu olan Afra Ad\u0131yaman\u2019\u0131 tebrik ederek, Afra K\u0131z\u0131m\u0131z Sakarya ve T\u00fcrkiye Kick Boks tarihine ad\u0131n\u0131 alt\u0131n harflerle yazd\u0131rm\u0131\u015ft\u0131r. Kendisi ile ne kadar \u00f6v\u00fcnsek azd\u0131r. Bu b\u00fcy\u00fck ba\u015far\u0131da pay sahibi olan herkese te\u015fekk\u00fcr ediyorum\u201d dedi.<\/p>\n","protected":false},"excerpt":{"rendered":"<p>23 A\u011eUSTOS-1 EYL\u00dcL 2019 TAR\u0130HLER\u0130 ARASINDA MACAR\u0130STAN&#8217;DA D\u00dcZENLENEN WAKO AVRUPA GEN\u00c7LER K\u0130CK BOKS (PO\u0130NT F\u0130GHT\u0130NG, L\u0130GHT CONTACT, FULL CONTACT, LOW K\u0130CK) \u015eAMP\u0130YONASI\u2019NDA SAKARYALI M\u0130LL\u0130 SPORCU AFRA ADIYAMAN, 50 K\u0130LOGRAM ST\u0130LDE AVRUPA \u015eAMP\u0130YONU OLDU.<\/p>\n","protected":false},"author":1,"featured_media":0,"comment_status":"closed","ping_status":"open","sticky":false,"template":"","format":"standard","meta":{"jetpack_post_was_ever_published":false,"_jetpack_newsletter_access":"","_jetpack_dont_email_post_to_subs":false,"_jetpack_newsletter_tier_id":0,"_jetpack_memberships_contains_paywalled_content":false,"_jetpack_memberships_contains_paid_content":false,"footnotes":"","jetpack_publicize_message":"","jetpack_publicize_feature_enabled":true,"jetpack_social_post_already_shared":true,"jetpack_social_options":{"image_generator_settings":{"template":"highway","default_image_id":0,"font":"","enabled":false},"version":2}},"categories":[657],"tags":[5123,49735,392,77,7813,2415],"class_list":["post-197904","post","type-post","status-publish","format-standard","hentry","category-spor","tag-adiyaman","tag-afra","tag-avrupa","tag-oldu","tag-sakaryali","tag-sampiyonu"],"jetpack_publicize_connections":[],"jetpack_featured_media_url":"","jetpack_sharing_enabled":true,"jetpack_shortlink":"https:\/\/wp.me\/paKIfm-Pu0","_links":{"self":[{"href":"http:\/\/www.tvturk.com\/index.php\/wp-json\/wp\/v2\/posts\/197904","targetHints":{"allow":["GET"]}}],"collection":[{"href":"http:\/\/www.tvturk.com\/index.php\/wp-json\/wp\/v2\/posts"}],"about":[{"href":"http:\/\/www.tvturk.com\/index.php\/wp-json\/wp\/v2\/types\/post"}],"author":[{"embeddable":true,"href":"http:\/\/www.tvturk.com\/index.php\/wp-json\/wp\/v2\/users\/1"}],"replies":[{"embeddable":true,"href":"http:\/\/www.tvturk.com\/index.php\/wp-json\/wp\/v2\/comments?post=197904"}],"version-history":[{"count":0,"href":"http:\/\/www.tvturk.com\/index.php\/wp-json\/wp\/v2\/posts\/197904\/revisions"}],"wp:attachment":[{"href":"http:\/\/www.tvturk.com\/index.php\/wp-json\/wp\/v2\/media?parent=197904"}],"wp:term":[{"taxonomy":"category","embeddable":true,"href":"http:\/\/www.tvturk.com\/index.php\/wp-json\/wp\/v2\/categories?post=197904"},{"taxonomy":"post_tag","embeddable":true,"href":"http:\/\/www.tvturk.com\/index.php\/wp-json\/wp\/v2\/tags?post=197904"}],"curies":[{"name":"wp","href":"https:\/\/api.w.org\/{rel}","templated":true}]}}