{"id":197934,"date":"2019-08-30T16:17:42","date_gmt":"2019-08-30T13:17:42","guid":{"rendered":"http:\/\/www.tvturk.com\/index.php\/basaksehir-danijel-aleksici-kadrosuna-katti\/"},"modified":"2019-08-30T16:17:42","modified_gmt":"2019-08-30T13:17:42","slug":"basaksehir-danijel-aleksici-kadrosuna-katti","status":"publish","type":"post","link":"http:\/\/www.tvturk.com\/index.php\/basaksehir-danijel-aleksici-kadrosuna-katti\/","title":{"rendered":"Ba\u015fak\u015fehir, Danijel Aleksic\u2019i kadrosuna katt\u0131"},"content":{"rendered":"<p>Medipol Ba\u015fak\u015fehir, ge\u00e7ti\u011fimiz sezon Yeni Malatyaspor\u2019da forma giyen Danijel Aleksic\u2019i 3 y\u0131ll\u0131\u011f\u0131na kadrosuna katt\u0131\u011f\u0131n\u0131 a\u00e7\u0131klad\u0131.<\/p>\n<p>S\u00fcper Lig\u2019de yeni sezona istedi\u011fi gibi bir ba\u015flang\u0131\u00e7 yapamayan Ba\u015fak\u015fehir, kadrosunu g\u00fc\u00e7lendirmeye devam ediyor. \u015eu ana kadar Crivelli, Vieira, Aziz Eraltay, Gulbrandsen, Furkan Soyalp, Muhammet Demir, Mehmet Topal, Do\u011fanay K\u0131l\u0131\u00e7, Azubuike ve Ponck\u2019u renklerine ba\u011flayan turuncu-lacivertlilerin son transferi Danijel Aleksic oldu. \u0130stanbul ekibi, geride kalan sezonda Yeni Malatyaspor\u2019da top ko\u015fturan ve yaz transfer d\u00f6neminde Al Ahli\u2019ye transfer olan 28 ya\u015f\u0131ndaki oyuncu ile 3 y\u0131ll\u0131k s\u00f6zle\u015fme imzalad\u0131.<\/p>\n<p>Ba\u015fak\u015fehir\u2019in resmi sitesinden konuya ili\u015fkin yap\u0131lan a\u00e7\u0131klamada \u015fu ifadelere yer verildi:<\/p>\n<p>&#8220;Kul\u00fcb\u00fcm\u00fcz, S\u0131rp futbolcu Danijel Aleksic ile 3 y\u0131ll\u0131k s\u00f6zle\u015fme imzalad\u0131. Ba\u015far\u0131l\u0131 orta saha oyuncusunun imza t\u00f6reninde CEO\u2019muz Mustafa Er\u00f6\u011f\u00fct yer ald\u0131. Ge\u00e7en sezon Malatyaspor\u2019da g\u00f6sterdi\u011fi performansla dikkat \u00e7eken ve sezon ba\u015f\u0131nda Al Ahli\u2019ye transfer olan Aleksic, bundan b\u00f6yle Ba\u015fak\u015fehir formas\u0131 giyecek. Danijel Aleksic\u2019e ailemize ho\u015f geldin diyor, turuncu-lacivertli formam\u0131zla ba\u015far\u0131lar diliyoruz.<\/p>\n","protected":false},"excerpt":{"rendered":"<p>MED\u0130POL BA\u015eAK\u015eEH\u0130R, GE\u00c7T\u0130\u011e\u0130M\u0130Z SEZON YEN\u0130 MALATYASPOR&#8217;DA FORMA G\u0130YEN DAN\u0130JEL ALEKS\u0130C&#8217;\u0130 3 YILLI\u011eINA KADROSUNA KATTI\u011eINI A\u00c7IKLADI.<\/p>\n","protected":false},"author":1,"featured_media":0,"comment_status":"closed","ping_status":"open","sticky":false,"template":"","format":"standard","meta":{"jetpack_post_was_ever_published":false,"_jetpack_newsletter_access":"","_jetpack_dont_email_post_to_subs":false,"_jetpack_newsletter_tier_id":0,"_jetpack_memberships_contains_paywalled_content":false,"_jetpack_memberships_contains_paid_content":false,"footnotes":"","jetpack_publicize_message":"","jetpack_publicize_feature_enabled":true,"jetpack_social_post_already_shared":true,"jetpack_social_options":{"image_generator_settings":{"template":"highway","default_image_id":0,"font":"","enabled":false},"version":2}},"categories":[657],"tags":[6004,49743,44040,18423,5801],"class_list":["post-197934","post","type-post","status-publish","format-standard","hentry","category-spor","tag-basaksehir","tag-aleksici","tag-danijel","tag-kadrosuna","tag-katti"],"jetpack_publicize_connections":[],"jetpack_featured_media_url":"","jetpack_sharing_enabled":true,"jetpack_shortlink":"https:\/\/wp.me\/paKIfm-Puu","_links":{"self":[{"href":"http:\/\/www.tvturk.com\/index.php\/wp-json\/wp\/v2\/posts\/197934","targetHints":{"allow":["GET"]}}],"collection":[{"href":"http:\/\/www.tvturk.com\/index.php\/wp-json\/wp\/v2\/posts"}],"about":[{"href":"http:\/\/www.tvturk.com\/index.php\/wp-json\/wp\/v2\/types\/post"}],"author":[{"embeddable":true,"href":"http:\/\/www.tvturk.com\/index.php\/wp-json\/wp\/v2\/users\/1"}],"replies":[{"embeddable":true,"href":"http:\/\/www.tvturk.com\/index.php\/wp-json\/wp\/v2\/comments?post=197934"}],"version-history":[{"count":0,"href":"http:\/\/www.tvturk.com\/index.php\/wp-json\/wp\/v2\/posts\/197934\/revisions"}],"wp:attachment":[{"href":"http:\/\/www.tvturk.com\/index.php\/wp-json\/wp\/v2\/media?parent=197934"}],"wp:term":[{"taxonomy":"category","embeddable":true,"href":"http:\/\/www.tvturk.com\/index.php\/wp-json\/wp\/v2\/categories?post=197934"},{"taxonomy":"post_tag","embeddable":true,"href":"http:\/\/www.tvturk.com\/index.php\/wp-json\/wp\/v2\/tags?post=197934"}],"curies":[{"name":"wp","href":"https:\/\/api.w.org\/{rel}","templated":true}]}}