{"id":197936,"date":"2019-08-30T16:17:45","date_gmt":"2019-08-30T13:17:45","guid":{"rendered":"http:\/\/www.tvturk.com\/index.php\/fenerbahcede-trabzonspor-maci-hazirliklarini-surdurdu\/"},"modified":"2019-08-30T16:17:45","modified_gmt":"2019-08-30T13:17:45","slug":"fenerbahcede-trabzonspor-maci-hazirliklarini-surdurdu","status":"publish","type":"post","link":"http:\/\/www.tvturk.com\/index.php\/fenerbahcede-trabzonspor-maci-hazirliklarini-surdurdu\/","title":{"rendered":"Fenerbah\u00e7e\u2019de Trabzonspor ma\u00e7\u0131 haz\u0131rl\u0131klar\u0131n\u0131 s\u00fcrd\u00fcrd\u00fc"},"content":{"rendered":"<p>Fenerbah\u00e7e, S\u00fcper Lig\u2019in 3. haftas\u0131nda sahas\u0131nda oynayaca\u011f\u0131 Trabzonspor ma\u00e7\u0131n\u0131n haz\u0131rl\u0131klar\u0131n\u0131 s\u00fcrd\u00fcrd\u00fc.<\/p>\n<p>Teknik Direkt\u00f6r Ersun Yanal y\u00f6netiminde Can Bartu Tesisleri\u2019nde saat 11.00\u2019de ba\u015flayan antrenmanda oyuncular 2 gruba ayr\u0131ld\u0131. \u0130lk grup salonda kuvvet ve dayan\u0131kl\u0131l\u0131k \u00e7al\u0131\u015fmalar\u0131 yaparken, ikinci grup ise sahada aktif dinlenmeye y\u00f6nelik \u00e7al\u0131\u015fmalar ger\u00e7ekle\u015ftirdi.<\/p>\n<p>Sar\u0131-lacivertliler, Trabzonspor kar\u015f\u0131la\u015fmas\u0131 haz\u0131rl\u0131klar\u0131n\u0131 yar\u0131n yapaca\u011f\u0131 antrenmanla tamamlayacak.<\/p>\n","protected":false},"excerpt":{"rendered":"<p>FENERBAH\u00c7E, S\u00dcPER L\u0130G&#8217;\u0130N 3. HAFTASINDA SAHASINDA OYNAYACA\u011eI TRABZONSPOR MA\u00c7ININ HAZIRLIKLARINI S\u00dcRD\u00dcRD\u00dc.<\/p>\n","protected":false},"author":1,"featured_media":0,"comment_status":"closed","ping_status":"open","sticky":false,"template":"","format":"standard","meta":{"jetpack_post_was_ever_published":false,"_jetpack_newsletter_access":"","_jetpack_dont_email_post_to_subs":false,"_jetpack_newsletter_tier_id":0,"_jetpack_memberships_contains_paywalled_content":false,"_jetpack_memberships_contains_paid_content":false,"footnotes":"","jetpack_publicize_message":"","jetpack_publicize_feature_enabled":true,"jetpack_social_post_already_shared":true,"jetpack_social_options":{"image_generator_settings":{"template":"highway","default_image_id":0,"font":"","enabled":false},"version":2}},"categories":[657],"tags":[5570,2628,777,2629,916],"class_list":["post-197936","post","type-post","status-publish","format-standard","hentry","category-spor","tag-fenerbahcede","tag-hazirliklarini","tag-maci","tag-surdurdu","tag-trabzonspor"],"jetpack_publicize_connections":[],"jetpack_featured_media_url":"","jetpack_sharing_enabled":true,"jetpack_shortlink":"https:\/\/wp.me\/paKIfm-Puw","_links":{"self":[{"href":"http:\/\/www.tvturk.com\/index.php\/wp-json\/wp\/v2\/posts\/197936","targetHints":{"allow":["GET"]}}],"collection":[{"href":"http:\/\/www.tvturk.com\/index.php\/wp-json\/wp\/v2\/posts"}],"about":[{"href":"http:\/\/www.tvturk.com\/index.php\/wp-json\/wp\/v2\/types\/post"}],"author":[{"embeddable":true,"href":"http:\/\/www.tvturk.com\/index.php\/wp-json\/wp\/v2\/users\/1"}],"replies":[{"embeddable":true,"href":"http:\/\/www.tvturk.com\/index.php\/wp-json\/wp\/v2\/comments?post=197936"}],"version-history":[{"count":0,"href":"http:\/\/www.tvturk.com\/index.php\/wp-json\/wp\/v2\/posts\/197936\/revisions"}],"wp:attachment":[{"href":"http:\/\/www.tvturk.com\/index.php\/wp-json\/wp\/v2\/media?parent=197936"}],"wp:term":[{"taxonomy":"category","embeddable":true,"href":"http:\/\/www.tvturk.com\/index.php\/wp-json\/wp\/v2\/categories?post=197936"},{"taxonomy":"post_tag","embeddable":true,"href":"http:\/\/www.tvturk.com\/index.php\/wp-json\/wp\/v2\/tags?post=197936"}],"curies":[{"name":"wp","href":"https:\/\/api.w.org\/{rel}","templated":true}]}}