{"id":197948,"date":"2019-08-30T17:16:05","date_gmt":"2019-08-30T14:16:05","guid":{"rendered":"http:\/\/www.tvturk.com\/index.php\/pekinde-30-agustos-resepsiyonu\/"},"modified":"2019-08-30T17:16:05","modified_gmt":"2019-08-30T14:16:05","slug":"pekinde-30-agustos-resepsiyonu","status":"publish","type":"post","link":"http:\/\/www.tvturk.com\/index.php\/pekinde-30-agustos-resepsiyonu\/","title":{"rendered":"Pekin\u2019de 30 A\u011fustos resepsiyonu"},"content":{"rendered":"<p>30 A\u011fustos Zafer Bayram\u0131, T\u00fcrkiye\u2019nin Pekin B\u00fcy\u00fckel\u00e7ili\u011finde verilen resepsiyonla co\u015fkuyla kutland\u0131.<\/p>\n<p>T\u00fcrkiye\u2019nin Pekin B\u00fcy\u00fckel\u00e7ili\u011finde 30 A\u011fustos Zafer Bayram\u0131 nedeniyle bug\u00fcn bir resepsiyon d\u00fczenlendi. T\u00fcrkiye\u2019nin Pekin B\u00fcy\u00fckel\u00e7isi Abd\u00fclkadir Emin \u00d6nen ve Askeri Ata\u015fe Albay Musa Volkan Kuzgun\u2019un ev sahipli\u011finde d\u00fczenlenen resepsiyona, \u00c7in Halk Cumhuriyeti\u2019ni temsilen T\u00fcmgeneral Liu Shaoyun kat\u0131ld\u0131. Resepsiyona farkl\u0131 \u00fclkelerin askeri ata\u015feleri ve diplomatik misyon temsilcileri ile kentte ya\u015fayan T\u00fcrk vatanda\u015flar\u0131 dahil 300\u2019den fazla ki\u015fi kat\u0131l\u0131m g\u00f6sterdi. Resepsiyon, \u0130stiklal Mar\u015f\u0131 ve \u00c7in ulusal mar\u015f\u0131n\u0131n okunmas\u0131yla ba\u015flad\u0131.<\/p>\n<p>Albay Musa Volkan Kuzgun yapt\u0131\u011f\u0131 konu\u015fmada, \u201c30 A\u011fustos, T\u00fcrk tarihinde yeni bir d\u00f6nemin ba\u015flang\u0131c\u0131n\u0131 ve kurtulu\u015f yolunda elde edilen ba\u015far\u0131y\u0131 g\u00f6steren bir d\u00f6n\u00fcm noktas\u0131d\u0131r\u201d dedi. T\u00fcrk Silahl\u0131 Kuvvetlerinin teknolojik altyap\u0131s\u0131n\u0131 geli\u015ftirmeye ve insan kaynaklar\u0131 politikas\u0131n\u0131 g\u00fc\u00e7lendirmeye devam etti\u011fini dile getiren Kuzgun, \u201cT\u00fcrk savunma sanayisi de son y\u0131llarda h\u0131zla geli\u015fme g\u00f6steren ve ulusal savunma donan\u0131mlar\u0131n\u0131n \u00fcretilmesi neticesini veren bir ba\u015fka \u00f6nemli aland\u0131r\u201d diye konu\u015ftu.<\/p>\n<p>B\u00fcy\u00fckel\u00e7i \u00d6nen ise \u201c30 A\u011fustos, bir ulusun onuru ve ba\u011f\u0131ms\u0131zl\u0131\u011f\u0131 u\u011fruna neleri g\u00f6ze alabilece\u011finin ve ba\u015farabilece\u011finin en b\u00fcy\u00fck ilan\u0131d\u0131r\u201d dedi. \u00d6nen konu\u015fmas\u0131nda, \u201cBug\u00fcn, T\u00fcrkiye Cumhuriyeti ve T\u00fcrk Silahl\u0131 Kuvvetleri, g\u00fcvenilir ve muteber istikrar unsurlar\u0131d\u0131r. Cumhuriyetimizi daha g\u00fc\u00e7l\u00fc k\u0131lmak ve \u00fclkemizi ekonomik, siyasi ve toplumsal a\u00e7\u0131lardan muas\u0131r medeniyetler seviyesinin \u00fczerine \u00e7\u0131karmak i\u00e7in durmaks\u0131z\u0131n \u00e7al\u0131\u015f\u0131yoruz\u201d ifadelerini kulland\u0131.<\/p>\n<p>Resepsiyona kat\u0131lan misafirler, konu\u015fmalar\u0131n ard\u0131ndan T\u00fcrk mutfa\u011f\u0131n\u0131n farkl\u0131 lezzetlerini tatma imkan\u0131 buldu.<\/p>\n","protected":false},"excerpt":{"rendered":"<p>30 A\u011eUSTOS ZAFER BAYRAMI, T\u00dcRK\u0130YE\u2019N\u0130N PEK\u0130N B\u00dcY\u00dcKEL\u00c7\u0130L\u0130\u011e\u0130NDE VER\u0130LEN RESEPS\u0130YONLA CO\u015eKUYLA KUTLANDI.<\/p>\n","protected":false},"author":1,"featured_media":0,"comment_status":"closed","ping_status":"open","sticky":false,"template":"","format":"standard","meta":{"jetpack_post_was_ever_published":false,"_jetpack_newsletter_access":"","_jetpack_dont_email_post_to_subs":false,"_jetpack_newsletter_tier_id":0,"_jetpack_memberships_contains_paywalled_content":false,"_jetpack_memberships_contains_paid_content":false,"footnotes":"","jetpack_publicize_message":"","jetpack_publicize_feature_enabled":true,"jetpack_social_post_already_shared":true,"jetpack_social_options":{"image_generator_settings":{"template":"highway","default_image_id":0,"font":"","enabled":false},"version":2}},"categories":[10],"tags":[17970,24731,30488],"class_list":["post-197948","post","type-post","status-publish","format-standard","hentry","category-dunya","tag-agustos","tag-pekinde","tag-resepsiyonu"],"jetpack_publicize_connections":[],"jetpack_featured_media_url":"","jetpack_sharing_enabled":true,"jetpack_shortlink":"https:\/\/wp.me\/paKIfm-PuI","_links":{"self":[{"href":"http:\/\/www.tvturk.com\/index.php\/wp-json\/wp\/v2\/posts\/197948","targetHints":{"allow":["GET"]}}],"collection":[{"href":"http:\/\/www.tvturk.com\/index.php\/wp-json\/wp\/v2\/posts"}],"about":[{"href":"http:\/\/www.tvturk.com\/index.php\/wp-json\/wp\/v2\/types\/post"}],"author":[{"embeddable":true,"href":"http:\/\/www.tvturk.com\/index.php\/wp-json\/wp\/v2\/users\/1"}],"replies":[{"embeddable":true,"href":"http:\/\/www.tvturk.com\/index.php\/wp-json\/wp\/v2\/comments?post=197948"}],"version-history":[{"count":0,"href":"http:\/\/www.tvturk.com\/index.php\/wp-json\/wp\/v2\/posts\/197948\/revisions"}],"wp:attachment":[{"href":"http:\/\/www.tvturk.com\/index.php\/wp-json\/wp\/v2\/media?parent=197948"}],"wp:term":[{"taxonomy":"category","embeddable":true,"href":"http:\/\/www.tvturk.com\/index.php\/wp-json\/wp\/v2\/categories?post=197948"},{"taxonomy":"post_tag","embeddable":true,"href":"http:\/\/www.tvturk.com\/index.php\/wp-json\/wp\/v2\/tags?post=197948"}],"curies":[{"name":"wp","href":"https:\/\/api.w.org\/{rel}","templated":true}]}}