{"id":197995,"date":"2019-08-30T21:17:30","date_gmt":"2019-08-30T18:17:30","guid":{"rendered":"http:\/\/www.tvturk.com\/index.php\/karabuksporda-sivas-belediyespor-maci-hazirliklari-tamamlandi\/"},"modified":"2019-08-30T21:17:30","modified_gmt":"2019-08-30T18:17:30","slug":"karabuksporda-sivas-belediyespor-maci-hazirliklari-tamamlandi","status":"publish","type":"post","link":"http:\/\/www.tvturk.com\/index.php\/karabuksporda-sivas-belediyespor-maci-hazirliklari-tamamlandi\/","title":{"rendered":"Karab\u00fckspor\u2019da Sivas Belediyespor ma\u00e7\u0131 haz\u0131rl\u0131klar\u0131 tamamland\u0131"},"content":{"rendered":"<p>TFF 2. Lig\u2019in ilk haftas\u0131nda cumartesi g\u00fcn\u00fc deplasmanda Sivas Belediyespor ile kar\u015f\u0131la\u015facak Kardemir Karab\u00fckspor, ma\u00e7\u0131n haz\u0131rl\u0131klar\u0131n\u0131 tamamlad\u0131.<\/p>\n<p>TFF 2. Lig K\u0131rm\u0131z\u0131 Grup ekiplerinden Kardemir Karab\u00fckspor, yar\u0131n saat 16.00\u2019da Muhsin Yaz\u0131c\u0131o\u011flu Spor Kompleksi\u2019nde oynayaca\u011f\u0131 Sivas Belediyespor ma\u00e7\u0131n\u0131n haz\u0131rl\u0131klar\u0131n\u0131 Sivasspor Tesisleri\u2019nde yapt\u0131\u011f\u0131 antrenmanla tamamlad\u0131. Teknik Direkt\u00f6r \u0130smail Demirci y\u00f6netiminde ger\u00e7ekle\u015fen antrenmanda tak\u0131m \u0131s\u0131nma hareketlerinin ard\u0131ndan 5\u2019e 2 top kapma \u00e7al\u0131\u015fmas\u0131, pas ve \u015fut \u00e7al\u0131\u015fmas\u0131 yapt\u0131.<\/p>\n","protected":false},"excerpt":{"rendered":"<p>TFF 2. L\u0130G&#8217;\u0130N \u0130LK HAFTASINDA CUMARTES\u0130 G\u00dcN\u00dc DEPLASMANDA S\u0130VAS BELED\u0130YESPOR \u0130LE KAR\u015eILA\u015eACAK KARDEM\u0130R KARAB\u00dcKSPOR, MA\u00c7IN HAZIRLIKLARINI TAMAMLADI.<\/p>\n","protected":false},"author":1,"featured_media":0,"comment_status":"closed","ping_status":"open","sticky":false,"template":"","format":"standard","meta":{"jetpack_post_was_ever_published":false,"_jetpack_newsletter_access":"","_jetpack_dont_email_post_to_subs":false,"_jetpack_newsletter_tier_id":0,"_jetpack_memberships_contains_paywalled_content":false,"_jetpack_memberships_contains_paid_content":false,"footnotes":"","jetpack_publicize_message":"","jetpack_publicize_feature_enabled":true,"jetpack_social_post_already_shared":true,"jetpack_social_options":{"image_generator_settings":{"template":"highway","default_image_id":0,"font":"","enabled":false},"version":2}},"categories":[657],"tags":[2556,3026,11026,777,4247,693],"class_list":["post-197995","post","type-post","status-publish","format-standard","hentry","category-spor","tag-belediyespor","tag-hazirliklari","tag-karabuksporda","tag-maci","tag-sivas","tag-tamamlandi"],"jetpack_publicize_connections":[],"jetpack_featured_media_url":"","jetpack_sharing_enabled":true,"jetpack_shortlink":"https:\/\/wp.me\/paKIfm-Pvt","_links":{"self":[{"href":"http:\/\/www.tvturk.com\/index.php\/wp-json\/wp\/v2\/posts\/197995","targetHints":{"allow":["GET"]}}],"collection":[{"href":"http:\/\/www.tvturk.com\/index.php\/wp-json\/wp\/v2\/posts"}],"about":[{"href":"http:\/\/www.tvturk.com\/index.php\/wp-json\/wp\/v2\/types\/post"}],"author":[{"embeddable":true,"href":"http:\/\/www.tvturk.com\/index.php\/wp-json\/wp\/v2\/users\/1"}],"replies":[{"embeddable":true,"href":"http:\/\/www.tvturk.com\/index.php\/wp-json\/wp\/v2\/comments?post=197995"}],"version-history":[{"count":0,"href":"http:\/\/www.tvturk.com\/index.php\/wp-json\/wp\/v2\/posts\/197995\/revisions"}],"wp:attachment":[{"href":"http:\/\/www.tvturk.com\/index.php\/wp-json\/wp\/v2\/media?parent=197995"}],"wp:term":[{"taxonomy":"category","embeddable":true,"href":"http:\/\/www.tvturk.com\/index.php\/wp-json\/wp\/v2\/categories?post=197995"},{"taxonomy":"post_tag","embeddable":true,"href":"http:\/\/www.tvturk.com\/index.php\/wp-json\/wp\/v2\/tags?post=197995"}],"curies":[{"name":"wp","href":"https:\/\/api.w.org\/{rel}","templated":true}]}}