{"id":19803,"date":"2019-02-10T22:46:51","date_gmt":"2019-02-10T19:46:51","guid":{"rendered":"http:\/\/www.tvturk.com\/index.php\/ingiltere-kralicesinin-esi-prens-philip-ehliyetini-polise-teslim-etti\/"},"modified":"2019-02-10T22:46:53","modified_gmt":"2019-02-10T19:46:53","slug":"ingiltere-kralicesinin-esi-prens-philip-ehliyetini-polise-teslim-etti","status":"publish","type":"post","link":"http:\/\/www.tvturk.com\/index.php\/ingiltere-kralicesinin-esi-prens-philip-ehliyetini-polise-teslim-etti\/","title":{"rendered":"\u0130ngiltere Krali\u00e7esinin e\u015fi Prens Philip, ehliyetini polise teslim etti"},"content":{"rendered":"<p>\u0130ngiltere\u2019de ge\u00e7ti\u011fimiz ay trafik kazas\u0131 ge\u00e7iren \u0130ngiltere Krali\u00e7esinin 97 ya\u015f\u0131ndaki e\u015fi Prens Philip\u2019in ehliyetini g\u00f6n\u00fcll\u00fc olarak polise teslim etti\u011fi ve art\u0131k \u00f6zel \u015fof\u00f6r kullanaca\u011f\u0131 a\u00e7\u0131kland\u0131.<\/p>\n<p>Ge\u00e7ti\u011fimiz g\u00fcnlerde \u0130ngiltere Krali\u00e7esinin 97 ya\u015f\u0131ndaki e\u015fi Prens Phillip, Sandringham\u2019daki konutunun yak\u0131n\u0131nda trafik kazas\u0131 ge\u00e7irmi\u015f ve yara almadan kurtulmu\u015ftu. Buckingham Saray\u0131\u2019ndan yap\u0131lan a\u00e7\u0131klamada, dikkatli bir d\u00fc\u015f\u00fcnme s\u00fcrecinden sonra Prens Philip\u2019in ehliyetini g\u00f6n\u00fcll\u00fc olarak polise teslim etti\u011fi a\u00e7\u0131kland\u0131. Ayr\u0131ca polisten, Prens Philip\u2019in emniyet kemersiz ara\u00e7 kullan\u0131rken \u00e7ekilen foto\u011fraf\u0131 y\u00fcz\u00fcnden \u201cuygun bir dille\u201d uyar\u0131ld\u0131\u011f\u0131 ifade edildi.<\/p>\n<p>Philip\u2019in \u00e7arpt\u0131\u011f\u0131 arac\u0131n s\u00fcr\u00fcc\u00fcs\u00fc Emma Fairweather\u2019\u0131n bile\u011fi k\u0131r\u0131lm\u0131\u015ft\u0131. Philip, al\u00e7ak seviyedeki g\u00fcne\u015f nedeniyle yolu g\u00f6remedi\u011fini s\u00f6ylemi\u015f ve kazan\u0131n ard\u0131ndan Fairweather\u2019a bir \u00f6z\u00fcr mektubu yollam\u0131\u015ft\u0131.<div class=\"tiled-gallery type-rectangular tiled-gallery-unresized\" data-original-width=\"500\" data-carousel-extra='null' itemscope itemtype=\"http:\/\/schema.org\/ImageGallery\" > <div class=\"gallery-row\" style=\"width: 500px; height: 710px;\" data-original-width=\"500\" data-original-height=\"710\" > <div class=\"gallery-group images-1\" style=\"width: 500px; height: 710px;\" data-original-width=\"500\" data-original-height=\"710\" > <div class=\"tiled-gallery-item tiled-gallery-item-large\" itemprop=\"associatedMedia\" itemscope itemtype=\"http:\/\/schema.org\/ImageObject\"> <a href=\"http:\/\/www.tvturk.com\/index.php\/ingiltere-kralicesinin-esi-prens-philip-ehliyetini-polise-teslim-etti\/ingiltere-kralicesinin-esi-prens-philip-ehliyetini-polise-teslim-etti-3\/\" border=\"0\" itemprop=\"url\"> <meta itemprop=\"width\" content=\"496\"> <meta itemprop=\"height\" content=\"706\"> <img decoding=\"async\" class=\"\" data-attachment-id=\"19805\" data-orig-file=\"http:\/\/www.tvturk.com\/wp-content\/uploads\/2019\/02\/ingiltere-kralicesinin-esi-prens-philip-ehliyetini-polise-teslim-etti_2a1f754.jpg\" data-orig-size=\"703,1000\" data-comments-opened=\"\" data-image-meta=\"{&quot;aperture&quot;:&quot;0&quot;,&quot;credit&quot;:&quot;IHA&quot;,&quot;camera&quot;:&quot;&quot;,&quot;caption&quot;:&quot;\\u0130NG\\u0130LTERE KRAL\\u0130\\u00c7ES\\u0130N\\u0130N E\\u015e\\u0130 PRENS PH\\u0130L\\u0130P, EHL\\u0130YET\\u0130N\\u0130 POL\\u0130SE TESL\\u0130M ETT\\u0130 (\\u0130HA\\\/LONDRA-EPA)&quot;,&quot;created_timestamp&quot;:&quot;0&quot;,&quot;copyright&quot;:&quot;\\u0130HLAS HABER AJANSI, www.iha.com.tr&quot;,&quot;focal_length&quot;:&quot;0&quot;,&quot;iso&quot;:&quot;0&quot;,&quot;shutter_speed&quot;:&quot;0&quot;,&quot;title&quot;:&quot;\\u0130NG\\u0130LTERE KRAL\\u0130\\u00c7ES\\u0130N\\u0130N E\\u015e\\u0130 PRENS PH\\u0130L\\u0130P, EHL\\u0130YET\\u0130N\\u0130 POL\\u0130SE TESL\\u0130M ETT\\u0130&quot;,&quot;orientation&quot;:&quot;0&quot;}\" data-image-title=\"\u0130ngiltere Krali\u00e7esinin e\u015fi Prens Philip, ehliyetini polise teslim etti\" data-image-description=\"&lt;p&gt;\u0130ngiltere Krali\u00e7esinin e\u015fi Prens Philip, ehliyetini polise teslim etti&lt;\/p&gt; \" data-medium-file=\"https:\/\/i0.wp.com\/www.tvturk.com\/wp-content\/uploads\/2019\/02\/ingiltere-kralicesinin-esi-prens-philip-ehliyetini-polise-teslim-etti_2a1f754.jpg?fit=211%2C300\" data-large-file=\"https:\/\/i0.wp.com\/www.tvturk.com\/wp-content\/uploads\/2019\/02\/ingiltere-kralicesinin-esi-prens-philip-ehliyetini-polise-teslim-etti_2a1f754.jpg?fit=703%2C1000\" src=\"https:\/\/i0.wp.com\/www.tvturk.com\/wp-content\/uploads\/2019\/02\/ingiltere-kralicesinin-esi-prens-philip-ehliyetini-polise-teslim-etti_2a1f754.jpg?w=496&#038;h=706\" srcset=\"https:\/\/i0.wp.com\/www.tvturk.com\/wp-content\/uploads\/2019\/02\/ingiltere-kralicesinin-esi-prens-philip-ehliyetini-polise-teslim-etti_2a1f754.jpg?w=703 703w, https:\/\/i0.wp.com\/www.tvturk.com\/wp-content\/uploads\/2019\/02\/ingiltere-kralicesinin-esi-prens-philip-ehliyetini-polise-teslim-etti_2a1f754.jpg?resize=105%2C150 105w, https:\/\/i0.wp.com\/www.tvturk.com\/wp-content\/uploads\/2019\/02\/ingiltere-kralicesinin-esi-prens-philip-ehliyetini-polise-teslim-etti_2a1f754.jpg?resize=211%2C300 211w\" width=\"496\" height=\"706\" loading=\"lazy\" data-original-width=\"496\" data-original-height=\"706\" itemprop=\"http:\/\/schema.org\/image\" title=\"\u0130ngiltere Krali\u00e7esinin e\u015fi Prens Philip, ehliyetini polise teslim etti\" alt=\"\u0130ngiltere Krali\u00e7esinin e\u015fi Prens Philip, ehliyetini polise teslim etti\" style=\"width: 496px; height: 706px;\" \/> <\/a> <\/div> <\/div> <!-- close group --> <\/div> <!-- close row --> <\/div><\/p>\n","protected":false},"excerpt":{"rendered":"<p>\u0130NG\u0130LTERE KRAL\u0130\u00c7ES\u0130N\u0130N E\u015e\u0130 PRENS PH\u0130L\u0130P, EHL\u0130YET\u0130N\u0130 POL\u0130SE TESL\u0130M ETT\u0130<\/p>\n","protected":false},"author":1,"featured_media":19804,"comment_status":"closed","ping_status":"open","sticky":false,"template":"","format":"standard","meta":{"jetpack_post_was_ever_published":false,"_jetpack_newsletter_access":"","_jetpack_dont_email_post_to_subs":false,"_jetpack_newsletter_tier_id":0,"_jetpack_memberships_contains_paywalled_content":false,"_jetpack_memberships_contains_paid_content":false,"footnotes":"","jetpack_publicize_message":"","jetpack_publicize_feature_enabled":true,"jetpack_social_post_already_shared":false,"jetpack_social_options":{"image_generator_settings":{"template":"highway","default_image_id":0,"font":"","enabled":false},"version":2}},"categories":[655],"tags":[8753,4703,207,838,8750,8752,8754,8751,169],"class_list":["post-19803","post","type-post","status-publish","format-standard","has-post-thumbnail","hentry","category-son-dakika","tag-ehliyetini","tag-esi","tag-etti","tag-ingiltere","tag-kralicesinin","tag-philip","tag-polise","tag-prens","tag-teslim"],"jetpack_publicize_connections":[],"jetpack_featured_media_url":"https:\/\/i0.wp.com\/www.tvturk.com\/wp-content\/uploads\/2019\/02\/ingiltere-kralicesinin-esi-prens-philip-ehliyetini-polise-teslim-etti_c61acd0.jpg?fit=1000%2C634","jetpack_sharing_enabled":true,"jetpack_shortlink":"https:\/\/wp.me\/paKIfm-59p","_links":{"self":[{"href":"http:\/\/www.tvturk.com\/index.php\/wp-json\/wp\/v2\/posts\/19803","targetHints":{"allow":["GET"]}}],"collection":[{"href":"http:\/\/www.tvturk.com\/index.php\/wp-json\/wp\/v2\/posts"}],"about":[{"href":"http:\/\/www.tvturk.com\/index.php\/wp-json\/wp\/v2\/types\/post"}],"author":[{"embeddable":true,"href":"http:\/\/www.tvturk.com\/index.php\/wp-json\/wp\/v2\/users\/1"}],"replies":[{"embeddable":true,"href":"http:\/\/www.tvturk.com\/index.php\/wp-json\/wp\/v2\/comments?post=19803"}],"version-history":[{"count":1,"href":"http:\/\/www.tvturk.com\/index.php\/wp-json\/wp\/v2\/posts\/19803\/revisions"}],"predecessor-version":[{"id":19806,"href":"http:\/\/www.tvturk.com\/index.php\/wp-json\/wp\/v2\/posts\/19803\/revisions\/19806"}],"wp:featuredmedia":[{"embeddable":true,"href":"http:\/\/www.tvturk.com\/index.php\/wp-json\/wp\/v2\/media\/19804"}],"wp:attachment":[{"href":"http:\/\/www.tvturk.com\/index.php\/wp-json\/wp\/v2\/media?parent=19803"}],"wp:term":[{"taxonomy":"category","embeddable":true,"href":"http:\/\/www.tvturk.com\/index.php\/wp-json\/wp\/v2\/categories?post=19803"},{"taxonomy":"post_tag","embeddable":true,"href":"http:\/\/www.tvturk.com\/index.php\/wp-json\/wp\/v2\/tags?post=19803"}],"curies":[{"name":"wp","href":"https:\/\/api.w.org\/{rel}","templated":true}]}}