{"id":198043,"date":"2019-08-31T00:02:48","date_gmt":"2019-08-30T21:02:48","guid":{"rendered":"http:\/\/www.tvturk.com\/index.php\/fatih-terim-cok-enteresan-bir-mac-oldu\/"},"modified":"2019-08-31T00:02:48","modified_gmt":"2019-08-30T21:02:48","slug":"fatih-terim-cok-enteresan-bir-mac-oldu","status":"publish","type":"post","link":"http:\/\/www.tvturk.com\/index.php\/fatih-terim-cok-enteresan-bir-mac-oldu\/","title":{"rendered":"Fatih Terim: &#8220;\u00c7ok enteresan bir ma\u00e7 oldu&#8221;"},"content":{"rendered":"<p>Kayserispor kar\u015f\u0131la\u015fmas\u0131n\u0131n ard\u0131ndan d\u00fczenlenen bas\u0131n toplant\u0131s\u0131nda konu\u015fan Galatasaray Teknik Direkt\u00f6r\u00fc Fatih Terim, &#8220;Anlatmas\u0131, izah edilmesi \u00e7ok zor bir ma\u00e7. Futbolla a\u00e7\u0131klamaya kalksak yetersiz kal\u0131r&#8221; dedi.<\/p>\n<p>3-2 kazand\u0131klar\u0131 ma\u00e7 hakk\u0131nda d\u00fc\u015f\u00fcncelerini s\u00f6yleyen Fatih Terim Galatasaray\u2019\u0131 yaln\u0131zla\u015ft\u0131r\u0131lmaya do\u011fru bir alg\u0131 yap\u0131ld\u0131\u011f\u0131n\u0131 s\u00f6yledi. Terim, &#8220;Anlatmas\u0131, izah edilmesi \u00e7ok zor bir ma\u00e7. Futbolla a\u00e7\u0131klamaya kalksak yetersiz kal\u0131r. Futbol d\u0131\u015f\u0131nda desek, konu\u015fsak ceza yazar. Onun i\u00e7in bu ma\u00e7 hi\u00e7 unutulmas\u0131n istiyorum esas\u0131nda. Bunun i\u00e7in ge\u00e7en seneye bakmak laz\u0131m. Ge\u00e7en sene sonu haz\u0131rlanan bu senaryo bu sene her ma\u00e7\u0131m\u0131z a\u015fa\u011f\u0131 yukar\u0131 b\u00f6yle olacak. Ama bug\u00fcn e\u011fer Galatasaray lehine bir \u015fey var ise l\u00fctfen \u00e7\u0131ks\u0131n s\u00f6ylesinler. Galatasaray yaln\u0131zla\u015ft\u0131r\u0131lmaya do\u011fru bir alg\u0131 yap\u0131l\u0131yor&#8221; dedi.<\/p>\n<p>&#8220;Ma\u00e7ta Galatasaray ad\u0131na herhangi bir \u015fey yok&#8221;<\/p>\n<p>M\u00fccadelenin hi\u00e7e say\u0131l\u0131p ba\u015fka alg\u0131lar yarat\u0131lmaya \u00e7al\u0131\u015f\u0131ld\u0131\u011f\u0131n\u0131 dile getiren Terim, &#8220;Bunun kar\u015f\u0131s\u0131nda yap\u0131lacak tek \u015fey vard\u0131r. B\u00fct\u00fcn halinde kar\u015f\u0131l\u0131\u011f\u0131 olmal\u0131d\u0131r. Bak\u0131n\u0131z ma\u00e7lara, bug\u00fcn ma\u00e7ta Galatasaray ad\u0131na herhangi bir \u015fey yok. Ama \u00f6yle bir \u015fey var ki emek bo\u015fa. Bu kadar mesai, bu kadar \u00f6m\u00fcr t\u00fcketme, fedakarl\u0131k, m\u00fccadele hi\u00e7 say\u0131l\u0131p ba\u015fka alg\u0131lar yarat\u0131lmaya \u00e7al\u0131\u015f\u0131ld\u0131k\u00e7a kimsenin itibar\u0131n\u0131 zedeleme ve oynamaya hakk\u0131n\u0131z yok. Dolay\u0131s\u0131yla bug\u00fcn \u00e7ok g\u00fczel, enteresan ma\u00e7 oldu. Hi\u00e7 pozisyon yokken kendi hatalar\u0131m\u0131zla gol yedik, oluyor b\u00f6yle. Kayserispor da kendinden beklenenden daha fazla m\u00fccadele etti. Biz kazand\u0131k. Muhakkak ki \u015fampiyonu yenmeye sayg\u0131 duyuyorum ama bu sene yine s\u00f6yl\u00fcyorum profesyonel hamleler g\u00f6r\u00fcyoruz&#8221; ifadelerini kulland\u0131.<\/p>\n<p>&#8220;3 puan i\u00e7in sevin\u00e7liyim&#8221;<\/p>\n<p>3 puan ald\u0131klar\u0131 i\u00e7in sevin\u00e7li oldu\u011funu kaydeden Terim, &#8220;3 puan bizim i\u00e7in \u00f6nemliydi, \u00e7\u00fcnk\u00fc puanlar telafi edilebilir ama oyun telafi edilmez. O y\u00fczden oyunumuzun \u00fczerine katarak devam etmeliyiz. \u015eampiyonlar Ligi\u2019nde de ihtiyac\u0131m\u0131z olacak. Onun i\u00e7in 3 puan ad\u0131na \u00e7ok sevin\u00e7liyim&#8221; \u015feklinde konu\u015ftu.<\/p>\n<p>&#8220;Kaybetmek kolay, kazan\u0131rsak olay olsun&#8221;<\/p>\n<p>\u015eampiyonlar Ligi\u2019nde \u00e7ekilen kuray\u0131 da de\u011ferlendiren Terim, &#8220;1 milyar b\u00fct\u00e7eli tak\u0131mlardan bahsediyoruz. 1 tanesi Real Madrid, di\u011feri de PSG. \u015eimdi b\u00f6yle bir durumda bu tak\u0131mlar\u0131n net oldu\u011funu ifade edelim, 00 dolay\u0131s\u0131yla kendimizin duygular\u0131n\u0131 s\u00f6yleyelim. \u0130kisi \u00e7ok b\u00fcy\u00fck tak\u0131m. Biz b\u00fcy\u00fck ba\u015far\u0131lar\u0131n b\u00fcy\u00fck tak\u0131mlar\u0131 yenerek geldi\u011fini bilen bir kul\u00fcb\u00fcz. Hi\u00e7bir ma\u00e7 sahan\u0131n d\u0131\u015f\u0131nda kazan\u0131lm\u0131yor. Tabii ki en iyi \u015fekilde haz\u0131rlan\u0131p kimseye boyun e\u011fmeyece\u011fiz. Yok \u2019Real Madrid eski g\u00fcc\u00fcnde de\u011fil\u2019, yok \u2019PSG k\u00f6t\u00fc ba\u015flad\u0131\u2019. Bunlar do\u011fru s\u00f6zler de\u011fil. Ancak Galatasaray buradan en iyi sonucu almak i\u00e7in \u00e7al\u0131\u015facak. Kaybetmek bu grupta kolay, kazan\u0131rsak olay olsun. Dolay\u0131s\u0131yla biz olay taraf\u0131 se\u00e7ece\u011fiz&#8221; diye konu\u015ftu.<\/p>\n<p>&#8220;2 g\u00fcn i\u00e7inde iyi \u015feyler olaca\u011f\u0131na inan\u0131yorum&#8221;<\/p>\n<p>Falcao\u2019nun transferine de de\u011finen Terim, &#8220;Profesyonel bir hayat ya\u015f\u0131yoruz. Her \u015fey rahatl\u0131kla konu\u015fulabiliyor, bir \u015fey gizli kalm\u0131yor. Muhakkak ki bir oyuncu kendi mevkisine bir adam\u0131n gelmesinden rahats\u0131zl\u0131k duyabilir. Rahats\u0131zl\u0131k duyuyorsa \u00e7\u0131kar 2-3 tane atar. Profesyonel bir hayat, yar\u0131n bir g\u00fcn ba\u015fka arkada\u015flarla yollar\u0131m\u0131z\u0131 ay\u0131rabiliriz. Onun i\u00e7in ba\u015fkan\u0131m\u0131z ve y\u00f6netimimizin s\u00fcre sonuna kadar bir \u015feyler yapaca\u011f\u0131n\u0131 d\u00fc\u015f\u00fcn\u00fcyorum. Bizim sadece santrafor ihtiyac\u0131m\u0131z yok. Bir s\u00fcrpriz yapabilir miyiz? Evet. Hi\u00e7 bir \u015fey de yapmayabiliriz. Hi\u00e7 kolay de\u011fil, bir yandan bor\u00e7 \u00f6de, bir yandan UEFA\u2019n\u0131n normlar\u0131na uy, bir yandan transfer yap. Hi\u00e7 kolay \u015feyler de\u011fil. 2 g\u00fcn i\u00e7inde iyi \u015feyler olaca\u011f\u0131na inan\u0131yorum&#8221; dedi.<\/p>\n","protected":false},"excerpt":{"rendered":"<p>KAYSER\u0130SPOR KAR\u015eILA\u015eMASININ ARDINDAN D\u00dcZENLENEN BASIN TOPLANTISINDA KONU\u015eAN GALATASARAY TEKN\u0130K D\u0130REKT\u00d6R\u00dc FAT\u0130H TER\u0130M, &#8220;ANLATMASI, \u0130ZAH ED\u0130LMES\u0130 \u00c7OK ZOR B\u0130R MA\u00c7. FUTBOLLA A\u00c7IKLAMAYA KALKSAK YETERS\u0130Z KALIR&#8221; DED\u0130.<\/p>\n","protected":false},"author":1,"featured_media":0,"comment_status":"closed","ping_status":"open","sticky":false,"template":"","format":"standard","meta":{"jetpack_post_was_ever_published":false,"_jetpack_newsletter_access":"","_jetpack_dont_email_post_to_subs":false,"_jetpack_newsletter_tier_id":0,"_jetpack_memberships_contains_paywalled_content":false,"_jetpack_memberships_contains_paid_content":false,"footnotes":"","jetpack_publicize_message":"","jetpack_publicize_feature_enabled":true,"jetpack_social_post_already_shared":true,"jetpack_social_options":{"image_generator_settings":{"template":"highway","default_image_id":0,"font":"","enabled":false},"version":2}},"categories":[657],"tags":[21573,944,125,105,1517,77,2096],"class_list":["post-198043","post","type-post","status-publish","format-standard","hentry","category-spor","tag-enteresan","tag-mac","tag-bir","tag-cok","tag-fatih","tag-oldu","tag-terim"],"jetpack_publicize_connections":[],"jetpack_featured_media_url":"","jetpack_sharing_enabled":true,"jetpack_shortlink":"https:\/\/wp.me\/paKIfm-Pwf","_links":{"self":[{"href":"http:\/\/www.tvturk.com\/index.php\/wp-json\/wp\/v2\/posts\/198043","targetHints":{"allow":["GET"]}}],"collection":[{"href":"http:\/\/www.tvturk.com\/index.php\/wp-json\/wp\/v2\/posts"}],"about":[{"href":"http:\/\/www.tvturk.com\/index.php\/wp-json\/wp\/v2\/types\/post"}],"author":[{"embeddable":true,"href":"http:\/\/www.tvturk.com\/index.php\/wp-json\/wp\/v2\/users\/1"}],"replies":[{"embeddable":true,"href":"http:\/\/www.tvturk.com\/index.php\/wp-json\/wp\/v2\/comments?post=198043"}],"version-history":[{"count":0,"href":"http:\/\/www.tvturk.com\/index.php\/wp-json\/wp\/v2\/posts\/198043\/revisions"}],"wp:attachment":[{"href":"http:\/\/www.tvturk.com\/index.php\/wp-json\/wp\/v2\/media?parent=198043"}],"wp:term":[{"taxonomy":"category","embeddable":true,"href":"http:\/\/www.tvturk.com\/index.php\/wp-json\/wp\/v2\/categories?post=198043"},{"taxonomy":"post_tag","embeddable":true,"href":"http:\/\/www.tvturk.com\/index.php\/wp-json\/wp\/v2\/tags?post=198043"}],"curies":[{"name":"wp","href":"https:\/\/api.w.org\/{rel}","templated":true}]}}