{"id":19807,"date":"2019-02-10T22:48:51","date_gmt":"2019-02-10T19:48:51","guid":{"rendered":"http:\/\/www.tvturk.com\/index.php\/afrika-birliginden-libya-icin-cagri\/"},"modified":"2019-02-10T22:48:51","modified_gmt":"2019-02-10T19:48:51","slug":"afrika-birliginden-libya-icin-cagri","status":"publish","type":"post","link":"http:\/\/www.tvturk.com\/index.php\/afrika-birliginden-libya-icin-cagri\/","title":{"rendered":"Afrika Birli\u011finden Libya i\u00e7in \u00e7a\u011fr\u0131"},"content":{"rendered":"<p>Afrika Birli\u011fi Komisyonu Ba\u015fkan\u0131 Musa Faki Muhammed, Libya\u2019daki krizin \u00e7\u00f6z\u00fclmesi i\u00e7in uluslararas\u0131 bir konferans d\u00fczenlenmesi \u00e7a\u011fr\u0131s\u0131 yapt\u0131.<\/p>\n<p>Etiyopya\u2019n\u0131n ba\u015fkenti Addis Ababa\u2019da ba\u015flayan 32. Afrika Birli\u011fi Liderler Zirvesi\u2019nin a\u00e7\u0131l\u0131\u015f\u0131nda konu\u015fan Afrika Birli\u011fi Komisyonu Ba\u015fkan\u0131 Musa Faki Muhammed, Libya\u2019da \u00e7at\u0131\u015fman\u0131n, t\u00fcm giri\u015fimlere ra\u011fmen, son bulmad\u0131\u011f\u0131na i\u015faret etti. Muhammed, \u201cLibya\u2019daki sorunun kapsaml\u0131 \u015fekilde ele al\u0131nmas\u0131 ve ortak bir \u00e7aba g\u00f6sterilmesi i\u00e7in uluslararas\u0131 bir konferans \u00e7a\u011fr\u0131s\u0131nda bulunuyoruz\u201d dedi. Arap ve Afrika \u00fclkelerine bu konuda daha fazla g\u00f6rev d\u00fc\u015ft\u00fc\u011f\u00fcn\u00fcn alt\u0131n\u0131 \u00e7izen Muhammed, \u00f6n\u00fcm\u00fczdeki aylarda bir Afrika-Arap \u00fclkeleri aras\u0131nda zirve yap\u0131laca\u011f\u0131n\u0131 a\u00e7\u0131klad\u0131.<\/p>\n<p>Libya\u2019da Muammer Kaddafi\u2019ye kar\u015f\u0131 ayaklanmalar \u00e7\u0131km\u0131\u015f,  NATO m\u00fcdahalesinin ard\u0131ndan Kaddafi rejimi sona ermi\u015fti. Fakat siyasi taraflar\u0131n sebep oldu\u011fu istikrars\u0131zl\u0131k, ba\u015far\u0131s\u0131zl\u0131klar ve silahl\u0131 gruplar sebebiyle \u00fclkede 7 y\u0131ld\u0131r i\u00e7 sava\u015f bitmedi.<\/p>\n","protected":false},"excerpt":{"rendered":"<p>AFR\u0130KA B\u0130RL\u0130\u011e\u0130 KOM\u0130SYONU BA\u015eKANI MUSA FAK\u0130 MUHAMMED, L\u0130BYA\u2019DAK\u0130 KR\u0130Z\u0130N \u00c7\u00d6Z\u00dcLMES\u0130 \u0130\u00c7\u0130N ULUSLARARASI B\u0130R KONFERANS D\u00dcZENLENMES\u0130 \u00c7A\u011eRISI YAPTI.<\/p>\n","protected":false},"author":1,"featured_media":19808,"comment_status":"closed","ping_status":"open","sticky":false,"template":"","format":"standard","meta":{"jetpack_post_was_ever_published":false,"_jetpack_newsletter_access":"","_jetpack_dont_email_post_to_subs":false,"_jetpack_newsletter_tier_id":0,"_jetpack_memberships_contains_paywalled_content":false,"_jetpack_memberships_contains_paid_content":false,"footnotes":"","jetpack_publicize_message":"","jetpack_publicize_feature_enabled":true,"jetpack_social_post_already_shared":false,"jetpack_social_options":{"image_generator_settings":{"template":"highway","default_image_id":0,"font":"","enabled":false},"version":2}},"categories":[9],"tags":[8755,8756,1054,44,8757],"class_list":["post-19807","post","type-post","status-publish","format-standard","has-post-thumbnail","hentry","category-siyaset","tag-afrika","tag-birliginden","tag-cagri","tag-icin","tag-libya"],"jetpack_publicize_connections":[],"jetpack_featured_media_url":"https:\/\/i0.wp.com\/www.tvturk.com\/wp-content\/uploads\/2019\/02\/afrika-birliginden-libya-icin-cagri_2ced346.jpg?fit=1000%2C666","jetpack_sharing_enabled":true,"jetpack_shortlink":"https:\/\/wp.me\/paKIfm-59t","_links":{"self":[{"href":"http:\/\/www.tvturk.com\/index.php\/wp-json\/wp\/v2\/posts\/19807","targetHints":{"allow":["GET"]}}],"collection":[{"href":"http:\/\/www.tvturk.com\/index.php\/wp-json\/wp\/v2\/posts"}],"about":[{"href":"http:\/\/www.tvturk.com\/index.php\/wp-json\/wp\/v2\/types\/post"}],"author":[{"embeddable":true,"href":"http:\/\/www.tvturk.com\/index.php\/wp-json\/wp\/v2\/users\/1"}],"replies":[{"embeddable":true,"href":"http:\/\/www.tvturk.com\/index.php\/wp-json\/wp\/v2\/comments?post=19807"}],"version-history":[{"count":0,"href":"http:\/\/www.tvturk.com\/index.php\/wp-json\/wp\/v2\/posts\/19807\/revisions"}],"wp:featuredmedia":[{"embeddable":true,"href":"http:\/\/www.tvturk.com\/index.php\/wp-json\/wp\/v2\/media\/19808"}],"wp:attachment":[{"href":"http:\/\/www.tvturk.com\/index.php\/wp-json\/wp\/v2\/media?parent=19807"}],"wp:term":[{"taxonomy":"category","embeddable":true,"href":"http:\/\/www.tvturk.com\/index.php\/wp-json\/wp\/v2\/categories?post=19807"},{"taxonomy":"post_tag","embeddable":true,"href":"http:\/\/www.tvturk.com\/index.php\/wp-json\/wp\/v2\/tags?post=19807"}],"curies":[{"name":"wp","href":"https:\/\/api.w.org\/{rel}","templated":true}]}}