{"id":198070,"date":"2019-08-31T09:01:25","date_gmt":"2019-08-31T06:01:25","guid":{"rendered":"http:\/\/www.tvturk.com\/index.php\/30-agustos-zafer-bayrami-basaksehirde-coskuyla-kutlandi\/"},"modified":"2019-08-31T09:01:25","modified_gmt":"2019-08-31T06:01:25","slug":"30-agustos-zafer-bayrami-basaksehirde-coskuyla-kutlandi","status":"publish","type":"post","link":"http:\/\/www.tvturk.com\/index.php\/30-agustos-zafer-bayrami-basaksehirde-coskuyla-kutlandi\/","title":{"rendered":"30 A\u011fustos Zafer Bayram\u0131 Ba\u015fak\u015fehir\u2019de co\u015fkuyla kutland\u0131"},"content":{"rendered":"<p>Ba\u015fak\u015fehir\u2019de 30 A\u011fustos Zafer Bayram\u0131 m\u00fcnasebetiyle d\u00fczenlenen etkinlikte Yusuf G\u00fcney r\u00fczgar\u0131 esti. Ba\u015fak\u015fehir Belediyesi 2\u2019nci Gen\u00e7lik Oyunlar\u0131  Hitabet Yar\u0131\u015fmas\u0131 birincisi Enes Atak \u2018Bayrak\u2019 \u015fiiri ile vatanda\u015flara duygusal anlar ya\u015fatt\u0131.<\/p>\n<p>Ba\u015fak\u015fehir Belediyesi 30 A\u011fustos Zafer Bayram\u0131 dolay\u0131s\u0131yla \u00e7e\u015fitli etkinliklere imza att\u0131. Ba\u015fak\u015fehir G\u00f6let\u2019te d\u00fczenlenen etkinliklerde \u00e7ocuk ve yeti\u015fkin bando tak\u0131m\u0131 ve halk oyunlar\u0131 ile Ba\u015fak\u015fehirliler doyas\u0131ya e\u011flendi. Al bayraklar\u0131n dalgaland\u0131\u011f\u0131 etkinlikte Ba\u015fak\u015fehir Belediyesi 2. Gen\u00e7lik Oyunlar\u0131  Hitabet Yar\u0131\u015fmas\u0131 birincisi Enes Atak \u2018Bayrak\u2019 \u015fiiri ile vatanda\u015flara duygu dolu anlar ya\u015fatt\u0131. Motif Halk Oyunlar\u0131 ekibi Kafkas dans\u0131 b\u0131\u00e7ak oyununda sahneye izleyicilerden birini alarak renkli g\u00f6r\u00fcnt\u00fcler olu\u015fturdu. \u00d6te yandan Yusuf G\u00fcney konseri ile vatanda\u015flar 30 A\u011fustos Zafer Bayram\u0131\u2019nda g\u00f6n\u00fcllerince e\u011flendi.<\/p>\n<p>\u201cNe mutlu ki b\u00f6yle bir vatan\u0131n evlatlar\u0131y\u0131z, b\u00f6yle atalar\u0131m\u0131z var\u201d<\/p>\n<p>30 A\u011fustos Zafer Bayram\u0131 etkinli\u011finde konu\u015fan Ba\u015fak\u015fehir Belediye Ba\u015fkan\u0131 Yasin Karto\u011flu, \u201cA\u011fustos ay\u0131 zafer ay\u0131d\u0131r. Bug\u00fcn 30 A\u011fustos ama daha \u00f6ncesi 26 A\u011fustos\u2019ta bildi\u011finiz gibi Malazgirt Zaferimizi kutlad\u0131k. Bu cennet vatana Sultan Alparslan\u2019la bir vatan olu\u015fturup daha sonras\u0131nda da zafer bayram\u0131 olu\u015fturacak olan \u0130stiklal m\u00fccadelesiyle de t\u00fcm d\u00fcnyaya bu \u00fclkenin bu yurdu vatan edindi\u011finin kan\u0131t\u0131n\u0131 hep beraber g\u00f6stermi\u015f olduk. Ne mutlu ki b\u00f6yle bir vatan\u0131n evlatlar\u0131y\u0131z. Ne mutlu ki bizim b\u00f6yle atalar\u0131m\u0131z var. Ben bu vesileyle ba\u015fta Gazi Mustafa Kemal Atat\u00fcrk\u2019\u00fc ve kurulu\u015fundan bug\u00fcne kadar hatta bu \u00fclkeyi yurt edinmek i\u00e7in Sultan Alparslan ile birlikte ordusuyla birlikte bug\u00fcne kadar t\u00fcm \u015fehitlerimize, \u00fclkemize ve milletimize vermi\u015f oldu\u011fu bu g\u00fczel hediye i\u00e7in Allah\u2019tan rahmet diliyorum\u201c dedi.<\/p>\n<p>\u201cZaferimizi ailemle birlikte en mutlu \u015fekilde kutluyoruz\u201d<\/p>\n<p>Ailesi ile birlikte etkinli\u011fe kat\u0131ld\u0131klar\u0131n\u0131 s\u00f6yleyen Mutlu G\u00fcven\u00e7, \u201cBug\u00fcn \u00e7ok mutlu bir g\u00fcn bug\u00fcn zaferimiz o y\u00fczden t\u00fcm ailemle bug\u00fcn\u00fc en mutlu \u015fekilde kutluyoruz. Bundan daha mutlu bir g\u00fcn\u00fcm\u00fcz olamaz. Biz her \u015feyi d\u00f6rt d\u00f6rtl\u00fck kutlad\u0131k. Belediye \u00e7ok iyi planlam\u0131\u015f insanlara yer haz\u0131rlam\u0131\u015f. Belediyeye ve eme\u011fi ge\u00e7en herkese  \u00e7ok te\u015fekk\u00fcr ediyorum\u201d diye konu\u015ftu.<\/p>\n<p>Ba\u015fak\u015fehir G\u00f6letteki 30 A\u011fustos Zafer Bayram\u0131 etkinli\u011fine kat\u0131ld\u0131\u011f\u0131ndan dolay\u0131 \u00e7ok memnun oldu\u011funu ifade eden Adem \u0130lhan ise, \u201cTabi insanlar\u0131n bu duyarl\u0131l\u0131kta olmalar\u0131 \u00e7ok memnun ediyor. Hem e\u011flenmek hem \u015fehitlerimizi anmak bu konuda duyarl\u0131 bir vatanda\u015f olmak \u00f6nemli b\u00f6yle zamanlarda alanlarda olmak daha \u00f6nemli te\u015fekk\u00fcr ediyorum belediyenin yapt\u0131\u011f\u0131 bu organizasyon i\u00e7in\u201d \u015feklinde konu\u015ftu.<\/p>\n","protected":false},"excerpt":{"rendered":"<p>BA\u015eAK\u015eEH\u0130R\u2019DE 30 A\u011eUSTOS ZAFER BAYRAMI M\u00dcNASEBET\u0130YLE D\u00dcZENLENEN ETK\u0130NL\u0130KTE YUSUF G\u00dcNEY R\u00dcZGARI EST\u0130. BA\u015eAK\u015eEH\u0130R BELED\u0130YES\u0130 2&#8217;NC\u0130 GEN\u00c7L\u0130K OYUNLARI  H\u0130TABET YARI\u015eMASI B\u0130R\u0130NC\u0130S\u0130 ENES ATAK \u2018BAYRAK\u2019 \u015e\u0130\u0130R\u0130 \u0130LE VATANDA\u015eLARA DUYGUSAL ANLAR YA\u015eATTI.<\/p>\n","protected":false},"author":1,"featured_media":0,"comment_status":"closed","ping_status":"open","sticky":false,"template":"","format":"standard","meta":{"jetpack_post_was_ever_published":false,"_jetpack_newsletter_access":"","_jetpack_dont_email_post_to_subs":false,"_jetpack_newsletter_tier_id":0,"_jetpack_memberships_contains_paywalled_content":false,"_jetpack_memberships_contains_paid_content":false,"footnotes":"","jetpack_publicize_message":"","jetpack_publicize_feature_enabled":true,"jetpack_social_post_already_shared":true,"jetpack_social_options":{"image_generator_settings":{"template":"highway","default_image_id":0,"font":"","enabled":false},"version":2}},"categories":[1],"tags":[17970,7852,6193,3205,2822,1868],"class_list":["post-198070","post","type-post","status-publish","format-standard","hentry","category-genel","tag-agustos","tag-basaksehirde","tag-bayrami","tag-coskuyla","tag-kutlandi","tag-zafer"],"jetpack_publicize_connections":[],"jetpack_featured_media_url":"","jetpack_sharing_enabled":true,"jetpack_shortlink":"https:\/\/wp.me\/paKIfm-PwG","_links":{"self":[{"href":"http:\/\/www.tvturk.com\/index.php\/wp-json\/wp\/v2\/posts\/198070","targetHints":{"allow":["GET"]}}],"collection":[{"href":"http:\/\/www.tvturk.com\/index.php\/wp-json\/wp\/v2\/posts"}],"about":[{"href":"http:\/\/www.tvturk.com\/index.php\/wp-json\/wp\/v2\/types\/post"}],"author":[{"embeddable":true,"href":"http:\/\/www.tvturk.com\/index.php\/wp-json\/wp\/v2\/users\/1"}],"replies":[{"embeddable":true,"href":"http:\/\/www.tvturk.com\/index.php\/wp-json\/wp\/v2\/comments?post=198070"}],"version-history":[{"count":0,"href":"http:\/\/www.tvturk.com\/index.php\/wp-json\/wp\/v2\/posts\/198070\/revisions"}],"wp:attachment":[{"href":"http:\/\/www.tvturk.com\/index.php\/wp-json\/wp\/v2\/media?parent=198070"}],"wp:term":[{"taxonomy":"category","embeddable":true,"href":"http:\/\/www.tvturk.com\/index.php\/wp-json\/wp\/v2\/categories?post=198070"},{"taxonomy":"post_tag","embeddable":true,"href":"http:\/\/www.tvturk.com\/index.php\/wp-json\/wp\/v2\/tags?post=198070"}],"curies":[{"name":"wp","href":"https:\/\/api.w.org\/{rel}","templated":true}]}}