{"id":198112,"date":"2019-08-31T11:16:43","date_gmt":"2019-08-31T08:16:43","guid":{"rendered":"http:\/\/www.tvturk.com\/index.php\/doktor-sahit-oldugu-teror-operasyonlarini-satirlara-doktu\/"},"modified":"2019-08-31T11:16:43","modified_gmt":"2019-08-31T08:16:43","slug":"doktor-sahit-oldugu-teror-operasyonlarini-satirlara-doktu","status":"publish","type":"post","link":"http:\/\/www.tvturk.com\/index.php\/doktor-sahit-oldugu-teror-operasyonlarini-satirlara-doktu\/","title":{"rendered":"Doktor, \u015fahit oldu\u011fu \u2018Ter\u00f6r operasyonlar\u0131n\u0131\u2019 sat\u0131rlara d\u00f6kt\u00fc"},"content":{"rendered":"<p>2012-2017 y\u0131llar\u0131nda Silopi\u2019de ter\u00f6r \u00f6rg\u00fct\u00fc PKK\u2019ya y\u00f6nelik yap\u0131lan hendek operasyonlar\u0131nda g\u00f6rev alan Dr. Kamil Konur ya\u015fad\u0131klar\u0131n\u0131 kitaba d\u00f6kt\u00fc.<\/p>\n<p>\u015e\u0131rnak\u2019\u0131n Silopi il\u00e7esinde ki g\u00f6revinin ard\u0131ndan Recep Tayyip Erdo\u011fan \u00dcniversitesi E\u011fitim ve Ara\u015ft\u0131rma hastanesinde g\u00f6reve ba\u015flayan Dr. Kamil Konur, g\u00f6rev yapt\u0131\u011f\u0131 s\u00fcre i\u00e7erisinde ger\u00e7ekle\u015fen \u2018Hendek operasyonlar\u0131nda\u2019 ya\u015fad\u0131klar\u0131n\u0131 yazarak kitap haline getirdi. Kahraman T\u00fcrk askerinin ter\u00f6r \u00f6rg\u00fctlerine kar\u015f\u0131 amans\u0131z m\u00fccadelesi, \u015fehit hikayeleri Dr. Konur\u2019un kaleme ald\u0131\u011f\u0131 \u2018\u015eehidim \u015eahidim\u2019 kitab\u0131yla ortaya \u00e7\u0131kt\u0131.<\/p>\n<p>2. bask\u0131s\u0131 ger\u00e7ekle\u015ftirilen 160 sayfal\u0131k kitab\u0131 yazarken en b\u00fcy\u00fck deste\u011fi \u00f6\u011fretmen olan e\u015finden ald\u0131\u011f\u0131n\u0131 ve kitab\u0131n tahmin etti\u011finden daha fazla ses getirdi\u011fini dile getiren Konur \u201cG\u00fcvenlik g\u00fc\u00e7lerimizle i\u00e7 i\u00e7eydim. O d\u00f6nem ne yaz\u0131k ki hendek ter\u00f6r\u00fcn\u00fcn zirve yapt\u0131\u011f\u0131 d\u00f6nemdi. Bir \u00e7ok olaya \u015fahit oldum, bir \u00e7ok olay\u0131 g\u00f6zlemleme, analiz etme f\u0131rsat\u0131m oldu. Olaylar\u0131n \u00e7o\u011fu ac\u0131 tecr\u00fcbeler, dramlardan ibaret. Bu y\u00fczden unutulmas\u0131n istedim. Tabii ki ba\u015fta kitap yazma amac\u0131m yoktu, hat\u0131ra olarak yazd\u0131m. Sonra kitaba d\u00f6n\u00fc\u015ft\u00fcrd\u00fck\u201d dedi.<\/p>\n<p>G\u00f6rev s\u00fcrecinde \u015fahit oldu\u011fu olaylar\u0131n kendisine b\u00fcy\u00fck bir tecr\u00fcbe kazand\u0131rd\u0131\u011f\u0131n\u0131 dile getiren Konur, \u201cAn\u0131lar\u0131m\u0131z ne yaz\u0131k ki \u00e7ok ac\u0131. A\u011fabeyim yerine koydu\u011fum insanlar\u0131 ellerimde \u015fehit verdim. Ger\u00e7ekten anlatmakta dahi zorlan\u0131yorum. \u00c7ok zor zamanlard\u0131. Oraya ilk gitti\u011fim halimle d\u00f6nd\u00fc\u011f\u00fcm halime bak\u0131yorum, hayat tecr\u00fcbesi a\u00e7\u0131s\u0131ndan inan\u0131lmaz \u015feyler elde ettim. G\u00fcvenlik g\u00fc\u00e7leriyle konu\u015ftu\u011fumuzda kendilerinin bile ya\u015famad\u0131\u011f\u0131 olaylar\u0131 g\u00f6rd\u00fc\u011f\u00fcm\u00fc s\u00f6ylediler. Sava\u015f kelimesini kullanmak istemiyorum ama sava\u015f ortam\u0131 vard\u0131, g\u00fcnlerce a\u00e7 kald\u0131\u011f\u0131m\u0131z\u0131 bilirim\u201d c\u00fcmleleriyle hem ya\u015fad\u0131klar\u0131n\u0131 \u00f6zetledi hem de kitab\u0131n\u0131n ipu\u00e7lar\u0131n\u0131 verdi.<\/p>\n","protected":false},"excerpt":{"rendered":"<p>2012-2017 YILLARINDA S\u0130LOP\u0130\u2019DE TER\u00d6R \u00d6RG\u00dcT\u00dc PKK&#8217;YA Y\u00d6NEL\u0130K YAPILAN HENDEK OPERASYONLARINDA G\u00d6REV ALAN DR. KAM\u0130L KONUR YA\u015eADIKLARINI K\u0130TABA D\u00d6KT\u00dc.<\/p>\n","protected":false},"author":1,"featured_media":0,"comment_status":"closed","ping_status":"open","sticky":false,"template":"","format":"standard","meta":{"jetpack_post_was_ever_published":false,"_jetpack_newsletter_access":"","_jetpack_dont_email_post_to_subs":false,"_jetpack_newsletter_tier_id":0,"_jetpack_memberships_contains_paywalled_content":false,"_jetpack_memberships_contains_paid_content":false,"footnotes":"","jetpack_publicize_message":"","jetpack_publicize_feature_enabled":true,"jetpack_social_post_already_shared":true,"jetpack_social_options":{"image_generator_settings":{"template":"highway","default_image_id":0,"font":"","enabled":false},"version":2}},"categories":[1],"tags":[663,5940,1974,44540,27586,49792,3990],"class_list":["post-198112","post","type-post","status-publish","format-standard","hentry","category-genel","tag-doktor","tag-doktu","tag-oldugu","tag-operasyonlarini","tag-sahit","tag-satirlara","tag-teror"],"jetpack_publicize_connections":[],"jetpack_featured_media_url":"","jetpack_sharing_enabled":true,"jetpack_shortlink":"https:\/\/wp.me\/paKIfm-Pxm","_links":{"self":[{"href":"http:\/\/www.tvturk.com\/index.php\/wp-json\/wp\/v2\/posts\/198112","targetHints":{"allow":["GET"]}}],"collection":[{"href":"http:\/\/www.tvturk.com\/index.php\/wp-json\/wp\/v2\/posts"}],"about":[{"href":"http:\/\/www.tvturk.com\/index.php\/wp-json\/wp\/v2\/types\/post"}],"author":[{"embeddable":true,"href":"http:\/\/www.tvturk.com\/index.php\/wp-json\/wp\/v2\/users\/1"}],"replies":[{"embeddable":true,"href":"http:\/\/www.tvturk.com\/index.php\/wp-json\/wp\/v2\/comments?post=198112"}],"version-history":[{"count":0,"href":"http:\/\/www.tvturk.com\/index.php\/wp-json\/wp\/v2\/posts\/198112\/revisions"}],"wp:attachment":[{"href":"http:\/\/www.tvturk.com\/index.php\/wp-json\/wp\/v2\/media?parent=198112"}],"wp:term":[{"taxonomy":"category","embeddable":true,"href":"http:\/\/www.tvturk.com\/index.php\/wp-json\/wp\/v2\/categories?post=198112"},{"taxonomy":"post_tag","embeddable":true,"href":"http:\/\/www.tvturk.com\/index.php\/wp-json\/wp\/v2\/tags?post=198112"}],"curies":[{"name":"wp","href":"https:\/\/api.w.org\/{rel}","templated":true}]}}