{"id":198130,"date":"2019-08-31T11:32:02","date_gmt":"2019-08-31T08:32:02","guid":{"rendered":"http:\/\/www.tvturk.com\/index.php\/efeler-vm-medical-park-bursada-kontrolden-gecti\/"},"modified":"2019-08-31T11:32:02","modified_gmt":"2019-08-31T08:32:02","slug":"efeler-vm-medical-park-bursada-kontrolden-gecti","status":"publish","type":"post","link":"http:\/\/www.tvturk.com\/index.php\/efeler-vm-medical-park-bursada-kontrolden-gecti\/","title":{"rendered":"Efeler, VM Med\u0131cal Park Bursa\u2019da kontrolden ge\u00e7ti"},"content":{"rendered":"<p>TVF Efeler Ligi\u2019nde m\u00fccadele edecek olan Bursa B\u00fcy\u00fck\u015fehir Belediyespor Kul\u00fcb\u00fc voleybolcular\u0131, yeni sezon \u00f6ncesi sa\u011fl\u0131k kontrol\u00fcnden ge\u00e7ti.<\/p>\n<p>Ge\u00e7en sezon Birinci Lig\u2019i \u015fampiyon bitirerek T\u00fcrkiye Voleybol Federasyonu Efeler Ligi\u2019ne y\u00fckselmeyi ba\u015faran Bursa B\u00fcy\u00fck\u015fehir Belediyespor Kul\u00fcb\u00fc voleybolcular\u0131, yeni sezon \u00f6ncesi VM Medical Park Bursa Hastanesi\u2019nde sa\u011fl\u0131k kontrollerini tamamlad\u0131. Voleybolcular Esat Dalk\u0131l\u0131\u00e7, Metin Durmu\u015f, Bo\u011fa\u00e7 Han Zambak, \u00d6mer Furkan Dur, Altay Mustafa Demirci, Ediz Kaan F\u0131r\u0131nc\u0131o\u011flu, \u0130brahim Ersan Ba\u015faran, H\u00fcseyin Ko\u00e7, Cans\u0131n Hac\u0131bekiro\u011flu, Leonardo Henrique ve Allison Melo ile birlikte teknik ekipten A Tak\u0131m Ba\u015f Antren\u00f6r\u00fc Fazil Demirci, yard\u0131mc\u0131 antren\u00f6rler Burak Yavuz ve \u00d6zer \u00d6zger, \u0130statistik Antren\u00f6r\u00fc Mustafa Ak, kondisyoner Ramazan \u00c7\u00f6mlek ve Mas\u00f6r Bahri G\u00f6\u00e7o\u011flu da kontrolden ge\u00e7ti. Kan tahlili, EFOR testi ve EKG\u2019nin yan\u0131 s\u0131ra kardiyoloji, genel cerrahi, ortopedi, g\u00f6z ve i\u00e7 hastal\u0131klar\u0131 kontrolleri yap\u0131lan sporcular ve teknik heyette herhangi bir sa\u011fl\u0131k problemi bulunmad\u0131.<\/p>\n<p>\u0130lk hedef, ply-off<\/p>\n<p>A Tak\u0131m Ba\u015f Antren\u00f6r\u00fc Fazil Demirci, sa\u011fl\u0131k kontrolleri ve yeni sezon haz\u0131rl\u0131k s\u00fcreciyle ilgili \u015funlar\u0131 s\u00f6yledi: Teknik ekip olarak biz de kontrolden ge\u00e7tik. Hem doktorlar, hem \u00e7al\u0131\u015fanlar sa\u011f olsunlar \u00e7ok ilgilendiler. Sezon, Ekim\u2019de ba\u015flayacak. \u015eimdi kendi tesislerimizde idmanlar\u0131m\u0131z\u0131 yap\u0131yoruz. Cengiz G\u00f6ll\u00fc Salonu\u2019nda idmanlar\u0131m\u0131z devam ediyor. Haz\u0131rl\u0131k ma\u00e7lar\u0131m\u0131z olacak. \u0130yi bir kamp d\u00f6nemi ge\u00e7iriyoruz. Yapt\u0131\u011f\u0131m\u0131z idmanlar, kamp gibi zaten. Ge\u00e7en sezon Birinci Lig\u2019den S\u00fcper Lig\u2019e \u00e7\u0131kt\u0131 tak\u0131m\u0131m\u0131z&#8230; Efeler Ligi\u2019ne \u00e7\u0131kmakla birlikte hedef art\u0131k b\u00fcy\u00fcd\u00fc. \u0130lk sezonumuzda gerekeni yapaca\u011f\u0131z. \u00dcst s\u0131ralarda, \u00f6nce play-off\u2019u garantilemeyi hedefliyoruz. Play-off\u2019ta gidebildi\u011fimiz yere kadar gitmeye \u00e7al\u0131\u015faca\u011f\u0131z. Ge\u00e7en y\u0131ldan 5 oyuncumuz kald\u0131. 2 Brezilyal\u0131, 1 \u0130ranl\u0131 oyuncumuz var. Yeni yerli oyuncular\u0131m\u0131z da var. Kadromuz yenilendi, g\u00fc\u00e7lendi. \u0130yi bir ekip olduk, gayet g\u00fczel bir diyalog var.<\/p>\n","protected":false},"excerpt":{"rendered":"<p>TVF EFELER L\u0130G\u0130\u2019NDE M\u00dcCADELE EDECEK OLAN BURSA B\u00dcY\u00dcK\u015eEH\u0130R BELED\u0130YESPOR KUL\u00dcB\u00dc VOLEYBOLCULARI, YEN\u0130 SEZON \u00d6NCES\u0130 SA\u011eLIK KONTROL\u00dcNDEN GE\u00c7T\u0130.<\/p>\n","protected":false},"author":1,"featured_media":0,"comment_status":"closed","ping_status":"open","sticky":false,"template":"","format":"standard","meta":{"jetpack_post_was_ever_published":false,"_jetpack_newsletter_access":"","_jetpack_dont_email_post_to_subs":false,"_jetpack_newsletter_tier_id":0,"_jetpack_memberships_contains_paywalled_content":false,"_jetpack_memberships_contains_paid_content":false,"footnotes":"","jetpack_publicize_message":"","jetpack_publicize_feature_enabled":true,"jetpack_social_post_already_shared":true,"jetpack_social_options":{"image_generator_settings":{"template":"highway","default_image_id":0,"font":"","enabled":false},"version":2}},"categories":[1],"tags":[1032,671,1512,3838,11883,673],"class_list":["post-198130","post","type-post","status-publish","format-standard","hentry","category-genel","tag-bursada","tag-efeler","tag-gecti","tag-kontrolden","tag-medical","tag-park"],"jetpack_publicize_connections":[],"jetpack_featured_media_url":"","jetpack_sharing_enabled":true,"jetpack_shortlink":"https:\/\/wp.me\/paKIfm-PxE","_links":{"self":[{"href":"http:\/\/www.tvturk.com\/index.php\/wp-json\/wp\/v2\/posts\/198130","targetHints":{"allow":["GET"]}}],"collection":[{"href":"http:\/\/www.tvturk.com\/index.php\/wp-json\/wp\/v2\/posts"}],"about":[{"href":"http:\/\/www.tvturk.com\/index.php\/wp-json\/wp\/v2\/types\/post"}],"author":[{"embeddable":true,"href":"http:\/\/www.tvturk.com\/index.php\/wp-json\/wp\/v2\/users\/1"}],"replies":[{"embeddable":true,"href":"http:\/\/www.tvturk.com\/index.php\/wp-json\/wp\/v2\/comments?post=198130"}],"version-history":[{"count":0,"href":"http:\/\/www.tvturk.com\/index.php\/wp-json\/wp\/v2\/posts\/198130\/revisions"}],"wp:attachment":[{"href":"http:\/\/www.tvturk.com\/index.php\/wp-json\/wp\/v2\/media?parent=198130"}],"wp:term":[{"taxonomy":"category","embeddable":true,"href":"http:\/\/www.tvturk.com\/index.php\/wp-json\/wp\/v2\/categories?post=198130"},{"taxonomy":"post_tag","embeddable":true,"href":"http:\/\/www.tvturk.com\/index.php\/wp-json\/wp\/v2\/tags?post=198130"}],"curies":[{"name":"wp","href":"https:\/\/api.w.org\/{rel}","templated":true}]}}