{"id":198140,"date":"2019-08-31T11:46:35","date_gmt":"2019-08-31T08:46:35","guid":{"rendered":"http:\/\/www.tvturk.com\/index.php\/yaz-mevsiminin-son-gunlerinden-1-metre-kar-kutlesi-onunde-fotograf-cektirdiler\/"},"modified":"2019-08-31T11:46:35","modified_gmt":"2019-08-31T08:46:35","slug":"yaz-mevsiminin-son-gunlerinden-1-metre-kar-kutlesi-onunde-fotograf-cektirdiler","status":"publish","type":"post","link":"http:\/\/www.tvturk.com\/index.php\/yaz-mevsiminin-son-gunlerinden-1-metre-kar-kutlesi-onunde-fotograf-cektirdiler\/","title":{"rendered":"Yaz mevsiminin son g\u00fcnlerinden 1 metre kar k\u00fctlesi \u00f6n\u00fcnde foto\u011fraf \u00e7ektirdiler"},"content":{"rendered":"<p>Batman\u2019\u0131n Sason il\u00e7esinde bulunan 3 bin rak\u0131ml\u0131 Mereto Da\u011f\u0131na t\u0131rmanan bir grup do\u011fa sever yaz mevsiminin son g\u00fcnlerinde 1 metreyi a\u015fan kar k\u00fctlelerinin \u00f6n\u00fcnde poz vermenin keyfini ya\u015fad\u0131.<\/p>\n<p>A\u011fustos ay\u0131n\u0131n son g\u00fcn\u00fcnde il\u00e7eye ba\u011fl\u0131 3 bin rak\u0131ml\u0131 Mereto Da\u011f\u0131na t\u0131rmanarak arkada\u015flar\u0131yla birlikte foto\u011fraf \u00e7ektirmenin keyfini ya\u015fad\u0131klar\u0131n\u0131 belirten do\u011fa sever vatanda\u015flardan Mehmet Bay\u0131nd\u0131r, kar k\u00fctlelerini g\u00f6r\u00fcnce \u015fa\u015fk\u0131nl\u0131\u011f\u0131n\u0131 gizleyemedi\u011fini s\u00f6yledi. Bay\u0131nd\u0131r, \u201c\u00c7evre illerden ve Batman il merkezi ile il\u00e7elerinden bir araya geldi\u011fimiz bir grup do\u011fa sever arkada\u015flar\u0131m\u0131z ile birlikte b\u00f6lgenin en y\u00fcksek da\u011f\u0131 olan 3 bin rak\u0131ml\u0131 Mereto Da\u011f\u0131na \u00e7\u0131kma karar\u0131 ald\u0131k. Sason il\u00e7esinde bir araya gelerek sabah\u0131n ilk \u0131\u015f\u0131klar\u0131yla berber t\u0131rman\u0131\u015fa ba\u015flad\u0131k. 2 saatlik bir yolculu\u011fun ard\u0131ndan Mereto Da\u011f\u0131na vard\u0131k. Daha \u00f6nce Mereto Da\u011f\u0131na t\u0131rmanan arkada\u015flar\u0131mdan halen da\u011fda kar oldu\u011funu duymu\u015ftum ama bu kadar fazla oldu\u011funu d\u00fc\u015f\u00fcnmemi\u015ftim. Kar k\u00fctlelerini g\u00f6r\u00fcnce \u00e7ok \u015fa\u015f\u0131rd\u0131m. Yaz mevsiminin son g\u00fcnde bir metreyi bulan kar k\u00fctlesi \u00f6n\u00fcnde bol bol foto\u011fraf \u00e7ekerek arkada\u015flar\u0131m\u0131zla payla\u015ft\u0131k. G\u00f6nderdi\u011fimiz foto\u011fraflar\u0131 g\u00f6ren bir\u00e7ok arkada\u015f\u0131m\u0131zda ilk f\u0131rsata Mereto Da\u011f\u0131na t\u0131rmanmak istedi\u011fini belirtti. Mereto Da\u011f\u0131 halen ilkbahar gibi kar\u0131n olmad\u0131\u011f\u0131 yerlerde yemye\u015fildir. Unutulmaz bir g\u00fcn ya\u015fad\u0131k\u201d dedi.<\/p>\n","protected":false},"excerpt":{"rendered":"<p>BATMAN\u2019IN SASON \u0130L\u00c7ES\u0130NDE BULUNAN 3 B\u0130N RAKIMLI MERETO DA\u011eINA TIRMANAN B\u0130R GRUP DO\u011eA SEVER YAZ MEVS\u0130M\u0130N\u0130N SON G\u00dcNLER\u0130NDE 1 METREY\u0130 A\u015eAN KAR K\u00dcTLELER\u0130N\u0130N \u00d6N\u00dcNDE POZ VERMEN\u0130N KEYF\u0130N\u0130 YA\u015eADI.<\/p>\n","protected":false},"author":1,"featured_media":0,"comment_status":"closed","ping_status":"open","sticky":false,"template":"","format":"standard","meta":{"jetpack_post_was_ever_published":false,"_jetpack_newsletter_access":"","_jetpack_dont_email_post_to_subs":false,"_jetpack_newsletter_tier_id":0,"_jetpack_memberships_contains_paywalled_content":false,"_jetpack_memberships_contains_paid_content":false,"footnotes":"","jetpack_publicize_message":"","jetpack_publicize_feature_enabled":true,"jetpack_social_post_already_shared":true,"jetpack_social_options":{"image_generator_settings":{"template":"highway","default_image_id":0,"font":"","enabled":false},"version":2}},"categories":[1],"tags":[49798,5874,49797,878,9011,7091,26173,3565,1240,183],"class_list":["post-198140","post","type-post","status-publish","format-standard","hentry","category-genel","tag-cektirdiler","tag-fotograf","tag-gunlerinden","tag-kar","tag-kutlesi","tag-metre","tag-mevsiminin","tag-onunde","tag-son","tag-yaz"],"jetpack_publicize_connections":[],"jetpack_featured_media_url":"","jetpack_sharing_enabled":true,"jetpack_shortlink":"https:\/\/wp.me\/paKIfm-PxO","_links":{"self":[{"href":"http:\/\/www.tvturk.com\/index.php\/wp-json\/wp\/v2\/posts\/198140","targetHints":{"allow":["GET"]}}],"collection":[{"href":"http:\/\/www.tvturk.com\/index.php\/wp-json\/wp\/v2\/posts"}],"about":[{"href":"http:\/\/www.tvturk.com\/index.php\/wp-json\/wp\/v2\/types\/post"}],"author":[{"embeddable":true,"href":"http:\/\/www.tvturk.com\/index.php\/wp-json\/wp\/v2\/users\/1"}],"replies":[{"embeddable":true,"href":"http:\/\/www.tvturk.com\/index.php\/wp-json\/wp\/v2\/comments?post=198140"}],"version-history":[{"count":0,"href":"http:\/\/www.tvturk.com\/index.php\/wp-json\/wp\/v2\/posts\/198140\/revisions"}],"wp:attachment":[{"href":"http:\/\/www.tvturk.com\/index.php\/wp-json\/wp\/v2\/media?parent=198140"}],"wp:term":[{"taxonomy":"category","embeddable":true,"href":"http:\/\/www.tvturk.com\/index.php\/wp-json\/wp\/v2\/categories?post=198140"},{"taxonomy":"post_tag","embeddable":true,"href":"http:\/\/www.tvturk.com\/index.php\/wp-json\/wp\/v2\/tags?post=198140"}],"curies":[{"name":"wp","href":"https:\/\/api.w.org\/{rel}","templated":true}]}}