{"id":198142,"date":"2019-08-31T11:46:42","date_gmt":"2019-08-31T08:46:42","guid":{"rendered":"http:\/\/www.tvturk.com\/index.php\/koreliler-bursayi-tanitiyor\/"},"modified":"2019-08-31T11:46:42","modified_gmt":"2019-08-31T08:46:42","slug":"koreliler-bursayi-tanitiyor","status":"publish","type":"post","link":"http:\/\/www.tvturk.com\/index.php\/koreliler-bursayi-tanitiyor\/","title":{"rendered":"Koreliler Bursa\u2019y\u0131 tan\u0131t\u0131yor"},"content":{"rendered":"<p>B\u00fcy\u00fck\u015fehir Belediye Ba\u015fkan\u0131 Alinur Akta\u015f, Bursa\u2019n\u0131n turistik \u00f6zelliklerini kendi sosyal medya hesaplar\u0131ndan payla\u015farak \u015fehrin tan\u0131t\u0131m\u0131na katk\u0131 sa\u011flayan G\u00fcney Koreli fenomenlerle bir araya geldi.<\/p>\n<p>Dost ve karde\u015f iki \u00fclke aras\u0131nda ba\u015flat\u0131lan turizm faaliyetleri \u00e7er\u00e7evesinde BEBKA, Bursa K\u00fclt\u00fcr, Turizm ve Tan\u0131tma Birli\u011fi ile T\u00fcrkiye Seyahat Acentalar\u0131 Birli\u011fi (T\u00dcRSAB) G\u00fcney Marmara B\u00f6lge Temsil Kurulu i\u015f birli\u011fiyle Bursa\u2019ya gelen G\u00fcney Koreli konuklar, tarih\u00ee ve turistik yerleri gezdi. Ulu Cami, Kapal\u0131\u00e7ar\u015f\u0131, hanlar b\u00f6lgesi, Osman Gazi ve Orhan Gazi T\u00fcrbeleri, Tophane, Ye\u015fil T\u00fcrbe, Irgand\u0131 K\u00f6pr\u00fcs\u00fc gibi tarih\u00ee yerlerin yan\u0131 s\u0131ra 700 y\u0131ll\u0131k Osmanl\u0131 k\u00f6y\u00fc Cumal\u0131k\u0131z\u0131k, \u0130nkaya, Uluda\u011f, G\u00f6lyaz\u0131 ve \u0130znik gibi \u00f6nemli turizm b\u00f6lgelerini ziyaret eden G\u00fcney Koreli fenomenler, bol bol foto\u011fraf ve video \u00e7ekerek sosyal medya hesaplar\u0131nda payla\u015ft\u0131. \u0130skender kebab\u0131, \u0130neg\u00f6l k\u00f6ftesi, kestane \u015fekeri gibi y\u00f6resel lezzetleri de tadan G\u00fcney Koreliler, bunlarla ilgili de takip\u00e7ilerine tan\u0131t\u0131c\u0131 payla\u015f\u0131mlarda bulundu.<\/p>\n<p>Bursa\u2019n\u0131n tarihi, k\u00fclt\u00fcrel ve turistik de\u011ferleri ile y\u00f6resel lezzetlerine hayran kalan G\u00fcney Koreli sosyal medya fenomeni ve blog yazarlar\u0131, Dobruca Sosyal Tesisleri\u2019nde Bursa B\u00fcy\u00fck\u015fehir Belediye Ba\u015fkan\u0131 Alinur Akta\u015f ile bir araya geldi. T\u00dcRSAB G\u00fcney Marmara B\u00f6lge Temsil Kurulu Ba\u015fkan\u0131 Murat Sara\u00e7o\u011flu\u2019nun da kat\u0131ld\u0131\u011f\u0131 yemekte konu\u015fan Ba\u015fkan Akta\u015f, her \u00fclkenin birbirleriyle farkl\u0131 ili\u015fkileri oldu\u011funu ancak T\u00fcrkiye ile G\u00fcney Kore aras\u0131ndaki ili\u015fkilerin \u00f6zel bir pozisyonu oldu\u011funu vurgulad\u0131. \u0130ki \u00fclkenin de k\u00fclt\u00fcrleri a\u00e7\u0131s\u0131ndan \u00e7ok yak\u0131n olmad\u0131\u011f\u0131n\u0131 dile getiren Ba\u015fkan Akta\u015f, &#8220;Bu ra\u011fmen y\u0131llar \u00f6nce bizim atalar\u0131m\u0131z G\u00fcney Kore\u2019nin ba\u011f\u0131ms\u0131zl\u0131k m\u00fccadelesi i\u00e7in asker g\u00f6ndermi\u015f ve bizim orada \u015fehitlerimiz var.  \u0130ki \u00fclke b\u00fcy\u00fckel\u00e7ilerinin bizzat Bursa\u2019ya gelerek ba\u015flatt\u0131klar\u0131 bu s\u00fcrecin \u015fehirler aras\u0131ndaki ili\u015fkiyi daha da kuvvetlendirece\u011fine inan\u0131yorum&#8221; dedi. Ba\u015fkan Akta\u015f, G\u00fcney Koreli misafirlerine Bursa\u2019n\u0131n tarih\u00ee, k\u00fclt\u00fcrel ve ekonomik yap\u0131s\u0131 hakk\u0131nda da bilgiler verdi.<\/p>\n","protected":false},"excerpt":{"rendered":"<p>\u00d6NEML\u0130 TUR\u0130ZM B\u00d6LGELER\u0130N\u0130 Z\u0130YARET EDEN G\u00dcNEY KOREL\u0130 FENOMENLER, BOL BOL FOTO\u011eRAF VE V\u0130DEO \u00c7EKEREK SOSYAL MEDYA HESAPLARINDA PAYLA\u015eTI.<\/p>\n","protected":false},"author":1,"featured_media":0,"comment_status":"closed","ping_status":"open","sticky":false,"template":"","format":"standard","meta":{"jetpack_post_was_ever_published":false,"_jetpack_newsletter_access":"","_jetpack_dont_email_post_to_subs":false,"_jetpack_newsletter_tier_id":0,"_jetpack_memberships_contains_paywalled_content":false,"_jetpack_memberships_contains_paid_content":false,"footnotes":"","jetpack_publicize_message":"","jetpack_publicize_feature_enabled":true,"jetpack_social_post_already_shared":true,"jetpack_social_options":{"image_generator_settings":{"template":"highway","default_image_id":0,"font":"","enabled":false},"version":2}},"categories":[1],"tags":[9403,49799,4251],"class_list":["post-198142","post","type-post","status-publish","format-standard","hentry","category-genel","tag-bursayi","tag-koreliler","tag-tanitiyor"],"jetpack_publicize_connections":[],"jetpack_featured_media_url":"","jetpack_sharing_enabled":true,"jetpack_shortlink":"https:\/\/wp.me\/paKIfm-PxQ","_links":{"self":[{"href":"http:\/\/www.tvturk.com\/index.php\/wp-json\/wp\/v2\/posts\/198142","targetHints":{"allow":["GET"]}}],"collection":[{"href":"http:\/\/www.tvturk.com\/index.php\/wp-json\/wp\/v2\/posts"}],"about":[{"href":"http:\/\/www.tvturk.com\/index.php\/wp-json\/wp\/v2\/types\/post"}],"author":[{"embeddable":true,"href":"http:\/\/www.tvturk.com\/index.php\/wp-json\/wp\/v2\/users\/1"}],"replies":[{"embeddable":true,"href":"http:\/\/www.tvturk.com\/index.php\/wp-json\/wp\/v2\/comments?post=198142"}],"version-history":[{"count":0,"href":"http:\/\/www.tvturk.com\/index.php\/wp-json\/wp\/v2\/posts\/198142\/revisions"}],"wp:attachment":[{"href":"http:\/\/www.tvturk.com\/index.php\/wp-json\/wp\/v2\/media?parent=198142"}],"wp:term":[{"taxonomy":"category","embeddable":true,"href":"http:\/\/www.tvturk.com\/index.php\/wp-json\/wp\/v2\/categories?post=198142"},{"taxonomy":"post_tag","embeddable":true,"href":"http:\/\/www.tvturk.com\/index.php\/wp-json\/wp\/v2\/tags?post=198142"}],"curies":[{"name":"wp","href":"https:\/\/api.w.org\/{rel}","templated":true}]}}