{"id":198162,"date":"2019-08-31T12:17:05","date_gmt":"2019-08-31T09:17:05","guid":{"rendered":"http:\/\/www.tvturk.com\/index.php\/alanyasporlu-sackey-delizlispora-kiralandi\/"},"modified":"2019-08-31T12:17:05","modified_gmt":"2019-08-31T09:17:05","slug":"alanyasporlu-sackey-delizlispora-kiralandi","status":"publish","type":"post","link":"http:\/\/www.tvturk.com\/index.php\/alanyasporlu-sackey-delizlispora-kiralandi\/","title":{"rendered":"Alanyasporlu Sackey, Delizlispor\u2019a kiraland\u0131"},"content":{"rendered":"<p>Alanyaspor, 25 ya\u015f\u0131ndaki orta saha oyuncusu Isaac Sackey\u2019i S\u00fcper Lig\u2019in yeni ekiplerinden Yukatel Denizlispor\u2019a 1 y\u0131ll\u0131\u011f\u0131na kiralad\u0131.<\/p>\n<p>Alanyaspor\u2019da 25 ya\u015f\u0131ndaki orta saha oyuncusu Isaac Sackey, 1 y\u0131ll\u0131\u011f\u0131na Yukatel Denizlispor\u2019a kiraland\u0131. Kul\u00fcb\u00fcn sosyal medya hesaplar\u0131nda yap\u0131lan a\u00e7\u0131klamada, &#8220;Futbolcumuz Isaac Sackey 1 y\u0131ll\u0131\u011f\u0131na Yukatel Denizlispor\u2019a kiralanm\u0131\u015ft\u0131r. Oyuncumuza ba\u015far\u0131lar dileriz\u201d denildi.<\/p>\n<p>Ge\u00e7ti\u011fimiz sezon 21\u2019i S\u00fcper Lig, 2\u2019si T\u00fcrkiye Kupas\u0131 olmak \u00fczere toplamda 23 ma\u00e7a \u00e7\u0131kan Sackey, yeni sezonda geride kalan 2 haftada hen\u00fcz \u015fans bulamam\u0131\u015ft\u0131.<\/p>\n","protected":false},"excerpt":{"rendered":"<p>ALANYASPOR, 25 YA\u015eINDAK\u0130 ORTA SAHA OYUNCUSU ISAAC SACKEY\u2019\u0130 S\u00dcPER L\u0130G\u2019\u0130N YEN\u0130 EK\u0130PLER\u0130NDEN YUKATEL DEN\u0130ZL\u0130SPOR&#8217;A 1 YILLI\u011eINA K\u0130RALADI.<\/p>\n","protected":false},"author":1,"featured_media":0,"comment_status":"closed","ping_status":"open","sticky":false,"template":"","format":"standard","meta":{"jetpack_post_was_ever_published":false,"_jetpack_newsletter_access":"","_jetpack_dont_email_post_to_subs":false,"_jetpack_newsletter_tier_id":0,"_jetpack_memberships_contains_paywalled_content":false,"_jetpack_memberships_contains_paid_content":false,"footnotes":"","jetpack_publicize_message":"","jetpack_publicize_feature_enabled":true,"jetpack_social_post_already_shared":true,"jetpack_social_options":{"image_generator_settings":{"template":"highway","default_image_id":0,"font":"","enabled":false},"version":2}},"categories":[657],"tags":[33745,49806,49807,49805],"class_list":["post-198162","post","type-post","status-publish","format-standard","hentry","category-spor","tag-alanyasporlu","tag-delizlispora","tag-kiralandi","tag-sackey"],"jetpack_publicize_connections":[],"jetpack_featured_media_url":"","jetpack_sharing_enabled":true,"jetpack_shortlink":"https:\/\/wp.me\/paKIfm-Pya","_links":{"self":[{"href":"http:\/\/www.tvturk.com\/index.php\/wp-json\/wp\/v2\/posts\/198162","targetHints":{"allow":["GET"]}}],"collection":[{"href":"http:\/\/www.tvturk.com\/index.php\/wp-json\/wp\/v2\/posts"}],"about":[{"href":"http:\/\/www.tvturk.com\/index.php\/wp-json\/wp\/v2\/types\/post"}],"author":[{"embeddable":true,"href":"http:\/\/www.tvturk.com\/index.php\/wp-json\/wp\/v2\/users\/1"}],"replies":[{"embeddable":true,"href":"http:\/\/www.tvturk.com\/index.php\/wp-json\/wp\/v2\/comments?post=198162"}],"version-history":[{"count":0,"href":"http:\/\/www.tvturk.com\/index.php\/wp-json\/wp\/v2\/posts\/198162\/revisions"}],"wp:attachment":[{"href":"http:\/\/www.tvturk.com\/index.php\/wp-json\/wp\/v2\/media?parent=198162"}],"wp:term":[{"taxonomy":"category","embeddable":true,"href":"http:\/\/www.tvturk.com\/index.php\/wp-json\/wp\/v2\/categories?post=198162"},{"taxonomy":"post_tag","embeddable":true,"href":"http:\/\/www.tvturk.com\/index.php\/wp-json\/wp\/v2\/tags?post=198162"}],"curies":[{"name":"wp","href":"https:\/\/api.w.org\/{rel}","templated":true}]}}