{"id":198164,"date":"2019-08-31T12:46:52","date_gmt":"2019-08-31T09:46:52","guid":{"rendered":"http:\/\/www.tvturk.com\/index.php\/irfan-buz-gumushaneye-3-puan-icin-gidiyoruz\/"},"modified":"2019-08-31T12:46:52","modified_gmt":"2019-08-31T09:46:52","slug":"irfan-buz-gumushaneye-3-puan-icin-gidiyoruz","status":"publish","type":"post","link":"http:\/\/www.tvturk.com\/index.php\/irfan-buz-gumushaneye-3-puan-icin-gidiyoruz\/","title":{"rendered":"\u0130rfan Buz: \u201cG\u00fcm\u00fc\u015fhane\u2019ye 3 puan i\u00e7in gidiyoruz\u201d"},"content":{"rendered":"<p>TFF 2. Lig\u2019in iddial\u0131 tak\u0131mlar\u0131ndan Samsunspor\u2019un Teknik Direkt\u00f6r\u00fc \u0130rfan Buz, G\u00fcm\u00fc\u015fhanespor ma\u00e7\u0131ndan 3 puanla ayr\u0131lmak istediklerini s\u00f6yledi.<\/p>\n<p>Samsunspor, pazar g\u00fcn\u00fc deplasmanda kar\u015f\u0131la\u015faca\u011f\u0131 G\u00fcm\u00fc\u015fhanespor ma\u00e7\u0131 haz\u0131rl\u0131klar\u0131n\u0131 Nuri Asan Tesisleri\u2019nde tamamlad\u0131. Teknik Direkt\u00f6r \u0130rfan Buz y\u00f6netiminde yap\u0131lan antrenman \u0131s\u0131nma hareketleri, 5\u2019e 2 ve \u015fut \u00e7al\u0131\u015fmas\u0131n\u0131n ard\u0131ndan son buldu. Ma\u00e7a \u00e7ok iyi haz\u0131rland\u0131klar\u0131n\u0131 ifade eden \u0130rfan Buz, galibiyet i\u00e7in G\u00fcm\u00fc\u015fhane\u2019ye gideceklerini s\u00f6yledi.<\/p>\n<p>\u201cG\u00fcm\u00fc\u015fhane\u2019ye 3 puan i\u00e7in gidiyoruz\u201d<\/p>\n<p>Hedeflerinin lige 3 puanla ba\u015flamak oldu\u011funu vurgulayan Samsunspor Teknik Direkt\u00f6r\u00fc \u0130rfan Buz, \u201cCiddi bir m\u00fcsabakaya \u00e7\u0131kaca\u011f\u0131z. \u0130lk resmi ma\u00e7\u0131m\u0131z olacak. Uzun bir haz\u0131rl\u0131k d\u00f6neminden sonra oynad\u0131\u011f\u0131n\u0131z ilk m\u00fcsabakalar \u00f6nemlidir. Lig ma\u00e7\u0131 di\u011fer ma\u00e7lara g\u00f6re \u00e7ok farkl\u0131d\u0131r. Ondan dolay\u0131 hepimiz bu m\u00fcsabakay\u0131 iple \u00e7ekiyoruz. A\u015fa\u011f\u0131 yukar\u0131 nerede oldu\u011fumuzu da g\u00f6rece\u011fiz. Bizim hedefimiz net. G\u00fcm\u00fc\u015fhane\u2019ye 3 puan i\u00e7in gidiyoruz. Rakibimizi ne olursa olsun ciddiye al\u0131yoruz. Her rakibi de ciddiye al\u0131p, sayg\u0131l\u0131 bir \u015fekilde m\u00fcsabakalara \u00e7\u0131kaca\u011f\u0131z. Bunu futbolcular da biliyor. Sayg\u0131 g\u00f6stereceksiniz ki sayg\u0131 g\u00f6receksiniz. Ma\u00e7a iyi haz\u0131rland\u0131k, 3 puan i\u00e7in gidiyoruz\u201d dedi.<\/p>\n<p>\u201c\u00d6nemli olan fiziki \u015fartlar de\u011fil, sahada ne oynad\u0131\u011f\u0131m\u0131z\u201d<\/p>\n<p>Zorlu co\u011frafi ko\u015fullar ve fiziki \u015fartlar\u0131n sahada futbolu etkilemeyece\u011fini belirten Buz, \u015funlar\u0131 s\u00f6yledi:<\/p>\n<p>\u201cFiziki \u015fartlara kendimizi adapte edece\u011fiz. Futbolcu karde\u015flerimiz ge\u00e7en sene de bunu ya\u015fad\u0131. Fiziki \u015fartlar konusunda her ko\u015fula haz\u0131rl\u0131kl\u0131 olmam\u0131z gerekiyor. Onlara de\u011fil de sahada ne yapaca\u011f\u0131z ona bakmam\u0131z gerekiyor. \u00c7ok b\u00fcy\u00fck bir camiam\u0131z ve taraftar\u0131m\u0131z var. Her zaman bizim yan\u0131m\u0131zda olacaklar. Taraftarlar bizim itici g\u00fcc\u00fcm\u00fcz olacak. Taraftarlar\u0131m\u0131z da bize g\u00fcvensinler. Elinde sonunda Allah\u2019\u0131n izniyle bu ligden \u00e7\u0131kmak istiyoruz. Bunu da hep birlikte ba\u015faraca\u011f\u0131m\u0131z\u0131 d\u00fc\u015f\u00fcn\u00fcyorum.\u201d<\/p>\n<p>Samsunspor ile G\u00fcm\u00fc\u015fhanespor aras\u0131nda yar\u0131n saat 16.00\u2019da G\u00fcm\u00fc\u015fhane Yeni\u015fehir Stadyumu\u2019nda oynanacak m\u00fccadeleyi hakem G\u00fcrel Uzuner y\u00f6netecek.<\/p>\n","protected":false},"excerpt":{"rendered":"<p>TFF 2. L\u0130G\u2019\u0130N \u0130DD\u0130ALI TAKIMLARINDAN SAMSUNSPOR\u2019UN TEKN\u0130K D\u0130REKT\u00d6R\u00dc \u0130RFAN BUZ, G\u00dcM\u00dc\u015eHANESPOR MA\u00c7INDAN 3 PUANLA AYRILMAK \u0130STED\u0130KLER\u0130N\u0130 S\u00d6YLED\u0130.<\/p>\n","protected":false},"author":1,"featured_media":0,"comment_status":"closed","ping_status":"open","sticky":false,"template":"","format":"standard","meta":{"jetpack_post_was_ever_published":false,"_jetpack_newsletter_access":"","_jetpack_dont_email_post_to_subs":false,"_jetpack_newsletter_tier_id":0,"_jetpack_memberships_contains_paywalled_content":false,"_jetpack_memberships_contains_paid_content":false,"footnotes":"","jetpack_publicize_message":"","jetpack_publicize_feature_enabled":true,"jetpack_social_post_already_shared":true,"jetpack_social_options":{"image_generator_settings":{"template":"highway","default_image_id":0,"font":"","enabled":false},"version":2}},"categories":[657],"tags":[1037,26653,23872,44,12653,7080],"class_list":["post-198164","post","type-post","status-publish","format-standard","hentry","category-spor","tag-buz","tag-gidiyoruz","tag-gumushaneye","tag-icin","tag-irfan","tag-puan"],"jetpack_publicize_connections":[],"jetpack_featured_media_url":"","jetpack_sharing_enabled":true,"jetpack_shortlink":"https:\/\/wp.me\/paKIfm-Pyc","_links":{"self":[{"href":"http:\/\/www.tvturk.com\/index.php\/wp-json\/wp\/v2\/posts\/198164","targetHints":{"allow":["GET"]}}],"collection":[{"href":"http:\/\/www.tvturk.com\/index.php\/wp-json\/wp\/v2\/posts"}],"about":[{"href":"http:\/\/www.tvturk.com\/index.php\/wp-json\/wp\/v2\/types\/post"}],"author":[{"embeddable":true,"href":"http:\/\/www.tvturk.com\/index.php\/wp-json\/wp\/v2\/users\/1"}],"replies":[{"embeddable":true,"href":"http:\/\/www.tvturk.com\/index.php\/wp-json\/wp\/v2\/comments?post=198164"}],"version-history":[{"count":0,"href":"http:\/\/www.tvturk.com\/index.php\/wp-json\/wp\/v2\/posts\/198164\/revisions"}],"wp:attachment":[{"href":"http:\/\/www.tvturk.com\/index.php\/wp-json\/wp\/v2\/media?parent=198164"}],"wp:term":[{"taxonomy":"category","embeddable":true,"href":"http:\/\/www.tvturk.com\/index.php\/wp-json\/wp\/v2\/categories?post=198164"},{"taxonomy":"post_tag","embeddable":true,"href":"http:\/\/www.tvturk.com\/index.php\/wp-json\/wp\/v2\/tags?post=198164"}],"curies":[{"name":"wp","href":"https:\/\/api.w.org\/{rel}","templated":true}]}}