{"id":198172,"date":"2019-08-31T13:02:03","date_gmt":"2019-08-31T10:02:03","guid":{"rendered":"http:\/\/www.tvturk.com\/index.php\/melek-mosso-denizliyi-salladi\/"},"modified":"2019-08-31T13:02:03","modified_gmt":"2019-08-31T10:02:03","slug":"melek-mosso-denizliyi-salladi","status":"publish","type":"post","link":"http:\/\/www.tvturk.com\/index.php\/melek-mosso-denizliyi-salladi\/","title":{"rendered":"Melek Mosso Denizli\u2019yi sallad\u0131"},"content":{"rendered":"<p>DEN\u0130ZL\u0130 (\u0130HA) \u2013 Denizli\u2019de Merkezefendi Belediyesi taraf\u0131ndan 30 A\u011fustos Zafer Bayram\u0131\u2019n\u0131n 97. y\u0131l\u0131 kapsam\u0131nda d\u00fczenlenen etkinliklere Denizlililer b\u00fcy\u00fck ilgi g\u00f6sterdi.  Program\u0131n son k\u0131sm\u0131nda \u015fark\u0131c\u0131 Melek Mosso sahne ald\u0131.<\/p>\n<p>30 A\u011fustos Zafer Bayram\u0131\u2019n\u0131n 97. y\u0131l\u0131 Merkezefendi\u2019de b\u00fcy\u00fck bir co\u015fkuyla kutland\u0131. Merkezefendi Belediyesinin kutlama etkinliklerine CHP Denizli Milletvekili Teoman Sancar, \u0130Y\u0130 Parti Denizli Milletvekili Yasin \u00d6zt\u00fcrk, Merkezefendi Kaymakam\u0131 Dr. Adem Uslu, CHP Merkezefendi \u0130l\u00e7e Ba\u015fkan\u0131 Tolga Varl\u0131ker, Merkezefendi Belediyesi Ba\u015fkan Yard\u0131mc\u0131lar\u0131 Necdet Y\u0131lmaz, Fatma At\u0131c\u0131 Bakcan ve Fatih Co\u015fkun, meclis \u00fcyeleri ve vatanda\u015flar kat\u0131ld\u0131. Merkezefendi K\u00fclt\u00fcr Merkezi\u2019nde ger\u00e7ekle\u015ftirilen program Radyo Kontroll\u00fc Teknolojik Modeller \u015eovu ile ba\u015flad\u0131. Ard\u0131ndan Merkezefendi Belediyesi 30 A\u011fustos Zafer Kupas\u0131 \u00f6d\u00fcl t\u00f6reni ger\u00e7ekle\u015ftirildi. Protokol \u00fcyelerinin ve Denizlililerin kat\u0131ld\u0131\u011f\u0131 Fener Alay\u0131 ile devam eden program Melek Mosso\u2019nun konseri ile sona erdi. Denizlililer Melek Mosso konseri ile 30 A\u011fustos Zafer Bayram\u0131\u2019n\u0131 doyas\u0131ya kutlad\u0131.<\/p>\n<p>\u201cYorulmadan \u00e7ok \u00e7al\u0131\u015faca\u011f\u0131z\u201d<\/p>\n<p>Co\u015fkulu kalabal\u0131\u011f\u0131n 30 A\u011fustos Zafer Bayram\u0131\u2019n\u0131 kutlayan Ba\u015fkan Do\u011fan, \u201cKocatepe\u2019de bir seferberlik ba\u015flad\u0131 ve sonras\u0131nda Ba\u015fkomutan Gazi Mustafa Kemal olmak \u00fczere b\u00fct\u00fcn askerlerimiz Dumlup\u0131nar\u2019da b\u00fcy\u00fck bir zafer kazand\u0131. \u0130\u015fte bug\u00fcn bu zaferin 97.y\u0131l\u0131, milli m\u00fccadelenin 97.y\u0131l\u0131, Kuvayi Milliye ruhunun 97. y\u0131l\u0131 hepimize kutlu olsun. Bizler, bu Kuvayi Milliye ruhunu durmadan,  yorulmadan birlikte ya\u015fayaca\u011f\u0131z. B\u00fcy\u00fck \u00f6nder Ba\u015fkomutan Atat\u00fcrk\u2019\u00fcn \u00f6nderli\u011finde onun ilke ve devrimleriyle hi\u00e7bir zaman yorulmadan \u00e7ok \u00e7al\u0131\u015faca\u011f\u0131z. Bunu, sizlerle bug\u00fcn burada oldu\u011fu gibi hep birlikte yapaca\u011f\u0131z. Bu Kuvayi Milliye ruhunu hep birlikte, bu bayramlar\u0131m\u0131z\u0131 co\u015fkuyla el ele kol kola ya\u015fayarak birlikte kutlayaca\u011f\u0131z. Bu alanda 7\u2019den 70\u2019e b\u00fct\u00fcn hem\u015ferilerim var. Sizlere s\u00f6z veriyorum. Merkezefendi \u2018de yeni d\u00f6nemde \u00e7ocuklar\u0131m\u0131zla birlikte milli bayramlar\u0131m\u0131z\u0131 bundan sonra b\u00fcy\u00fck bir co\u015fkuyla ya\u015fayaca\u011f\u0131z. Ben b\u00fct\u00fcn hem\u015ferilerimin 30 A\u011fustos Zafer Bayram\u0131\u2019n\u0131 en i\u00e7ten dileklerimle kutluyorum. \u0130yi ki geldiniz. Sizin deste\u011finizle birlikteyiz. Sizin deste\u011finizle daha g\u00fc\u00e7l\u00fcy\u00fcz\u201d diye konu\u015ftu.<\/p>\n<p>CHP Denizli Milletvekili Teoman Sancar ise, \u201cAyn\u0131 co\u015fku, ayn\u0131 heyecan, ayn\u0131 duygu bundan 97 y\u0131l \u00f6nce atalar\u0131m\u0131zda vard\u0131. Bug\u00fcn bu huzurla, bu \u00f6zg\u00fcrl\u00fckle, bu ba\u011f\u0131ms\u0131zl\u0131kla bizi tan\u0131\u015ft\u0131ran, bu topra\u011f\u0131 asil milletimize hediye eden Gazi Mustafa Kemal Atat\u00fcrk ve silah arkada\u015flar\u0131na y\u00fcrekten te\u015fekk\u00fcr ediyoruz, minnet duyuyoruz, sayg\u0131 duyuyoruz. Bug\u00fcn 30 A\u011fustos\u2019umuzun duygusunu ve heyecan\u0131n\u0131 bize ya\u015fatan cumhuriyet evlad\u0131, Atat\u00fcrk k\u0131z\u0131 \u015eeniz Do\u011fan ba\u015fkan\u0131m\u0131z\u0131 da y\u00fcrekten kutluyorum. Ge\u00e7ti\u011fimiz y\u0131llarda Delikli\u00e7\u0131nar Meydan\u0131\u2019nda demokrasi n\u00f6beti tutuluyor. Siz de gelin dediklerinde bizim cevab\u0131m\u0131z \u015fu olmu\u015ftur. Biz demokrasi n\u00f6betini 1923 y\u0131l\u0131ndan beri tutuyoruz. Hi\u00e7 b\u0131rakmad\u0131k.  Ve birbirilerimize 30 A\u011fustoslar\u0131m\u0131zda, 29 Ekimlerimizde, 23 Nisanlar\u0131m\u0131zda, kurban bayram\u0131m\u0131zda, ramazan bayram\u0131m\u0131zda sar\u0131laca\u011f\u0131z ve diyece\u011fiz ki; milli bayramda bizim, dini bayramda bizim. \u00c7\u00fcnk\u00fc biz T\u00fcrkiye Cumhuriyetiyiz. Bu birlik ve beraberli\u011fimizi Allah daim eylesin\u201d dedi.<\/p>\n<p>Melek Mosso alan\u0131 sallad\u0131<\/p>\n<p>Gecede sahne alan \u00fcnl\u00fc \u015fark\u0131c\u0131 Melek Mosso, kat\u0131l\u0131mc\u0131lara unutulmaz bir gece ya\u015fatt\u0131. Sevilen \u015fark\u0131lar\u0131n\u0131 s\u00f6yleyen Mosso\u2019ya, alanda bulunanlarda e\u015flik etti. Uzun s\u00fcre sahnede kalan Melek Mosso, gecenin sonunda be\u011feni toplad\u0131.<\/p>\n","protected":false},"excerpt":{"rendered":"<p>GECEDE SAHNE ALAN \u00dcNL\u00dc \u015eARKICI MELEK MOSSO, KATILIMCILARA UNUTULMAZ B\u0130R GECE YA\u015eATTI.<\/p>\n","protected":false},"author":1,"featured_media":0,"comment_status":"closed","ping_status":"open","sticky":false,"template":"","format":"standard","meta":{"jetpack_post_was_ever_published":false,"_jetpack_newsletter_access":"","_jetpack_dont_email_post_to_subs":false,"_jetpack_newsletter_tier_id":0,"_jetpack_memberships_contains_paywalled_content":false,"_jetpack_memberships_contains_paid_content":false,"footnotes":"","jetpack_publicize_message":"","jetpack_publicize_feature_enabled":true,"jetpack_social_post_already_shared":true,"jetpack_social_options":{"image_generator_settings":{"template":"highway","default_image_id":0,"font":"","enabled":false},"version":2}},"categories":[1],"tags":[49810,6228,49809,1026],"class_list":["post-198172","post","type-post","status-publish","format-standard","hentry","category-genel","tag-denizliyi","tag-melek","tag-mosso","tag-salladi"],"jetpack_publicize_connections":[],"jetpack_featured_media_url":"","jetpack_sharing_enabled":true,"jetpack_shortlink":"https:\/\/wp.me\/paKIfm-Pyk","_links":{"self":[{"href":"http:\/\/www.tvturk.com\/index.php\/wp-json\/wp\/v2\/posts\/198172","targetHints":{"allow":["GET"]}}],"collection":[{"href":"http:\/\/www.tvturk.com\/index.php\/wp-json\/wp\/v2\/posts"}],"about":[{"href":"http:\/\/www.tvturk.com\/index.php\/wp-json\/wp\/v2\/types\/post"}],"author":[{"embeddable":true,"href":"http:\/\/www.tvturk.com\/index.php\/wp-json\/wp\/v2\/users\/1"}],"replies":[{"embeddable":true,"href":"http:\/\/www.tvturk.com\/index.php\/wp-json\/wp\/v2\/comments?post=198172"}],"version-history":[{"count":0,"href":"http:\/\/www.tvturk.com\/index.php\/wp-json\/wp\/v2\/posts\/198172\/revisions"}],"wp:attachment":[{"href":"http:\/\/www.tvturk.com\/index.php\/wp-json\/wp\/v2\/media?parent=198172"}],"wp:term":[{"taxonomy":"category","embeddable":true,"href":"http:\/\/www.tvturk.com\/index.php\/wp-json\/wp\/v2\/categories?post=198172"},{"taxonomy":"post_tag","embeddable":true,"href":"http:\/\/www.tvturk.com\/index.php\/wp-json\/wp\/v2\/tags?post=198172"}],"curies":[{"name":"wp","href":"https:\/\/api.w.org\/{rel}","templated":true}]}}