{"id":198176,"date":"2019-08-31T13:02:34","date_gmt":"2019-08-31T10:02:34","guid":{"rendered":"http:\/\/www.tvturk.com\/index.php\/12-dev-adam-dunya-kupasinda-sahne-aliyor\/"},"modified":"2019-08-31T13:02:34","modified_gmt":"2019-08-31T10:02:34","slug":"12-dev-adam-dunya-kupasinda-sahne-aliyor","status":"publish","type":"post","link":"http:\/\/www.tvturk.com\/index.php\/12-dev-adam-dunya-kupasinda-sahne-aliyor\/","title":{"rendered":"12 Dev Adam, D\u00fcnya Kupas\u0131\u2019nda sahne al\u0131yor"},"content":{"rendered":"<p>A Milli Erkek Basketbol Tak\u0131m\u0131, FIBA D\u00fcnya Kupas\u0131 E Grubu ilk ma\u00e7\u0131nda yar\u0131n TS\u0130 11.30\u2019da Japonya ile kar\u015f\u0131 kar\u015f\u0131ya gelecek.<\/p>\n<p>\u00c7in\u2019de d\u00fczenlenen FIBA D\u00fcnya Kupas\u0131\u2019nda E Grubu\u2019nda m\u00fccadele edecek olan A Milli Erkek Basketbol Tak\u0131m\u0131, sahne al\u0131yor. Ay-y\u0131ld\u0131zl\u0131lar grubun ilk m\u00fcsabakas\u0131nda yar\u0131n TS\u0130 11.30\u2019da Japonya ile m\u00fccadele edecek. Bu kar\u015f\u0131la\u015fma ile milliler, tarihindeki 989. ma\u00e7\u0131na \u00e7\u0131kacak. 12 Dev Adam, s\u00f6z konusu m\u00fcsabakalarda 508 kez parkeden galip ayr\u0131l\u0131rken, 479 kez de rakiplerine ma\u011flup oldu. 1 ma\u00e7ta ise rakipleri ile berabere kald\u0131.<\/p>\n<p>5. kez D\u00fcnya Kupas\u0131\u2019nda<\/p>\n<p>A Milli Erkek Basketbol Tak\u0131m\u0131, 2002, 2006, 2010 ve 2014 y\u0131llar\u0131ndaki turnuvalardan sonra 5. kez D\u00fcnya Kupas\u0131\u2019nda m\u00fccadele edecek. Milliler, geride kalan 4 turnuvada 33 kez parkeye \u00e7\u0131kt\u0131. T\u00fcrkiye, bu ma\u00e7lar\u0131n 22\u2019sini kazan\u0131rken, 11 defa da ma\u011flup oldu. Ay-y\u0131ld\u0131zl\u0131lar, D\u00fcnya Kupas\u0131\u2019nda en b\u00fcy\u00fck ba\u015far\u0131s\u0131n\u0131 2010 y\u0131l\u0131nda ya\u015fad\u0131. K\u0131rm\u0131z\u0131-beyazl\u0131lar, \u0130stanbul\u2019daki turnuvada ABD\u2019ye ma\u011flup olarak g\u00fcm\u00fc\u015f madalyan\u0131n sahibi olmu\u015ftu.<\/p>\n<p>Millilerin D\u00fcnya Kupas\u0131 yolu<\/p>\n<p>D\u00fcnya Kupas\u0131 Avrupa Elemeleri\u2019nde B Grubu\u2019nda yer alan milliler, Letonya, \u0130sve\u00e7 ve Ukrayna\u2019n\u0131n oldu\u011fu grubu 4 galibiyet ve 2 ma\u011flubiyetle ilk s\u0131rada tamamlad\u0131 ve bir \u00fcst tura \u00e7\u0131kt\u0131. 12 Dev Adam, ikinci turda da I Grubu\u2019nda \u0130spanya, Karada\u011f ve Slovenya ile kar\u015f\u0131la\u015ft\u0131. Milli Tak\u0131m, 4 galibiyet, 2 ma\u011flubiyetle \u0130spanya\u2019n\u0131n ard\u0131ndan ikinci oldu ve D\u00fcnya Kupas\u0131 vizesi ald\u0131.<\/p>\n<p>Ba\u015fantren\u00f6r Ufuk Sar\u0131ca\u2019n\u0131n belirledi\u011fi 12 ki\u015filik kadroda \u015fu isimler bulunuyor:<\/p>\n<p>&#8220;Do\u011fu\u015f Balbay, Serta\u00e7 \u015eanl\u0131, A.Bu\u011frahan Tuncer, J. Metecan Birsen, Melih Mahmuto\u011flu, Ege Arar, Semih Erden, Yi\u011fit Arslan, Cedi Osman, Ersan \u0130lyasova, Furkan Korkmaz ve Scott Jordan Vilbekin.&#8221;<\/p>\n","protected":false},"excerpt":{"rendered":"<p>A M\u0130LL\u0130 ERKEK BASKETBOL TAKIMI, FIBA D\u00dcNYA KUPASI E GRUBU \u0130LK MA\u00c7INDA YARIN TS\u0130 11.30&#8217;DA JAPONYA \u0130LE KAR\u015eI KAR\u015eIYA GELECEK.<\/p>\n","protected":false},"author":1,"featured_media":0,"comment_status":"closed","ping_status":"open","sticky":false,"template":"","format":"standard","meta":{"jetpack_post_was_ever_published":false,"_jetpack_newsletter_access":"","_jetpack_dont_email_post_to_subs":false,"_jetpack_newsletter_tier_id":0,"_jetpack_memberships_contains_paywalled_content":false,"_jetpack_memberships_contains_paid_content":false,"footnotes":"","jetpack_publicize_message":"","jetpack_publicize_feature_enabled":true,"jetpack_social_post_already_shared":true,"jetpack_social_options":{"image_generator_settings":{"template":"highway","default_image_id":0,"font":"","enabled":false},"version":2}},"categories":[657],"tags":[349,5386,11831,3017,13607,5135],"class_list":["post-198176","post","type-post","status-publish","format-standard","hentry","category-spor","tag-dunya","tag-adam","tag-aliyor","tag-dev","tag-kupasinda","tag-sahne"],"jetpack_publicize_connections":[],"jetpack_featured_media_url":"","jetpack_sharing_enabled":true,"jetpack_shortlink":"https:\/\/wp.me\/paKIfm-Pyo","_links":{"self":[{"href":"http:\/\/www.tvturk.com\/index.php\/wp-json\/wp\/v2\/posts\/198176","targetHints":{"allow":["GET"]}}],"collection":[{"href":"http:\/\/www.tvturk.com\/index.php\/wp-json\/wp\/v2\/posts"}],"about":[{"href":"http:\/\/www.tvturk.com\/index.php\/wp-json\/wp\/v2\/types\/post"}],"author":[{"embeddable":true,"href":"http:\/\/www.tvturk.com\/index.php\/wp-json\/wp\/v2\/users\/1"}],"replies":[{"embeddable":true,"href":"http:\/\/www.tvturk.com\/index.php\/wp-json\/wp\/v2\/comments?post=198176"}],"version-history":[{"count":0,"href":"http:\/\/www.tvturk.com\/index.php\/wp-json\/wp\/v2\/posts\/198176\/revisions"}],"wp:attachment":[{"href":"http:\/\/www.tvturk.com\/index.php\/wp-json\/wp\/v2\/media?parent=198176"}],"wp:term":[{"taxonomy":"category","embeddable":true,"href":"http:\/\/www.tvturk.com\/index.php\/wp-json\/wp\/v2\/categories?post=198176"},{"taxonomy":"post_tag","embeddable":true,"href":"http:\/\/www.tvturk.com\/index.php\/wp-json\/wp\/v2\/tags?post=198176"}],"curies":[{"name":"wp","href":"https:\/\/api.w.org\/{rel}","templated":true}]}}