{"id":198196,"date":"2019-08-31T13:46:21","date_gmt":"2019-08-31T10:46:21","guid":{"rendered":"http:\/\/www.tvturk.com\/index.php\/kalp-krizinden-hayatini-kaybeden-yilmazin-ismi-anaokulunda-yasatilacak\/"},"modified":"2019-08-31T13:46:21","modified_gmt":"2019-08-31T10:46:21","slug":"kalp-krizinden-hayatini-kaybeden-yilmazin-ismi-anaokulunda-yasatilacak","status":"publish","type":"post","link":"http:\/\/www.tvturk.com\/index.php\/kalp-krizinden-hayatini-kaybeden-yilmazin-ismi-anaokulunda-yasatilacak\/","title":{"rendered":"Kalp krizinden hayat\u0131n\u0131 kaybeden Y\u0131lmaz\u2019\u0131n ismi anaokulunda ya\u015fat\u0131lacak"},"content":{"rendered":"<p>Hatay\u2019\u0131n D\u00f6rtyol il\u00e7esinde lise tercihini yapt\u0131ktan bir g\u00fcn sonra, LGS sonu\u00e7lar\u0131 a\u00e7\u0131klanmadan 12 g\u00fcn \u00f6nce havuzda y\u00fczerken kalp krizi ge\u00e7irerek hayat\u0131n\u0131 kaybeden 15 ya\u015f\u0131ndaki Y\u0131lmaz Bahad\u0131r Ama\u00e7\u2019\u0131n ad\u0131n\u0131n ya\u015fat\u0131lmas\u0131 i\u00e7in dernek kuruldu. Projesi devam eden bir anaokuluna Y\u0131lmaz Bahad\u0131r\u2019\u0131n isminin verilmesinin ama\u00e7land\u0131\u011f\u0131 belirtildi.<\/p>\n<p>11 Temmuz 2019 tarihinde, LGS sonu\u00e7lar\u0131 a\u00e7\u0131klanmadan \u00f6nce girdi\u011fi havuzda y\u00fczerken kalp krizi ge\u00e7irerek hayat\u0131n\u0131 kaybeden 15 ya\u015f\u0131ndaki Y\u0131lmaz Bahad\u0131r Ama\u00e7\u2019\u0131n en b\u00fcy\u00fck hayali olan Kabata\u015f Erkek Lisesini kazand\u0131\u011f\u0131 ortaya \u00e7\u0131km\u0131\u015f, Kabata\u015f Erkek Liseliler Derne\u011fi &#8220;Y\u0131lmaz\u2019\u0131 Kabata\u015fl\u0131 say\u0131yoruz&#8221; diyerek onun ad\u0131na bir burs fonu olu\u015fturmu\u015ftu.<\/p>\n<p>D\u00f6rtyol il\u00e7esinde ya\u015fayan Y\u0131lmaz\u2019\u0131n ailesi o\u011fullar\u0131n\u0131n isminin ya\u015fat\u0131lmas\u0131 i\u00e7in dostlar\u0131 ve arkada\u015flar\u0131n\u0131n da deste\u011fiyle giri\u015fimde bulunarak, \u201cY\u0131lmaz Bahad\u0131r Ama\u00e7 K\u00fclt\u00fcr ve E\u011fitim Derne\u011fi\u201dni kurdu. Y\u0131lmaz Bahad\u0131r Ama\u00e7 an\u0131s\u0131n\u0131 ya\u015fatmak i\u00e7in kurulan dernek ve bir bankada olu\u015fturulan hesap numaras\u0131 vas\u0131tas\u0131yla elde edilecek gelirin tamam\u0131n\u0131n D\u00f6rtyol il\u00e7esinde projesi devam eden bir anaokulu yap\u0131m\u0131nda kullan\u0131larak isminin verilmesinin ama\u00e7land\u0131\u011f\u0131 belirtildi.<\/p>\n<p>Baba Dr. Bahad\u0131r Ama\u00e7, &#8220;Amac\u0131m\u0131z orada okuyacak \u00e7ocuklarda, Y\u0131lmaz\u0131m gibi ba\u015far\u0131l\u0131 olsun ve topluma faydal\u0131 birer insanlar olsunlar istiyoruz&#8221; dedi.<\/p>\n<p>\u0130l\u00e7ede aile hekimli\u011fi yapan baba Bahad\u0131r Ama\u00e7 yapt\u0131\u011f\u0131 a\u00e7\u0131klamada, &#8220;Bundan yakla\u015f\u0131k 50 g\u00fcn \u00f6nce evlad\u0131m\u0131z Y\u0131lmaz Bahad\u0131r Ama\u00e7\u2019\u0131 kaybetmi\u015ftik. Taziye s\u00fcresince bize her t\u00fcrl\u00fc deste\u011fi esirgemeyen, bizzat gelerek, sosyal medyadan arayarak bizim bu ac\u0131l\u0131 g\u00fcn\u00fcm\u00fczde teselli bulmam\u0131z\u0131 sa\u011flayan t\u00fcm dostlar\u0131m\u0131za te\u015fekk\u00fcr ederim. Minnettar\u0131z. Taziye s\u00fcresince gelen dostlar\u0131m\u0131z, arkada\u015flar\u0131m\u0131z, sosyal medyadan arayan arkada\u015flar\u0131m\u0131z, doktor arkada\u015flar\u0131m\u0131z, o\u011flumuz Y\u0131lmaz Bahad\u0131r\u2019\u0131n isminin ya\u015fat\u0131lmas\u0131 konusunda bize bir fikir verdiler. Benim de zaten i\u00e7imden ge\u00e7en b\u00f6yle bir d\u00fc\u015f\u00fcncem vard\u0131. O\u011flumun ismi ya\u015fas\u0131n istiyordum. Arkada\u015flar\u0131m\u0131z, dostlar\u0131m\u0131z dediler ki, \u2019bu \u00e7ocuk hayat\u0131 boyunca \u00f6\u011frenciydi ve okulla ilgili bir \u015fey yapal\u0131m\u2019 dediler. Bana destek oldular, b\u00fcrokratik engelleri birlikte g\u00fczel bir \u00e7al\u0131\u015fma ile a\u015farak Y\u0131lmaz Bahad\u0131r Ama\u00e7\u2019\u0131n ismini ya\u015fatabilmek i\u00e7in bir dernek kurduk. Onunla ilgili olarak da D\u00f6rtyolumuzda projesi devam eden bir anaokulunun ismini ona vermek istiyoruz. Bununla ilgili de okulun eksikliklerini giderece\u011fiz. Derne\u011fimizin ad\u0131na bir hesap a\u00e7\u0131ld\u0131. Bu hesaba, o\u011flumuz Y\u0131lmaz Bahad\u0131r Ama\u00e7\u2019\u0131n ad\u0131n\u0131 verece\u011fimiz \u00fcnaokulunun a\u00e7\u0131lmas\u0131na katk\u0131 vermek i\u00e7in t\u00fcm dostlar\u0131m\u0131zdan ve arkada\u015flar\u0131m\u0131zdan destek ve yard\u0131mlar\u0131n\u0131 bekliyoruz. Biz de oradaki \u00e7ocuklar\u0131 ziyaret edip biraz teselli bulmak istiyoruz&#8221; diye konu\u015ftu.<\/p>\n","protected":false},"excerpt":{"rendered":"<p>HATAY\u2019DA KALB\u0130NE YEN\u0130K D\u00dc\u015eEN 15 YA\u015eINDAK\u0130 YILMAZ\u2019IN ADINA DERNEK KURULDU.<\/p>\n","protected":false},"author":1,"featured_media":0,"comment_status":"closed","ping_status":"open","sticky":false,"template":"","format":"standard","meta":{"jetpack_post_was_ever_published":false,"_jetpack_newsletter_access":"","_jetpack_dont_email_post_to_subs":false,"_jetpack_newsletter_tier_id":0,"_jetpack_memberships_contains_paywalled_content":false,"_jetpack_memberships_contains_paid_content":false,"footnotes":"","jetpack_publicize_message":"","jetpack_publicize_feature_enabled":true,"jetpack_social_post_already_shared":true,"jetpack_social_options":{"image_generator_settings":{"template":"highway","default_image_id":0,"font":"","enabled":false},"version":2}},"categories":[1],"tags":[23785,848,633,2120,1211,13515,4493,23350],"class_list":["post-198196","post","type-post","status-publish","format-standard","hentry","category-genel","tag-anaokulunda","tag-hayatini","tag-ismi","tag-kalp","tag-kaybeden","tag-krizinden","tag-yasatilacak","tag-yilmazin"],"jetpack_publicize_connections":[],"jetpack_featured_media_url":"","jetpack_sharing_enabled":true,"jetpack_shortlink":"https:\/\/wp.me\/paKIfm-PyI","_links":{"self":[{"href":"http:\/\/www.tvturk.com\/index.php\/wp-json\/wp\/v2\/posts\/198196","targetHints":{"allow":["GET"]}}],"collection":[{"href":"http:\/\/www.tvturk.com\/index.php\/wp-json\/wp\/v2\/posts"}],"about":[{"href":"http:\/\/www.tvturk.com\/index.php\/wp-json\/wp\/v2\/types\/post"}],"author":[{"embeddable":true,"href":"http:\/\/www.tvturk.com\/index.php\/wp-json\/wp\/v2\/users\/1"}],"replies":[{"embeddable":true,"href":"http:\/\/www.tvturk.com\/index.php\/wp-json\/wp\/v2\/comments?post=198196"}],"version-history":[{"count":0,"href":"http:\/\/www.tvturk.com\/index.php\/wp-json\/wp\/v2\/posts\/198196\/revisions"}],"wp:attachment":[{"href":"http:\/\/www.tvturk.com\/index.php\/wp-json\/wp\/v2\/media?parent=198196"}],"wp:term":[{"taxonomy":"category","embeddable":true,"href":"http:\/\/www.tvturk.com\/index.php\/wp-json\/wp\/v2\/categories?post=198196"},{"taxonomy":"post_tag","embeddable":true,"href":"http:\/\/www.tvturk.com\/index.php\/wp-json\/wp\/v2\/tags?post=198196"}],"curies":[{"name":"wp","href":"https:\/\/api.w.org\/{rel}","templated":true}]}}