{"id":198220,"date":"2019-08-31T14:32:35","date_gmt":"2019-08-31T11:32:35","guid":{"rendered":"http:\/\/www.tvturk.com\/index.php\/erol-bedir-artik-yeter-orta-oyununa-son\/"},"modified":"2019-08-31T14:32:35","modified_gmt":"2019-08-31T11:32:35","slug":"erol-bedir-artik-yeter-orta-oyununa-son","status":"publish","type":"post","link":"http:\/\/www.tvturk.com\/index.php\/erol-bedir-artik-yeter-orta-oyununa-son\/","title":{"rendered":"Erol Bedir: &#8220;Art\u0131k yeter, orta oyununa son&#8221;"},"content":{"rendered":"<p>\u0130stikbal Mobilya Kayserispor Ba\u015fkan\u0131 Erol Bedir, d\u00fcn ak\u015fam oynanan ve Galatasray\u2019\u0131n 3-2\u2019lik \u00fcst\u00fcnl\u00fc\u011f\u00fcyle biten ma\u00e7\u0131n hakemi Mustafa \u00d6\u011fretmeno\u011flu\u2019nun verdi\u011fi kararlara tepki g\u00f6stererek, &#8220;Ad\u0131 m\u00fcbarek, soyad\u0131 k\u0131ymetli ancak kalbi kara ve vicdan\u0131 k\u00f6relmi\u015f bir \u015fahs\u0131n garip uygulamalar\u0131 ma\u00e7a damgas\u0131n\u0131 vurmu\u015ftur&#8221; dedi.<\/p>\n<p>S\u00fcper Lig\u2019in 3. haftas\u0131nda Galatasaray\u2019\u0131 konuk eden ve ma\u00e7\u0131 8 ki\u015fi tamamlayan \u0130stikbal Mobilya Kayserispor\u2019da ma\u00e7\u0131n hakemi Mustafa \u00d6\u011fretmeno\u011flu\u2019na tepkiler s\u00fcr\u00fcyor. \u2019Art\u0131k yeter, orta oyununa son\u2019 ba\u015fl\u0131\u011f\u0131yla yapt\u0131\u011f\u0131 yaz\u0131l\u0131 a\u00e7\u0131klamada, T\u00fcrkiye Futbol Federasyonu (TFF) ve Merkez Hakem Kurulu\u2019nu (MHK) hedef alan \u0130M Kayserispor Ba\u015fkan\u0131 Erol Bedir, &#8220;TFF Ba\u015fkan\u0131 Nihat \u00d6zdemir ve y\u00f6netimi, MHK Ba\u015fkan\u0131 Zekeriya Alp ve ekibi; sizlerle \u00f6zel g\u00f6r\u00fc\u015fmeler yapmadan, baz\u0131 belge ve kay\u0131tlar\u0131 kurumunuzdan gizlice almaya \u00e7al\u0131\u015fmadan veya ald\u0131\u011f\u0131m\u0131 iddia etmeden, \u015fu hakemi istemem bana di\u011ferini verin ricas\u0131nda bulunmadan benim tak\u0131m\u0131ma yard\u0131mc\u0131 olmad\u0131 veya rakibimin lehine d\u00fcd\u00fck \u00e7ald\u0131 diye hi\u00e7bir hakemin g\u00f6revine son verin talebinde bulunmadan, ne \u015fahs\u0131ma, ne temsil etti\u011fim Kayserispor\u2019a ne de onurlu, mert ve haks\u0131zl\u0131\u011fa asla tahamm\u00fcl edemeyen b\u00fcy\u00fck taraftar\u0131m\u0131za yak\u0131\u015fmayaca\u011f\u0131 i\u00e7in k\u00f6t\u00fc sonu\u00e7lardan sonra a\u011flamadan hakk\u0131m\u0131z\u0131 aramak ve bizi hi\u00e7e sayanlara yan\u0131ld\u0131klar\u0131n\u0131 hayk\u0131rmak ad\u0131na sesleniyorum. \u015e\u00f6yle ki; ge\u00e7ti\u011fimiz sezonun sonuna do\u011fru (20 Nisan 2019) \u0130stanbul\u2019da oynad\u0131\u011f\u0131m\u0131z ve hakem Arda Karde\u015fler\u2019in skandallar\u0131 daha s\u0131cakl\u0131\u011f\u0131n\u0131 kaybetmemi\u015fken d\u00fcn gece kay\u0131tlarda ve kamuoyunda Galatasarayl\u0131 oldu\u011fu bilinen, ad\u0131 m\u00fcbarek, soyad\u0131 k\u0131ymetli ancak kalbi kara ve vicdan\u0131 k\u00f6relmi\u015f bir \u015fahs\u0131n garip uygulamalar\u0131 ma\u00e7a damgas\u0131n\u0131 vurmu\u015ftur. Genel s\u0131k\u0131nt\u0131lar\u0131 tespit etmek i\u00e7in detaylardan yola \u00e7\u0131kmam\u0131zdan ba\u015fka \u00e7aremiz yoktur. Onun i\u00e7in \u00e7ok b\u00fcy\u00fck problemleri olan futbolumuzda sadece iki ma\u00e7\u0131m\u0131zdaki hakem y\u00f6netimlerini \u00f6rnek vermemiz ayr\u0131nt\u0131 gibi g\u00f6z\u00fckse de bu iki ma\u00e7 eme\u011fimizin \u00e7al\u0131nd\u0131\u011f\u0131, helal ve haram\u0131n birbirine kar\u0131\u015ft\u0131\u011f\u0131, \u00f6nem verenler i\u00e7in adalet, hak-hukuk kavramlar\u0131n\u0131n yerle bir oldu\u011fu ma\u00e7lar olup y\u0131llard\u0131r haks\u0131zl\u0131\u011fa u\u011frayan Kayserispor\u2019umuza vurulan darbelerin son \u00f6rnekleridir. Say\u0131n ba\u015fkanlar; her ikinizin de d\u00fcr\u00fcstl\u00fc\u011f\u00fcn\u00fczden de sorunlar\u0131 \u00e7\u00f6zme konusundaki gayretlerinizden de \u015f\u00fcphem yoktur. TFF\u2019de yapt\u0131\u011f\u0131m\u0131z son toplant\u0131da, bizlerin rahats\u0131z oldu\u011fu konularda sizlerin de muzdarip oldu\u011funa tan\u0131kl\u0131k etmi\u015f olduk, \u0130nand\u0131k, g\u00fcvendik, \u2019belki?\u2019 dedik. Ama olmad\u0131 daha toplant\u0131n\u0131n \u00fczerinden 24 saat ge\u00e7meden Kayseri\u2019deki hakem facias\u0131 ya\u015fand\u0131. Kanaatimce de olmayacak. TFF ve MHK ba\u015fkanl\u0131\u011f\u0131nda, \u015fahsi olarak \u00e7ok itibar etti\u011fim sizler de olsan\u0131z, ben de olsam olmayacak! Bu y\u00f6ntem ve te\u015fkilat yap\u0131s\u0131yla olmayacak. Bu tip hakemleri veya g\u00f6revlileri, g\u00f6z\u00fc sahada, kula\u011f\u0131 ba\u015fka yerde olup kafas\u0131nda maddi ve manevi bir \u00e7ok hesap yapan \u015fah\u0131slar\u0131 k\u00fc\u00e7\u00fck cezalarla ge\u00e7i\u015ftirir, uzatmadan an\u0131nda kap\u0131 \u00f6n\u00fcne koymazsan\u0131z, bu yap\u0131 daha \u00e7ok TFF ve MHK y\u00f6netimini g\u00f6t\u00fcrecek ve daha \u00e7ok can yakacakt\u0131r. Bizler de yak\u0131nd\u0131\u011f\u0131m\u0131zla kalaca\u011f\u0131z. Ya radikal bir \u015fekilde temizlik yap\u0131p, ciddi bir otorite kurarak hakemlerin sahada forma ayr\u0131m\u0131 yapmas\u0131n\u0131 engelleyeceksiniz veya siz de \u2019art\u0131k yeter\u2019 deyip futbolda en ileri olan 10 \u00fclkenin sistemini T\u00fcrkiye\u2019ye getireceksiniz. S\u00fcper Lig\u2019in t\u00fcm y\u00f6netimini kurulacak, \u2019S\u00fcper Lig Birli\u011fi\u2019ne b\u0131rak\u0131p, TFF olarak di\u011fer ileri \u00fclkelerde oldu\u011fu gibi milli tak\u0131m ve alt liglerle ilgileneceksiniz. Bu \u015fekilde kurulacak yeni alt yap\u0131yla birlikte tart\u0131\u015f\u0131lan konular ciddi \u015fekilde d\u00fczene girecektir. Aksi halde, en berrak, en temiz suyu bile k\u00f6t\u00fc bir kaba koysan\u0131z onun \u015feklini almak zorundad\u0131r. Sorun suda de\u011fil, kaptad\u0131r. Futbolumuzu idare eden b\u00fct\u00fcn organizmalar\u0131n, medyan\u0131n, b\u00fcrokrasinin y\u0131llarca b\u00fcy\u00fck deste\u011fini alan Anadolu kul\u00fcplerini kendilerini antrene eden tak\u0131mlar olarak g\u00f6ren kul\u00fcp y\u00f6neticilerine de sesleniyor ve bundan ciddi rahats\u0131zl\u0131k duymalar\u0131 gerekti\u011fini ifade ediyor ve bir k\u0131sm\u0131n\u0131n da duydu\u011funu biliyorum. Bizler T\u00fcrkiye\u2019de \u2019evcilik oynarken\u2019, Avrupa\u2019yla aram\u0131zdaki makas ciddi \u015fekilde a\u00e7\u0131lmakta, marka de\u011ferimizin d\u00fc\u015fmesiyle birlikte sosyal bar\u0131\u015f da zedelenmektedir. Hakk\u0131 gasp edilen, eme\u011fi \u00e7al\u0131nan, onuruyla oynanan ba\u015fka taraftarlar Kayserispor taraftar\u0131 kadar vakur, olgun ve sab\u0131rl\u0131 olmayabilir. Hatta bizim taraftar\u0131m\u0131z\u0131n da bir s\u0131n\u0131r\u0131 vard\u0131r. Bu nedenle ya tam temizlik, ya sistem de\u011fi\u015fikli\u011fi veya kendimizi kand\u0131rmak. \u0130stanbul veya Anadolu ayr\u0131m\u0131 yapmaks\u0131z\u0131n futbolun payda\u015flar\u0131 olarak se\u00e7im bizlerin&#8221; ifadelerine yer verdi.<\/p>\n","protected":false},"excerpt":{"rendered":"<p>\u0130ST\u0130KBAL MOB\u0130LYA KAYSER\u0130SPOR KUL\u00dcB\u00dc BA\u015eKANI EROL BED\u0130R, D\u00dcN 3-2&#8217;L\u0130K GALATASRAY&#8217;IN \u00dcST\u00dcNL\u00dc\u011e\u00dcYLE B\u0130TEN MA\u00c7IN HAKEM\u0130 MUSTAFA \u00d6\u011eRETMENO\u011eLU&#8217;NUN VERD\u0130\u011e\u0130 KARARLARA TEPK\u0130 G\u00d6STEREREK; &#8220;ADI M\u00dcBAREK, SOYADI KIYMETL\u0130 ANCAK KALB\u0130 KARA VE V\u0130CDANI K\u00d6RELM\u0130\u015e B\u0130R \u015eAHSIN GAR\u0130P UYGULAMALARI MA\u00c7A DAMGASINI VURMU\u015eTUR&#8221; DED\u0130.<\/p>\n","protected":false},"author":1,"featured_media":0,"comment_status":"closed","ping_status":"open","sticky":false,"template":"","format":"standard","meta":{"jetpack_post_was_ever_published":false,"_jetpack_newsletter_access":"","_jetpack_dont_email_post_to_subs":false,"_jetpack_newsletter_tier_id":0,"_jetpack_memberships_contains_paywalled_content":false,"_jetpack_memberships_contains_paid_content":false,"footnotes":"","jetpack_publicize_message":"","jetpack_publicize_feature_enabled":true,"jetpack_social_post_already_shared":true,"jetpack_social_options":{"image_generator_settings":{"template":"highway","default_image_id":0,"font":"","enabled":false},"version":2}},"categories":[657],"tags":[2058,11309,8518,1336,2711,1240,20607],"class_list":["post-198220","post","type-post","status-publish","format-standard","hentry","category-spor","tag-artik","tag-bedir","tag-erol","tag-orta","tag-oyununa","tag-son","tag-yeter"],"jetpack_publicize_connections":[],"jetpack_featured_media_url":"","jetpack_sharing_enabled":true,"jetpack_shortlink":"https:\/\/wp.me\/paKIfm-Pz6","_links":{"self":[{"href":"http:\/\/www.tvturk.com\/index.php\/wp-json\/wp\/v2\/posts\/198220","targetHints":{"allow":["GET"]}}],"collection":[{"href":"http:\/\/www.tvturk.com\/index.php\/wp-json\/wp\/v2\/posts"}],"about":[{"href":"http:\/\/www.tvturk.com\/index.php\/wp-json\/wp\/v2\/types\/post"}],"author":[{"embeddable":true,"href":"http:\/\/www.tvturk.com\/index.php\/wp-json\/wp\/v2\/users\/1"}],"replies":[{"embeddable":true,"href":"http:\/\/www.tvturk.com\/index.php\/wp-json\/wp\/v2\/comments?post=198220"}],"version-history":[{"count":0,"href":"http:\/\/www.tvturk.com\/index.php\/wp-json\/wp\/v2\/posts\/198220\/revisions"}],"wp:attachment":[{"href":"http:\/\/www.tvturk.com\/index.php\/wp-json\/wp\/v2\/media?parent=198220"}],"wp:term":[{"taxonomy":"category","embeddable":true,"href":"http:\/\/www.tvturk.com\/index.php\/wp-json\/wp\/v2\/categories?post=198220"},{"taxonomy":"post_tag","embeddable":true,"href":"http:\/\/www.tvturk.com\/index.php\/wp-json\/wp\/v2\/tags?post=198220"}],"curies":[{"name":"wp","href":"https:\/\/api.w.org\/{rel}","templated":true}]}}