{"id":198226,"date":"2019-08-31T14:46:24","date_gmt":"2019-08-31T11:46:24","guid":{"rendered":"http:\/\/www.tvturk.com\/index.php\/3-gun-tatili-firsat-bilenler-plajlara-akin-etti\/"},"modified":"2019-08-31T14:46:24","modified_gmt":"2019-08-31T11:46:24","slug":"3-gun-tatili-firsat-bilenler-plajlara-akin-etti","status":"publish","type":"post","link":"http:\/\/www.tvturk.com\/index.php\/3-gun-tatili-firsat-bilenler-plajlara-akin-etti\/","title":{"rendered":"3 g\u00fcn tatili f\u0131rsat bilenler plajlara ak\u0131n etti"},"content":{"rendered":"<p>\u0130zmir\u2019in Karaburun il\u00e7esine ba\u011fl\u0131 Mordo\u011fan\u2019da bulunan Manal Koyu, 30 A\u011fustos Zafer Bayram\u0131\u2019n\u0131 hafta sonuyla birle\u015ftiren tatilcilerin ak\u0131n\u0131na u\u011frad\u0131.<\/p>\n<p>Yeni e\u011fitim ve \u00f6\u011fretim y\u0131l\u0131na \u00e7ok az bir s\u00fcre kala tatilciler, 30 A\u011fustos Zafer Bayram\u0131 dolay\u0131s\u0131yla \u00fc\u00e7 g\u00fcne \u00e7\u0131kan hafta sonu tatilini f\u0131rsat bildi. Vatanda\u015flar, bu nedenle \u0130zmir\u2019de bulunan deniz ve koylara ak\u0131n etti. Mordo\u011fan\u2019da bulunan Manal Koyu da, tatilcilerin ak\u0131n\u0131na u\u011frayan yerlerdendi. Karaburun il\u00e7esinin &#8220;sakl\u0131 cenneti&#8221; olarak tabir edilen Mordo\u011fan\u2019da tatilciler sabah; deniz, kum, g\u00fcne\u015f tad\u0131n\u0131 \u00e7\u0131kart\u0131rken ak\u015fam ise Mordo\u011fan\u2019\u0131n g\u00fcn bat\u0131m\u0131n\u0131 izledi.<\/p>\n<p>Tatil i\u00e7in gelen Burak Bilir, &#8220;Biz 12 senedir buray\u0131 tercih ediyoruz. \u00c7ok g\u00fczel bir yer. Hafta sonu olmas\u0131 sebebiyle herkese buray\u0131 tavsiye edebiliriz. Herkesin mutlaka buraya gelip g\u00f6rmesini tavsiye ederiz&#8221; dedi.<\/p>\n<p>&#8220;\u0130\u015fte benim cennetim Mordo\u011fan&#8221; diye s\u00f6ze ba\u015flayan bir ba\u015fka tatilci Selda Balc\u0131lar da, &#8220;Her zaman yaz gelse de gelsek dedi\u011fim yerlerden bir tanesi bu Manal Koyu\u2019dur. Manal Koyu ke\u015ffedildi; ama ke\u015ffedilse bile her g\u00fcn daha bir g\u00fczelle\u015fiyor. Biz buray\u0131 \u00e7ok seviyoruz. Koyunu seviyoruz. Sabahlar\u0131 Mordo\u011fan g\u00fcne\u015fini seviyoruz, ismini Mordo\u011fan g\u00fcne\u015finden ald\u0131\u011f\u0131 i\u00e7in&#8221; \u015feklinde konu\u015ftu.<\/p>\n<p>Lise \u00f6\u011frencisi Melisa Nur Uyan\u0131k da, okullar ba\u015flamadan \u00f6nce son kez tatil yapmak istediklerini ve Mordo\u011fan Manal Koyu\u2019nda g\u00fcn bat\u0131m\u0131n\u0131 izlemenin \u00e7ok g\u00fczel oldu\u011funu ifade etti.<\/p>\n","protected":false},"excerpt":{"rendered":"<p>\u0130ZM\u0130R&#8217;\u0130N KARABURUN \u0130L\u00c7ES\u0130NE BA\u011eLI MORDO\u011eAN&#8217;DA BULUNAN MANAL KOYU, 30 A\u011eUSTOS ZAFER BAYRAMINI HAFTA SONUYLA B\u0130RLE\u015eT\u0130REN TAT\u0130LC\u0130LER\u0130N AKININA U\u011eRADI.<\/p>\n","protected":false},"author":1,"featured_media":0,"comment_status":"closed","ping_status":"open","sticky":false,"template":"","format":"standard","meta":{"jetpack_post_was_ever_published":false,"_jetpack_newsletter_access":"","_jetpack_dont_email_post_to_subs":false,"_jetpack_newsletter_tier_id":0,"_jetpack_memberships_contains_paywalled_content":false,"_jetpack_memberships_contains_paid_content":false,"footnotes":"","jetpack_publicize_message":"","jetpack_publicize_feature_enabled":true,"jetpack_social_post_already_shared":true,"jetpack_social_options":{"image_generator_settings":{"template":"highway","default_image_id":0,"font":"","enabled":false},"version":2}},"categories":[1],"tags":[328,8590,207,4837,2579,49827,2210],"class_list":["post-198226","post","type-post","status-publish","format-standard","hentry","category-genel","tag-akin","tag-bilenler","tag-etti","tag-firsat","tag-gun","tag-plajlara","tag-tatili"],"jetpack_publicize_connections":[],"jetpack_featured_media_url":"","jetpack_sharing_enabled":true,"jetpack_shortlink":"https:\/\/wp.me\/paKIfm-Pzc","_links":{"self":[{"href":"http:\/\/www.tvturk.com\/index.php\/wp-json\/wp\/v2\/posts\/198226","targetHints":{"allow":["GET"]}}],"collection":[{"href":"http:\/\/www.tvturk.com\/index.php\/wp-json\/wp\/v2\/posts"}],"about":[{"href":"http:\/\/www.tvturk.com\/index.php\/wp-json\/wp\/v2\/types\/post"}],"author":[{"embeddable":true,"href":"http:\/\/www.tvturk.com\/index.php\/wp-json\/wp\/v2\/users\/1"}],"replies":[{"embeddable":true,"href":"http:\/\/www.tvturk.com\/index.php\/wp-json\/wp\/v2\/comments?post=198226"}],"version-history":[{"count":0,"href":"http:\/\/www.tvturk.com\/index.php\/wp-json\/wp\/v2\/posts\/198226\/revisions"}],"wp:attachment":[{"href":"http:\/\/www.tvturk.com\/index.php\/wp-json\/wp\/v2\/media?parent=198226"}],"wp:term":[{"taxonomy":"category","embeddable":true,"href":"http:\/\/www.tvturk.com\/index.php\/wp-json\/wp\/v2\/categories?post=198226"},{"taxonomy":"post_tag","embeddable":true,"href":"http:\/\/www.tvturk.com\/index.php\/wp-json\/wp\/v2\/tags?post=198226"}],"curies":[{"name":"wp","href":"https:\/\/api.w.org\/{rel}","templated":true}]}}