{"id":198276,"date":"2019-08-31T17:17:09","date_gmt":"2019-08-31T14:17:09","guid":{"rendered":"http:\/\/www.tvturk.com\/index.php\/avrupa-kadinlar-voleybol-sampiyonasi-son-16-turu-oncesi-medya-bulusmasi-gerceklestirildi\/"},"modified":"2019-08-31T17:17:09","modified_gmt":"2019-08-31T14:17:09","slug":"avrupa-kadinlar-voleybol-sampiyonasi-son-16-turu-oncesi-medya-bulusmasi-gerceklestirildi","status":"publish","type":"post","link":"http:\/\/www.tvturk.com\/index.php\/avrupa-kadinlar-voleybol-sampiyonasi-son-16-turu-oncesi-medya-bulusmasi-gerceklestirildi\/","title":{"rendered":"Avrupa Kad\u0131nlar Voleybol \u015eampiyonas\u0131 son 16 turu \u00f6ncesi medya bulu\u015fmas\u0131 ger\u00e7ekle\u015ftirildi"},"content":{"rendered":"<p>Avrupa Voleybol \u015eampiyonas\u0131 son 16 turu \u00f6ncesi; T\u00fcrkiye, S\u0131rbistan, Romanya ve H\u0131rvatistan milli tak\u0131mlar\u0131n\u0131n ba\u015fantren\u00f6r ve tak\u0131m kaptanlar\u0131 medya bulu\u015fmas\u0131nda bir araya geldi.<\/p>\n<p>Avrupa Voleybol \u015eampiyonas\u0131 son 16 turu \u00f6ncesi T\u00fcrkiye A Milli Kad\u0131n Voleybol Tak\u0131m\u0131 Ba\u015fantren\u00f6r\u00fc Giovanni Guidetti ve tak\u0131m kaptan\u0131 Eda Erdem D\u00fcndar turnuvan\u0131n grup ve eleme a\u015famas\u0131n\u0131 de\u011ferlendirdi. T\u00fcrkiye A Milli Kad\u0131n Voleybol Tak\u0131m\u0131\u2019n\u0131n 1 Eyl\u00fcl\u2019de H\u0131rvatistan\u2019la kar\u015f\u0131la\u015faca\u011f\u0131 ma\u00e7 hakk\u0131nda da konu\u015fan Guidetti, H\u0131rvatistan tak\u0131m\u0131nda pas\u00f6r \u00e7apraz\u0131 mevkiinde oynayan Fabris\u2019e dikkat edilmesi gerekti\u011fini s\u00f6yledi. Bas\u0131n toplant\u0131s\u0131n\u0131n ard\u0131ndan T\u00fcrkiye Voleybol Federasyonu Ba\u015fkan\u0131 Mehmet Akif \u00dcst\u00fcnda\u011f, 12 bin ki\u015filik salonda T\u00fcrk seyircisine yetmedi\u011fini s\u00f6yleyerek, turnuva hakk\u0131nda de\u011ferlendirmelerde bulundu.<\/p>\n<p>\u201cArt\u0131k 12 bin ki\u015fi \u00f6n\u00fcnde oynayan bir voleybol milli tak\u0131m\u0131m\u0131z var\u201d<\/p>\n<p>D\u00fczenlenen medya bulu\u015fmas\u0131n\u0131n ard\u0131ndan \u00f6zel a\u00e7\u0131klamalarda bulunan T\u00fcrkiye Voleybol Federasyonu Ba\u015fkan\u0131 Mehmet Akif \u00dcst\u00fcnda\u011f, \u201cT\u00fcrk halk\u0131 \u00e7ok \u00f6nemli zaferlere imza att\u0131. T\u00fcrk voleybolu da bu \u00f6nemli zaferlere imza atmaya devam ediyor. Bu bizim i\u00e7in \u00e7ok mutluluk ve gurur verici. \u015e\u00f6yle ki; 12 bin ki\u015filik salonda yer yoktu. Art\u0131k 12 bin ki\u015fi \u00f6n\u00fcnde oynayan bir voleybol milli tak\u0131m\u0131m\u0131z var. Turnuvaya gelecek olursak; T\u00fcrkiye en son 2003 y\u0131l\u0131nda Avrupa \u015eampiyonas\u0131\u2019nda ev sahipli\u011fi yapm\u0131\u015ft\u0131. 4 bin 500 ki\u015filik salonumuz h\u0131nca h\u0131n\u00e7 dolmu\u015ftu. Orada Filenin Sultanlar\u0131 final oynad\u0131. Hedefimiz yeniden final oynamak. 4 galibiyet 1 ma\u011flubiyetle grubu tamamlad\u0131k ve gruptan ikinci olarak \u00e7apraz e\u015fle\u015fme turuna kald\u0131k. \u0130lk rakibimiz H\u0131rvatistan. H\u0131rvatistan engelini a\u015ft\u0131ktan sonra Hollanda &#8211; Yunanistan m\u00fcsabakas\u0131n\u0131n galibiyle kar\u015f\u0131la\u015faca\u011f\u0131z. E\u011fer biz bu engeli de a\u015farsak muhtemelen Almanya ya da Polonya tak\u0131mlar\u0131ndan biriyle kar\u015f\u0131la\u015faca\u011f\u0131z. Bu saatten sonra ma\u00e7lar\u0131n telafisi yok. Yenilen eleniyor ama yenen yoluna devam ediyor. Biz T\u00fcrkiye olarak bu organizasyonun ev sahipli\u011fini, a\u00e7\u0131l\u0131\u015f\u0131 seremonisi de dahil iyi bir \u015fekilde ger\u00e7ekle\u015ftirdik. Avrupa ve d\u00fcnya \u00fclkelerinde 150 televizyonda yay\u0131n yap\u0131lan  bir organizasyonda T\u00fcrkiye\u2019nin ne kadar m\u00fckemmel bir organizasyona imza att\u0131\u011f\u0131n\u0131 ne kadar g\u00fczel bir ev sahipli\u011fi yapt\u0131\u011f\u0131n\u0131 de\u011fil Avrupa, d\u00fcnyaya duyurduk ve g\u00f6sterdik. Bug\u00fcnden itibaren ve 8 Eyl\u00fcl\u2019e kadar olan s\u00fcrede ayn\u0131 m\u00fckemmelli\u011fi, centilmenli\u011fi ve ayn\u0131 misafirperverli\u011fi yine yapaca\u011f\u0131z. Seyircimizin g\u00fcc\u00fc ve deste\u011fiyle finale kadar gitmeyi arzuluyoruz\u201d dedi.<\/p>\n<p>\u201cFinalde taraftar\u0131m\u0131za nas\u0131l yer bulaca\u011f\u0131m\u0131z\u0131 d\u00fc\u015f\u00fcn\u00fcyoruz\u201d<\/p>\n<p>Voleybol \u015eampiyonas\u0131\u2019n\u0131n a\u00e7\u0131l\u0131\u015f\u0131nda \u00f6nemli etkinlikler d\u00fczenlendi\u011fini hat\u0131rlatan \u00dcst\u00fcnda\u011f, final ma\u00e7\u0131nda da s\u00fcrpriz organizasyonlar yap\u0131laca\u011f\u0131n\u0131n sinyallerini verdi. \u00dcst\u00fcnda\u011f, \u201c\u015eu ana kadar en b\u00fcy\u00fck haz\u0131rl\u0131\u011f\u0131m\u0131z final ma\u00e7\u0131na salonun nas\u0131l yetece\u011fi. Taraftar\u0131m\u0131za nas\u0131l yer bulaca\u011f\u0131m\u0131z\u0131 s\u0131k\u0131nt\u0131s\u0131n\u0131 ya\u015f\u0131yoruz. Biz bunu da ba\u015far\u0131r ve en iyisini de yapar\u0131z. A\u00e7\u0131l\u0131\u015fta nas\u0131l b\u00fcy\u00fck organizasyonlar yapt\u0131ysak finalde de \u00f6yle m\u00fckemmel organizasyonlar yapaca\u011f\u0131z\u201d ifadelerini kulland\u0131.<\/p>\n<p>\u201cKupa \u00e7ok uza\u011f\u0131m\u0131zda de\u011fil\u201d<\/p>\n<p>T\u00fcrkiye A Milli Kad\u0131n Voleybol tak\u0131m\u0131n\u0131n kupaya \u00e7ok uzak olmad\u0131\u011f\u0131n\u0131 s\u00f6yleyen \u00dcst\u00fcnda\u011f, turnuva sonunda ba\u015faran ve mutlu olan taraf\u0131n T\u00fcrkiye olaca\u011f\u0131n\u0131 dile getirdi. \u00dcst\u00fcnda\u011f, \u201cKupa \u00e7ok uza\u011f\u0131m\u0131zda de\u011fil, yak\u0131n\u0131m\u0131zda ama onu kazanmam\u0131z i\u00e7in salonda k\u0131zlar\u0131m\u0131z\u0131n sonuca gitmesi laz\u0131m. Ben buradan bir kez daha g\u00f6revli personele, teknik ekip ve oyuncular\u0131m\u0131za ba\u015far\u0131lar diliyorum. Allah g\u00fc\u00e7 kuvvet versin. Allah, yard\u0131mc\u0131lar\u0131 olsun. Bizler trib\u00fcndeyiz ama tabii ki kolay de\u011fil. Sahada m\u0131 zor, trib\u00fcnde mi zor bilemiyorum. \u0130n\u015fallah, kupay\u0131 m\u00fczemize g\u00f6t\u00fcrmek i\u00e7in t\u00fcm haz\u0131rl\u0131\u011f\u0131m\u0131z\u0131 ve gayretimizle m\u00fccadelemizi veriyoruz. Ba\u015faran ve mutlu olan taraf biz oluruz diye d\u00fc\u015f\u00fcn\u00fcyorum\u201d diye konu\u015ftu.<\/p>\n<p>\u201cTurnuvan\u0131n en can al\u0131c\u0131 b\u00f6l\u00fcm\u00fcndeyiz\u201d<\/p>\n<p>T\u00fcrkiye A Milli Kad\u0131n Voleybol tak\u0131m\u0131 Ba\u015fantren\u00f6r\u00fc Giovanni Guidetti, tak\u0131m\u0131n\u0131n tam performans\u0131n\u0131 hen\u00fcz g\u00f6steremedi\u011fini fakat eleme ma\u00e7lar\u0131n\u0131n \u00f6nemli oldu\u011funu belirterek, \u201c\u015eu ana kadar yapt\u0131klar\u0131m\u0131zla ilgili \u00e7ok mutluyuz. \u00d6zellikle Ankara\u2019da b\u00f6yle muhte\u015fem bir seyirciyle oynad\u0131\u011f\u0131m\u0131z i\u00e7in \u00e7ok keyifliyiz. Her ge\u00e7en g\u00fcn biraz daha artan bir kalabal\u0131kla oynad\u0131k ve bu bizi \u00e7ok mutlu etti. Tak\u0131m\u0131m\u0131z turnuvan\u0131n ilk b\u00f6l\u00fcm\u00fcnde ola\u011fan\u00fcst\u00fc oynamad\u0131 fakat yeteri derecede iyiydik. \u015eu an turnuvan\u0131n en can al\u0131c\u0131 b\u00f6l\u00fcm\u00fcndeyiz \u00e7\u00fcnk\u00fc her ma\u00e7 \u00f6l\u00fcm ya da kal\u0131m ma\u00e7\u0131. Turnuvan\u0131n bu b\u00f6l\u00fcm\u00fcn\u00fc bu \u015fekilde oynayaca\u011f\u0131z\u201d a\u00e7\u0131klamas\u0131nda bulundu.<\/p>\n<p>Fabris\u2019e dikkat<\/p>\n<p>H\u0131rvatistan ma\u00e7\u0131 \u00f6ncesi \u00f6nemli a\u00e7\u0131klamalarda bulunan Guidetti, H\u0131rvatistan Voleybol tak\u0131m\u0131ndan Fabris\u2019e dikkat \u00e7ekti. H\u0131rvatistan tak\u0131m\u0131nda h\u00fccum y\u00fck\u00fcn\u00fc \u00e7eken Fabris\u2019e kar\u015f\u0131 gerekli \u00f6nlemlerin al\u0131naca\u011f\u0131n\u0131 s\u00f6yleyen Guidetti, \u201cH\u0131rvatistan da turnuvan\u0131n ilk b\u00f6l\u00fcm\u00fcnde iyi i\u015fler \u00e7\u0131kard\u0131. Giderek kendilerini geli\u015ftirdiler. Fiziksel olarak y\u00fcksek oyunculara sahip bir tak\u0131m. Pas\u00f6r \u00e7apraz\u0131 mevkiinde oynayan Fabris tak\u0131mda h\u00fccum y\u00fck\u00fcn\u00fc \u00e7eken oyuncu. Atak y\u00fczdesi olarak da iyi bir seviyede. Bundan sonraki ma\u00e7lar\u0131n \u00e7ok \u00f6nemli oldu\u011funun fark\u0131nday\u0131z. Odaklanarak sadece bu ma\u00e7lar\u0131 d\u00fc\u015f\u00fcnerek haz\u0131rl\u0131klar\u0131m\u0131z\u0131 tamamlayaca\u011f\u0131z\u201d dedi.<\/p>\n<p>\u201cBu ma\u00e7\u0131 kazan\u0131p ilk 8\u2019e ad\u0131m\u0131z\u0131 yazd\u0131rmak istiyoruz\u201d<\/p>\n<p>T\u00fcrkiye A Milli Kad\u0131n Voleybol tak\u0131m\u0131 kaptan\u0131 Eda Erdem D\u00fcndar, taraftar\u0131n ilgisinden dolay\u0131 mutlu oldu\u011funu s\u00f6yleyerek taraftara \u00e7a\u011fr\u0131da bulundu. H\u0131rvatistan ma\u00e7\u0131nda da taraftar\u0131 trib\u00fcnlerde g\u00f6rmek istedi\u011fini vurgulayan D\u00fcndar, \u201c\u0130lk grubu iyi bitirdi\u011fimizi d\u00fc\u015f\u00fcn\u00fcyorum. 5 ma\u00e7\u0131 da inan\u0131lmaz bir seyirciye kar\u015f\u0131 oynad\u0131k. Arena\u2019da inan\u0131lmaz bir atmosfer vard\u0131. Hedeflerimiz aras\u0131nda en k\u00f6t\u00fc grubu 2\u2019nci bitirmek vard\u0131 onu da ba\u015fard\u0131k. \u015eimdi H\u0131rvatistan\u2019la oynuyoruz. \u0130lk 16\u2019day\u0131z, hedefimiz finale kadar gitmek. \u0130lk \u00f6nce H\u0131rvatistan ma\u00e7\u0131n\u0131 ge\u00e7ip rakibimizi bekleyece\u011fiz. Ankara seyircisi bizi inan\u0131lmaz destekliyor. Yar\u0131n da onlar\u0131 ayn\u0131 \u015fekilde trib\u00fcnlerde g\u00f6rmek istiyoruz. Bize gelecek olursak; kendi hatalar\u0131m\u0131z\u0131 biraz azalt\u0131p, tak\u0131m olarak daha iyi oynarsak \u00f6n\u00fcm\u00fcz\u00fcn a\u00e7\u0131k oldu\u011funu d\u00fc\u015f\u00fcn\u00fcyorum. Hepimiz \u00e7ok heyecanl\u0131 ve mutluyuz 5\u2019te 4 yapt\u0131\u011f\u0131m\u0131z i\u00e7in. Tamam\u0131yla H\u0131rvatistan ma\u00e7\u0131n\u0131 d\u00fc\u015f\u00fcn\u00fcyoruz. Bu ma\u00e7\u0131 kazan\u0131p ilk 8\u2019e ad\u0131m\u0131z\u0131 yazd\u0131rmak istiyoruz\u201d \u015feklinde konu\u015ftu.<\/p>\n<p>Son 16 turuna kalan T\u00fcrkiye, S\u0131rbistan, Romanya ve H\u0131rvatistan tak\u0131mlar\u0131n\u0131n ba\u015fantren\u00f6r ve tak\u0131m kaptanlar\u0131n\u0131n kat\u0131ld\u0131\u011f\u0131 medya bulu\u015fmas\u0131 toplu foto\u011fraf \u00e7ekiminin ard\u0131ndan son buldu.<\/p>\n","protected":false},"excerpt":{"rendered":"<p>AVRUPA VOLEYBOL \u015eAMP\u0130YONASI SON 16 TURU \u00d6NCES\u0130; T\u00dcRK\u0130YE, SIRB\u0130STAN, ROMANYA VE HIRVAT\u0130STAN M\u0130LL\u0130 TAKIMLARININ BA\u015eANTREN\u00d6R VE TAKIM KAPTANLARI MEDYA BULU\u015eMASINDA B\u0130R ARAYA GELD\u0130.<\/p>\n","protected":false},"author":1,"featured_media":0,"comment_status":"closed","ping_status":"open","sticky":false,"template":"","format":"standard","meta":{"jetpack_post_was_ever_published":false,"_jetpack_newsletter_access":"","_jetpack_dont_email_post_to_subs":false,"_jetpack_newsletter_tier_id":0,"_jetpack_memberships_contains_paywalled_content":false,"_jetpack_memberships_contains_paid_content":false,"footnotes":"","jetpack_publicize_message":"","jetpack_publicize_feature_enabled":true,"jetpack_social_post_already_shared":true,"jetpack_social_options":{"image_generator_settings":{"template":"highway","default_image_id":0,"font":"","enabled":false},"version":2}},"categories":[657],"tags":[392,8164,412,3104,5066,5360,395,1240,1419,4366],"class_list":["post-198276","post","type-post","status-publish","format-standard","hentry","category-spor","tag-avrupa","tag-bulusmasi","tag-gerceklestirildi","tag-kadinlar","tag-medya","tag-oncesi","tag-sampiyonasi","tag-son","tag-turu","tag-voleybol"],"jetpack_publicize_connections":[],"jetpack_featured_media_url":"","jetpack_sharing_enabled":true,"jetpack_shortlink":"https:\/\/wp.me\/paKIfm-PA0","_links":{"self":[{"href":"http:\/\/www.tvturk.com\/index.php\/wp-json\/wp\/v2\/posts\/198276","targetHints":{"allow":["GET"]}}],"collection":[{"href":"http:\/\/www.tvturk.com\/index.php\/wp-json\/wp\/v2\/posts"}],"about":[{"href":"http:\/\/www.tvturk.com\/index.php\/wp-json\/wp\/v2\/types\/post"}],"author":[{"embeddable":true,"href":"http:\/\/www.tvturk.com\/index.php\/wp-json\/wp\/v2\/users\/1"}],"replies":[{"embeddable":true,"href":"http:\/\/www.tvturk.com\/index.php\/wp-json\/wp\/v2\/comments?post=198276"}],"version-history":[{"count":0,"href":"http:\/\/www.tvturk.com\/index.php\/wp-json\/wp\/v2\/posts\/198276\/revisions"}],"wp:attachment":[{"href":"http:\/\/www.tvturk.com\/index.php\/wp-json\/wp\/v2\/media?parent=198276"}],"wp:term":[{"taxonomy":"category","embeddable":true,"href":"http:\/\/www.tvturk.com\/index.php\/wp-json\/wp\/v2\/categories?post=198276"},{"taxonomy":"post_tag","embeddable":true,"href":"http:\/\/www.tvturk.com\/index.php\/wp-json\/wp\/v2\/tags?post=198276"}],"curies":[{"name":"wp","href":"https:\/\/api.w.org\/{rel}","templated":true}]}}