{"id":198292,"date":"2019-08-31T18:46:05","date_gmt":"2019-08-31T15:46:05","guid":{"rendered":"http:\/\/www.tvturk.com\/index.php\/beyoglu-belediye-baskan-yardimcilari-gul-baba-kulliyesini-ziyaret-etti\/"},"modified":"2019-08-31T18:46:05","modified_gmt":"2019-08-31T15:46:05","slug":"beyoglu-belediye-baskan-yardimcilari-gul-baba-kulliyesini-ziyaret-etti","status":"publish","type":"post","link":"http:\/\/www.tvturk.com\/index.php\/beyoglu-belediye-baskan-yardimcilari-gul-baba-kulliyesini-ziyaret-etti\/","title":{"rendered":"Beyo\u011flu Belediye Ba\u015fkan Yard\u0131mc\u0131lar\u0131, G\u00fcl Baba K\u00fclliyesi\u2019ni ziyaret etti"},"content":{"rendered":"<p>Beyo\u011flu Belediye Ba\u015fkan Yard\u0131mc\u0131lar\u0131 K\u00fcbra G\u00fclal ve Mehmet Erdo\u011fan, Macaristan\u2019\u0131n ba\u015fkenti Budape\u015fte\u2019de bulunan G\u00fcl Baba K\u00fclliyesi\u2019ni ziyaret etti.<\/p>\n<p>Beyo\u011flu Belediyesi\u2019nin Macaristan\u2019daki karde\u015f \u015fehri Pe\u00e7 Belediyesi\u2019nin d\u00fczenledi\u011fi festivale kat\u0131lmak \u00fczere Macaristan\u2019a gelen ba\u015fkan yard\u0131mc\u0131lar\u0131, Pe\u00e7 ziyareti \u00f6ncesi ba\u015fkent Budape\u015fte\u2019de bulunan G\u00fcl Baba K\u00fclliyesi\u2019ni ziyaret etti. G\u00fcl Baba T\u00fcrbesi\u2019nde Fatiha okuyan Beyo\u011flu Belediyesi heyeti, kompleksi dola\u015ft\u0131ktan sonra T\u00fcrk kahvesi i\u00e7ti ve kendilerini a\u011f\u0131rlayan Suat Karaku\u015f\u2019a Galata Kulesi heykeli hediye etti.<\/p>\n<p>G\u00fclal, G\u00fcl Baba K\u00fclliyesi\u2019nin kendisini \u00e7ok etkiledi\u011fini s\u00f6yleyerek, \u2018\u2018T\u0130KA ve Say\u0131n Cumhurba\u015fkan\u0131m\u0131z\u0131n gayretleriyle daha \u00f6nce de Balkanlarda \u00e7ok ihya edilmi\u015f Osmanl\u0131-T\u00fcrk tarihi eserlerinin a\u00e7\u0131l\u0131\u015flar\u0131nda bizzat bulunmu\u015ftum. \u0130nsan \u00e7ok duygulan\u0131yor. Ger\u00e7ekten hi\u00e7 beklemedi\u011fim bir \u015feyle kar\u015f\u0131la\u015ft\u0131m. G\u00fcl Baba K\u00fclliyesi\u2019nde kendimi \u0130stanbul\u2019da gibi hissettim. Budape\u015fte bizi s\u00fcrprizle kar\u015f\u0131lad\u0131 bizleri. \u00d6zellikle yerel halk\u0131n buraya g\u00f6sterdi\u011fi ilgi ve alaka bizleri \u00e7ok mutlu etti. Karaku\u015f\u2019a ve ekibine minnetlerimi sunuyorum\u201d dedi.<\/p>\n<p>Mehmet Erdo\u011fan ise \u2018\u2018Bu gibi uzak yerlerde ecdad\u0131n bin bir zorluklarla buralara gelerek m\u00fccadele etmeleri ve bu k\u00fclt\u00fcre ortak olmalar\u0131, bizim de yakla\u015f\u0131k 500 y\u0131l sonra bu mekanda ayn\u0131 duyguyu ya\u015f\u0131yor olmam\u0131z \u00e7ok sevindirici. Suat Karaku\u015f beye \u00e7ok te\u015fekk\u00fcr ediyoruz. \u00d6n\u00fcm\u00fczdeki s\u00fcre\u00e7te G\u00fcl Baba Vakf\u0131 ile birlikte Beyo\u011flu Belediyesi ve Ok\u00e7ular Vakf\u0131 i\u015fbirli\u011fi \u00e7erisinde ortak k\u00fclt\u00fcr ve spor programlar\u0131n\u0131 Budape\u015fte G\u00fcl baba K\u00fclliyesi\u2019nde ger\u00e7ekle\u015ftirmek i\u00e7in harekete ge\u00e7ece\u011fiz\u2019\u2019 diye konu\u015ftu.<\/p>\n","protected":false},"excerpt":{"rendered":"<p>BEYO\u011eLU BELED\u0130YE BA\u015eKAN YARDIMCILARI K\u00dcBRA G\u00dcLAL VE MEHMET ERDO\u011eAN, MACAR\u0130STAN\u2019IN BA\u015eKENT\u0130 BUDAPE\u015eTE\u2019DE BULUNAN G\u00dcL BABA K\u00dcLL\u0130YES\u0130\u2019N\u0130 Z\u0130YARET ETT\u0130.<\/p>\n","protected":false},"author":1,"featured_media":0,"comment_status":"closed","ping_status":"open","sticky":false,"template":"","format":"standard","meta":{"jetpack_post_was_ever_published":false,"_jetpack_newsletter_access":"","_jetpack_dont_email_post_to_subs":false,"_jetpack_newsletter_tier_id":0,"_jetpack_memberships_contains_paywalled_content":false,"_jetpack_memberships_contains_paid_content":false,"footnotes":"","jetpack_publicize_message":"","jetpack_publicize_feature_enabled":true,"jetpack_social_post_already_shared":true,"jetpack_social_options":{"image_generator_settings":{"template":"highway","default_image_id":0,"font":"","enabled":false},"version":2}},"categories":[10],"tags":[1360,100,134,4729,207,2273,20349,12270,150],"class_list":["post-198292","post","type-post","status-publish","format-standard","hentry","category-dunya","tag-baba","tag-baskan","tag-belediye","tag-beyoglu","tag-etti","tag-gul","tag-kulliyesini","tag-yardimcilari","tag-ziyaret"],"jetpack_publicize_connections":[],"jetpack_featured_media_url":"","jetpack_sharing_enabled":true,"jetpack_shortlink":"https:\/\/wp.me\/paKIfm-PAg","_links":{"self":[{"href":"http:\/\/www.tvturk.com\/index.php\/wp-json\/wp\/v2\/posts\/198292","targetHints":{"allow":["GET"]}}],"collection":[{"href":"http:\/\/www.tvturk.com\/index.php\/wp-json\/wp\/v2\/posts"}],"about":[{"href":"http:\/\/www.tvturk.com\/index.php\/wp-json\/wp\/v2\/types\/post"}],"author":[{"embeddable":true,"href":"http:\/\/www.tvturk.com\/index.php\/wp-json\/wp\/v2\/users\/1"}],"replies":[{"embeddable":true,"href":"http:\/\/www.tvturk.com\/index.php\/wp-json\/wp\/v2\/comments?post=198292"}],"version-history":[{"count":0,"href":"http:\/\/www.tvturk.com\/index.php\/wp-json\/wp\/v2\/posts\/198292\/revisions"}],"wp:attachment":[{"href":"http:\/\/www.tvturk.com\/index.php\/wp-json\/wp\/v2\/media?parent=198292"}],"wp:term":[{"taxonomy":"category","embeddable":true,"href":"http:\/\/www.tvturk.com\/index.php\/wp-json\/wp\/v2\/categories?post=198292"},{"taxonomy":"post_tag","embeddable":true,"href":"http:\/\/www.tvturk.com\/index.php\/wp-json\/wp\/v2\/tags?post=198292"}],"curies":[{"name":"wp","href":"https:\/\/api.w.org\/{rel}","templated":true}]}}