{"id":19831,"date":"2019-02-10T22:57:57","date_gmt":"2019-02-10T19:57:57","guid":{"rendered":"http:\/\/www.tvturk.com\/index.php\/turkiyedeki-cadli-ogrenciler-kbude-bir-araya-geldi\/"},"modified":"2019-02-10T22:58:01","modified_gmt":"2019-02-10T19:58:01","slug":"turkiyedeki-cadli-ogrenciler-kbude-bir-araya-geldi","status":"publish","type":"post","link":"http:\/\/www.tvturk.com\/index.php\/turkiyedeki-cadli-ogrenciler-kbude-bir-araya-geldi\/","title":{"rendered":"T\u00fcrkiye\u2019deki \u00c7adl\u0131 \u00f6\u011frenciler KB\u00dc\u2019de bir araya geldi"},"content":{"rendered":"<p>Karab\u00fck \u00dcniversitesinin ev sahipli\u011finde \u201cT\u00fcrkiye ve K\u0131br\u0131s\u2019taki \u00c7adl\u0131 \u00d6\u011frenciler Birli\u011fi 4. Genel Kurul Toplant\u0131s\u0131\u201d d\u00fczenlendi.<\/p>\n<p>T\u00fcrkiye ve K\u0131br\u0131s\u2019taki \u00c7adl\u0131 \u00d6\u011frenciler Birli\u011fi\u2019nin organize etti\u011fi, \u201cT\u00fcrkiye ve K\u0131br\u0131s\u2019taki \u00c7adl\u0131 \u00d6\u011frenciler Birli\u011fi 4. Genel Kurul Toplant\u0131s\u0131\u201d Karab\u00fck \u00dcniversitesinin ev sahipli\u011finde ger\u00e7ekle\u015ftirildi.<\/p>\n<p>15 Temmuz \u015eehitler Konferans Salonu\u2019nda d\u00fczenlenen etkinli\u011fe Karab\u00fck \u00dcniversitesi Rekt\u00f6r\u00fc Prof. Dr. Refik Polat, \u00c7ad\u2019\u0131n Ankara B\u00fcy\u00fckel\u00e7isi Adoum Dangai Nokour Guet, Karab\u00fck \u00dcniversitesi Rekt\u00f6r Yard\u0131mc\u0131s\u0131 Prof. Dr. Mustafa Ya\u015far, Genel Sekreter L\u00fctf\u00fc K\u00f6m, Uluslararas\u0131 \u00d6\u011frenci Dernekleri Federasyonu (UDEF) Temsilcisi Mehmet Evran, Karab\u00fck \u00dcniversitesinden ve T\u00fcrkiye\u2019nin d\u00f6rt bir yan\u0131ndan gelen \u00c7adl\u0131 \u00f6\u011frenciler ve davetliler kat\u0131ld\u0131.<\/p>\n<p>Karab\u00fck \u00dcniversitesi Rekt\u00f6r\u00fc Prof. Dr. Refik Polat,  toplant\u0131ya ev sahipli\u011fi yapmaktan ve T\u00fcrkiye\u2019nin d\u00f6rt bir yan\u0131ndan gelen \u00c7adl\u0131 \u00f6\u011frencilerin salonu doldurmas\u0131ndan dolay\u0131 mutlu oldu\u011funu ifade etti.<\/p>\n<p>Salonun yar\u0131s\u0131n\u0131 Karab\u00fck \u00dcniversitesinde okuyan \u00c7adl\u0131 \u00f6\u011frencilerin doldurdu\u011funu ifade eden Rekt\u00f6r Polat, \u201cKarab\u00fck \u00dcniversitesi olarak her y\u0131l bu etkinli\u011fe ev sahipli\u011fi yapmay\u0131 ve sizleri misafir etmeyi \u00e7ok isteriz.\u201d dedi.<\/p>\n<p>\u00d6\u011frencilere tavsiyelerde de bulunan Polat, konu\u015fmas\u0131n\u0131 \u015fu s\u00f6zlerle noktalad\u0131:<\/p>\n<p>\u201cT\u00fcrkiye\u2019de okudu\u011funuz s\u00fcrede m\u00fcmk\u00fcn oldu\u011funca ve derslerinizi aksatmamak \u015fart\u0131yla gezin. T\u00fcrkiye\u2019deki her \u015fehri g\u00f6r\u00fcn, \u00fclkemizin k\u00fclt\u00fcr\u00fcn\u00fc ve de\u011ferlerini \u00f6\u011frenin. Hepinizin T\u00fcrkiye\u2019den ayr\u0131l\u0131rken k\u00fclt\u00fcr\u00fcm\u00fcz\u00fc, sanat\u0131m\u0131z\u0131 ve de\u011ferlerimizi \u00f6\u011frenmi\u015f olarak gitmenizi \u00e7ok isterim.<\/p>\n<p>B\u00fcy\u00fckel\u00e7i Guet: \u201cKarab\u00fck \u00dcniversitesi, T\u00fcrkiye\u2019de bize imk\u00e2n verildi\u011finin en iyi \u00f6rne\u011fidir\u201d<\/p>\n<p>\u00c7ad\u2019\u0131n Ankara B\u00fcy\u00fckel\u00e7isi Adoum Dangai Nokour Guet ise \u00c7ad\u2019a sa\u011flad\u0131\u011f\u0131 imkanlar ve f\u0131rsatlar i\u00e7in T\u00fcrkiye Cumhuriyeti Cumhurba\u015fkan\u0131 Recep Tayyip Erdo\u011fan\u2019a te\u015fekk\u00fcr etti.<\/p>\n<p>B\u00fcy\u00fckel\u00e7i Nokour Guet, \u201c\u00c7ad\u2019\u0131n Y\u00fcksek \u00d6\u011fretim Kurumlar\u0131na tan\u0131nm\u0131\u015f olan bu b\u00fcy\u00fck f\u0131rsatlar ve bize verilen burslar i\u00e7in \u00e7ok te\u015fekk\u00fcr ediyorum. Karab\u00fck \u00dcniversitesi, T\u00fcrkiye\u2019de bize imkan verildi\u011finin en iyi \u00f6rne\u011fidir. \u015eu an bu salonu dolduran \u00f6\u011frencilerin yar\u0131s\u0131ndan fazlas\u0131 Karab\u00fck \u00dcniversitesinde okuyor. \u00c7ad B\u00fcy\u00fckel\u00e7isi olarak bize ev sahipli\u011fi yapt\u0131klar\u0131 i\u00e7in Karab\u00fck \u00dcniversitesi ve Rekt\u00f6r Prof. Dr. Refik Polat\u2019a te\u015fekk\u00fcr ediyorum.\u201d diye konu\u015ftu.<\/p>\n<p>\u00c7adl\u0131 \u00f6\u011frencilerin yapm\u0131\u015f olduklar\u0131 4. Genel Kurul Toplant\u0131s\u0131\u2019n\u0131 te\u015fvik edici buldu\u011funu da belirten B\u00fcy\u00fckel\u00e7i Guet, gelecek y\u0131llarda da bu etkinliklerin devam\u0131n\u0131n gelmesini temenni ederek konu\u015fmas\u0131n\u0131 \u015fu \u015fekilde s\u00fcrd\u00fcrd\u00fc:<\/p>\n<p>\u201cBu t\u00fcr etkinlikler, \u00c7adl\u0131 \u00f6\u011frenciler i\u00e7in b\u00fcy\u00fck kat\u0131l\u0131m sa\u011fland\u0131\u011f\u0131nda karde\u015flik ve birbirinizle temas halinde kalman\u0131z a\u00e7\u0131s\u0131ndan \u00e7ok \u00f6nemli. T\u00fcrkiye\u2019de ya\u015fayan \u00c7adl\u0131 \u00f6\u011frenciler i\u00e7in \u00e7ok g\u00fczel d\u00fc\u015f\u00fcnme ve d\u00fc\u015f\u00fcnceleri, k\u00fclt\u00fcr ve fikir al\u0131\u015fveri\u015fi payla\u015fma zaman\u0131d\u0131r. Bu g\u00fczel \u00fcniversiteye benim ikinci ziyaretim. Program\u0131m yo\u011fun olmas\u0131na ra\u011fmen burada sizlerle bir arada bulunmak istedim. Buraya ziyaretimde T\u00fcrkiye ve K\u0131br\u0131s\u2019ta bulunan \u00f6\u011frencilerin sergilemi\u015f oldu\u011fu bu g\u00fczel davran\u0131\u015ftan dolay\u0131 hepinize minnettar\u0131m. T\u00fcrkiye ve K\u0131br\u0131s\u2019taki \u00f6\u011frencilerin, T\u00fcrkiye ve \u00c7ad\u2019daki \u00fcniversiteler aras\u0131ndaki diplomaside \u00e7ok b\u00fcy\u00fck rol oynad\u0131klar\u0131 i\u00e7in te\u015fekk\u00fcr ediyorum.\u201d<\/p>\n<p>Konu\u015fmas\u0131nda \u00c7ad\u2019\u0131n 2020-2030 vizyonu i\u00e7in \u00e7ok g\u00fczel planlar\u0131 oldu\u011funu belirten Guet, \u201c\u00d6zellikle Paris\u2019te yap\u0131lan konferanstaki 2017-2020 planlamas\u0131 da bunun i\u00e7indedir. \u00c7ad Cumhurba\u015fkan\u0131 \u0130dris Debi, 2020-2030 vizyonu i\u00e7in \u00c7ad\u2019\u0131n Afrika\u2019da ve D\u00fcnya\u2019da, b\u00f6lgesel ve k\u00fcresel bir g\u00fc\u00e7 haline gelebilmesi i\u00e7in bu stratejiyi uygulamaktad\u0131r.\u201d dedi.<\/p>\n<p>Guet, konu\u015fmas\u0131n\u0131n sonunda \u00c7adl\u0131 \u00f6\u011frencilerin Karab\u00fck \u00dcniversitesinde ald\u0131klar\u0131 e\u011fitimle \u00c7ad\u2019\u0131 daha da ileriye ta\u015f\u0131yacaklar\u0131n\u0131n alt\u0131n\u0131 \u00e7izdi.<\/p>\n<p>\u0130ki g\u00fcn boyunca devam eden programda \u00f6\u011frenciler kendi dillerinde ve T\u00fcrk\u00e7e \u015fiirler okudu, T\u00fcrk\u00e7e bilgi yar\u0131\u015fmas\u0131 d\u00fczenledi. \u0130kinci g\u00fcn\u00fcn sonunda program, genel kurul toplant\u0131s\u0131 ve yeni ba\u015fkan\u0131n se\u00e7ilmesinin ard\u0131ndan son buldu.<div class=\"tiled-gallery type-rectangular tiled-gallery-unresized\" data-original-width=\"500\" data-carousel-extra='null' itemscope itemtype=\"http:\/\/schema.org\/ImageGallery\" > <div class=\"gallery-row\" style=\"width: 500px; height: 224px;\" data-original-width=\"500\" data-original-height=\"224\" > <div class=\"gallery-group images-1\" style=\"width: 334px; height: 224px;\" data-original-width=\"334\" data-original-height=\"224\" > <div class=\"tiled-gallery-item tiled-gallery-item-large\" itemprop=\"associatedMedia\" itemscope itemtype=\"http:\/\/schema.org\/ImageObject\"> <a href=\"http:\/\/www.tvturk.com\/index.php\/turkiyedeki-cadli-ogrenciler-kbude-bir-araya-geldi\/turkiyedeki-cadli-ogrenciler-kbude-bir-araya-geldi-3\/\" border=\"0\" itemprop=\"url\"> <meta itemprop=\"width\" content=\"330\"> <meta itemprop=\"height\" content=\"220\"> <img decoding=\"async\" class=\"\" data-attachment-id=\"19833\" data-orig-file=\"http:\/\/www.tvturk.com\/wp-content\/uploads\/2019\/02\/turkiyedeki-cadli-ogrenciler-kbude-bir-araya-geldi_705ae6d.jpg\" data-orig-size=\"1000,666\" data-comments-opened=\"\" data-image-meta=\"{&quot;aperture&quot;:&quot;0&quot;,&quot;credit&quot;:&quot;IHA&quot;,&quot;camera&quot;:&quot;&quot;,&quot;caption&quot;:&quot;KARAB\\u00dcK \\u00dcN\\u0130VERS\\u0130TES\\u0130N\\u0130N EV SAH\\u0130PL\\u0130\\u011e\\u0130NDE \\u201cT\\u00dcRK\\u0130YE VE KIBRIS\\u2019TAK\\u0130 \\u00c7ADLI \\u00d6\\u011eRENC\\u0130LER B\\u0130RL\\u0130\\u011e\\u0130 4. GENEL KURUL TOPLANTISI\\u201d D\\u00dcZENLEND\\u0130. (YAS\\u0130N ERDEM\\\/KARAB\\u00dcK-\\u0130HA)&quot;,&quot;created_timestamp&quot;:&quot;0&quot;,&quot;copyright&quot;:&quot;\\u0130HLAS HABER AJANSI, www.iha.com.tr&quot;,&quot;focal_length&quot;:&quot;0&quot;,&quot;iso&quot;:&quot;0&quot;,&quot;shutter_speed&quot;:&quot;0&quot;,&quot;title&quot;:&quot;T\\u00dcRK\\u0130YE\\u2019DEK\\u0130 \\u00c7ADLI \\u00d6\\u011eRENC\\u0130LER KB\\u00dc\\u2019DE B\\u0130R ARAYA GELD\\u0130&quot;,&quot;orientation&quot;:&quot;0&quot;}\" data-image-title=\"T\u00fcrkiye\u2019deki \u00c7adl\u0131 \u00f6\u011frenciler KB\u00dc\u2019de bir araya geldi\" data-image-description=\"&lt;p&gt;T\u00fcrkiye\u2019deki \u00c7adl\u0131 \u00f6\u011frenciler KB\u00dc\u2019de bir araya geldi&lt;\/p&gt; \" data-medium-file=\"https:\/\/i0.wp.com\/www.tvturk.com\/wp-content\/uploads\/2019\/02\/turkiyedeki-cadli-ogrenciler-kbude-bir-araya-geldi_705ae6d.jpg?fit=300%2C200\" data-large-file=\"https:\/\/i0.wp.com\/www.tvturk.com\/wp-content\/uploads\/2019\/02\/turkiyedeki-cadli-ogrenciler-kbude-bir-araya-geldi_705ae6d.jpg?fit=1000%2C666\" src=\"https:\/\/i0.wp.com\/www.tvturk.com\/wp-content\/uploads\/2019\/02\/turkiyedeki-cadli-ogrenciler-kbude-bir-araya-geldi_705ae6d.jpg?w=330&#038;h=220\" srcset=\"https:\/\/i0.wp.com\/www.tvturk.com\/wp-content\/uploads\/2019\/02\/turkiyedeki-cadli-ogrenciler-kbude-bir-araya-geldi_705ae6d.jpg?w=1000 1000w, https:\/\/i0.wp.com\/www.tvturk.com\/wp-content\/uploads\/2019\/02\/turkiyedeki-cadli-ogrenciler-kbude-bir-araya-geldi_705ae6d.jpg?resize=150%2C100 150w, https:\/\/i0.wp.com\/www.tvturk.com\/wp-content\/uploads\/2019\/02\/turkiyedeki-cadli-ogrenciler-kbude-bir-araya-geldi_705ae6d.jpg?resize=300%2C200 300w, https:\/\/i0.wp.com\/www.tvturk.com\/wp-content\/uploads\/2019\/02\/turkiyedeki-cadli-ogrenciler-kbude-bir-araya-geldi_705ae6d.jpg?resize=768%2C511 768w, https:\/\/i0.wp.com\/www.tvturk.com\/wp-content\/uploads\/2019\/02\/turkiyedeki-cadli-ogrenciler-kbude-bir-araya-geldi_705ae6d.jpg?resize=170%2C113 170w, https:\/\/i0.wp.com\/www.tvturk.com\/wp-content\/uploads\/2019\/02\/turkiyedeki-cadli-ogrenciler-kbude-bir-araya-geldi_705ae6d.jpg?resize=120%2C80 120w\" width=\"330\" height=\"220\" loading=\"lazy\" data-original-width=\"330\" data-original-height=\"220\" itemprop=\"http:\/\/schema.org\/image\" title=\"T\u00fcrkiye\u2019deki \u00c7adl\u0131 \u00f6\u011frenciler KB\u00dc\u2019de bir araya geldi\" alt=\"T\u00fcrkiye\u2019deki \u00c7adl\u0131 \u00f6\u011frenciler KB\u00dc\u2019de bir araya geldi\" style=\"width: 330px; height: 220px;\" \/> <\/a> <\/div> <\/div> <!-- close group --> <div class=\"gallery-group images-2\" style=\"width: 166px; height: 224px;\" data-original-width=\"166\" data-original-height=\"224\" > <div class=\"tiled-gallery-item tiled-gallery-item-small\" itemprop=\"associatedMedia\" itemscope itemtype=\"http:\/\/schema.org\/ImageObject\"> <a href=\"http:\/\/www.tvturk.com\/index.php\/turkiyedeki-cadli-ogrenciler-kbude-bir-araya-geldi\/turkiyedeki-cadli-ogrenciler-kbude-bir-araya-geldi-4\/\" border=\"0\" itemprop=\"url\"> <meta itemprop=\"width\" content=\"162\"> <meta itemprop=\"height\" content=\"108\"> <img decoding=\"async\" class=\"\" data-attachment-id=\"19834\" data-orig-file=\"http:\/\/www.tvturk.com\/wp-content\/uploads\/2019\/02\/turkiyedeki-cadli-ogrenciler-kbude-bir-araya-geldi_e6abb3e.jpg\" data-orig-size=\"1000,666\" data-comments-opened=\"\" data-image-meta=\"{&quot;aperture&quot;:&quot;0&quot;,&quot;credit&quot;:&quot;IHA&quot;,&quot;camera&quot;:&quot;&quot;,&quot;caption&quot;:&quot;KARAB\\u00dcK \\u00dcN\\u0130VERS\\u0130TES\\u0130N\\u0130N EV SAH\\u0130PL\\u0130\\u011e\\u0130NDE \\u201cT\\u00dcRK\\u0130YE VE KIBRIS\\u2019TAK\\u0130 \\u00c7ADLI \\u00d6\\u011eRENC\\u0130LER B\\u0130RL\\u0130\\u011e\\u0130 4. GENEL KURUL TOPLANTISI\\u201d D\\u00dcZENLEND\\u0130. (YAS\\u0130N ERDEM\\\/KARAB\\u00dcK-\\u0130HA)&quot;,&quot;created_timestamp&quot;:&quot;0&quot;,&quot;copyright&quot;:&quot;\\u0130HLAS HABER AJANSI, www.iha.com.tr&quot;,&quot;focal_length&quot;:&quot;0&quot;,&quot;iso&quot;:&quot;0&quot;,&quot;shutter_speed&quot;:&quot;0&quot;,&quot;title&quot;:&quot;T\\u00dcRK\\u0130YE\\u2019DEK\\u0130 \\u00c7ADLI \\u00d6\\u011eRENC\\u0130LER KB\\u00dc\\u2019DE B\\u0130R ARAYA GELD\\u0130&quot;,&quot;orientation&quot;:&quot;0&quot;}\" data-image-title=\"T\u00fcrkiye\u2019deki \u00c7adl\u0131 \u00f6\u011frenciler KB\u00dc\u2019de bir araya geldi\" data-image-description=\"&lt;p&gt;T\u00fcrkiye\u2019deki \u00c7adl\u0131 \u00f6\u011frenciler KB\u00dc\u2019de bir araya geldi&lt;\/p&gt; \" data-medium-file=\"https:\/\/i0.wp.com\/www.tvturk.com\/wp-content\/uploads\/2019\/02\/turkiyedeki-cadli-ogrenciler-kbude-bir-araya-geldi_e6abb3e.jpg?fit=300%2C200\" data-large-file=\"https:\/\/i0.wp.com\/www.tvturk.com\/wp-content\/uploads\/2019\/02\/turkiyedeki-cadli-ogrenciler-kbude-bir-araya-geldi_e6abb3e.jpg?fit=1000%2C666\" src=\"https:\/\/i0.wp.com\/www.tvturk.com\/wp-content\/uploads\/2019\/02\/turkiyedeki-cadli-ogrenciler-kbude-bir-araya-geldi_e6abb3e.jpg?w=162&#038;h=108\" srcset=\"https:\/\/i0.wp.com\/www.tvturk.com\/wp-content\/uploads\/2019\/02\/turkiyedeki-cadli-ogrenciler-kbude-bir-araya-geldi_e6abb3e.jpg?w=1000 1000w, https:\/\/i0.wp.com\/www.tvturk.com\/wp-content\/uploads\/2019\/02\/turkiyedeki-cadli-ogrenciler-kbude-bir-araya-geldi_e6abb3e.jpg?resize=150%2C100 150w, https:\/\/i0.wp.com\/www.tvturk.com\/wp-content\/uploads\/2019\/02\/turkiyedeki-cadli-ogrenciler-kbude-bir-araya-geldi_e6abb3e.jpg?resize=300%2C200 300w, https:\/\/i0.wp.com\/www.tvturk.com\/wp-content\/uploads\/2019\/02\/turkiyedeki-cadli-ogrenciler-kbude-bir-araya-geldi_e6abb3e.jpg?resize=768%2C511 768w, https:\/\/i0.wp.com\/www.tvturk.com\/wp-content\/uploads\/2019\/02\/turkiyedeki-cadli-ogrenciler-kbude-bir-araya-geldi_e6abb3e.jpg?resize=170%2C113 170w, https:\/\/i0.wp.com\/www.tvturk.com\/wp-content\/uploads\/2019\/02\/turkiyedeki-cadli-ogrenciler-kbude-bir-araya-geldi_e6abb3e.jpg?resize=120%2C80 120w\" width=\"162\" height=\"108\" loading=\"lazy\" data-original-width=\"162\" data-original-height=\"108\" itemprop=\"http:\/\/schema.org\/image\" title=\"T\u00fcrkiye\u2019deki \u00c7adl\u0131 \u00f6\u011frenciler KB\u00dc\u2019de bir araya geldi\" alt=\"T\u00fcrkiye\u2019deki \u00c7adl\u0131 \u00f6\u011frenciler KB\u00dc\u2019de bir araya geldi\" style=\"width: 162px; height: 108px;\" \/> <\/a> <\/div> <div class=\"tiled-gallery-item tiled-gallery-item-small\" itemprop=\"associatedMedia\" itemscope itemtype=\"http:\/\/schema.org\/ImageObject\"> <a href=\"http:\/\/www.tvturk.com\/index.php\/turkiyedeki-cadli-ogrenciler-kbude-bir-araya-geldi\/turkiyedeki-cadli-ogrenciler-kbude-bir-araya-geldi-5\/\" border=\"0\" itemprop=\"url\"> <meta itemprop=\"width\" content=\"162\"> <meta itemprop=\"height\" content=\"108\"> <img decoding=\"async\" class=\"\" data-attachment-id=\"19835\" data-orig-file=\"http:\/\/www.tvturk.com\/wp-content\/uploads\/2019\/02\/turkiyedeki-cadli-ogrenciler-kbude-bir-araya-geldi_6bd6d8e.jpg\" data-orig-size=\"1000,666\" data-comments-opened=\"\" data-image-meta=\"{&quot;aperture&quot;:&quot;0&quot;,&quot;credit&quot;:&quot;IHA&quot;,&quot;camera&quot;:&quot;&quot;,&quot;caption&quot;:&quot;KARAB\\u00dcK \\u00dcN\\u0130VERS\\u0130TES\\u0130N\\u0130N EV SAH\\u0130PL\\u0130\\u011e\\u0130NDE \\u201cT\\u00dcRK\\u0130YE VE KIBRIS\\u2019TAK\\u0130 \\u00c7ADLI \\u00d6\\u011eRENC\\u0130LER B\\u0130RL\\u0130\\u011e\\u0130 4. GENEL KURUL TOPLANTISI\\u201d D\\u00dcZENLEND\\u0130. (YAS\\u0130N ERDEM\\\/KARAB\\u00dcK-\\u0130HA)&quot;,&quot;created_timestamp&quot;:&quot;0&quot;,&quot;copyright&quot;:&quot;\\u0130HLAS HABER AJANSI, www.iha.com.tr&quot;,&quot;focal_length&quot;:&quot;0&quot;,&quot;iso&quot;:&quot;0&quot;,&quot;shutter_speed&quot;:&quot;0&quot;,&quot;title&quot;:&quot;T\\u00dcRK\\u0130YE\\u2019DEK\\u0130 \\u00c7ADLI \\u00d6\\u011eRENC\\u0130LER KB\\u00dc\\u2019DE B\\u0130R ARAYA GELD\\u0130&quot;,&quot;orientation&quot;:&quot;0&quot;}\" data-image-title=\"T\u00fcrkiye\u2019deki \u00c7adl\u0131 \u00f6\u011frenciler KB\u00dc\u2019de bir araya geldi\" data-image-description=\"&lt;p&gt;T\u00fcrkiye\u2019deki \u00c7adl\u0131 \u00f6\u011frenciler KB\u00dc\u2019de bir araya geldi&lt;\/p&gt; \" data-medium-file=\"https:\/\/i0.wp.com\/www.tvturk.com\/wp-content\/uploads\/2019\/02\/turkiyedeki-cadli-ogrenciler-kbude-bir-araya-geldi_6bd6d8e.jpg?fit=300%2C200\" data-large-file=\"https:\/\/i0.wp.com\/www.tvturk.com\/wp-content\/uploads\/2019\/02\/turkiyedeki-cadli-ogrenciler-kbude-bir-araya-geldi_6bd6d8e.jpg?fit=1000%2C666\" src=\"https:\/\/i0.wp.com\/www.tvturk.com\/wp-content\/uploads\/2019\/02\/turkiyedeki-cadli-ogrenciler-kbude-bir-araya-geldi_6bd6d8e.jpg?w=162&#038;h=108\" srcset=\"https:\/\/i0.wp.com\/www.tvturk.com\/wp-content\/uploads\/2019\/02\/turkiyedeki-cadli-ogrenciler-kbude-bir-araya-geldi_6bd6d8e.jpg?w=1000 1000w, https:\/\/i0.wp.com\/www.tvturk.com\/wp-content\/uploads\/2019\/02\/turkiyedeki-cadli-ogrenciler-kbude-bir-araya-geldi_6bd6d8e.jpg?resize=150%2C100 150w, https:\/\/i0.wp.com\/www.tvturk.com\/wp-content\/uploads\/2019\/02\/turkiyedeki-cadli-ogrenciler-kbude-bir-araya-geldi_6bd6d8e.jpg?resize=300%2C200 300w, https:\/\/i0.wp.com\/www.tvturk.com\/wp-content\/uploads\/2019\/02\/turkiyedeki-cadli-ogrenciler-kbude-bir-araya-geldi_6bd6d8e.jpg?resize=768%2C511 768w, https:\/\/i0.wp.com\/www.tvturk.com\/wp-content\/uploads\/2019\/02\/turkiyedeki-cadli-ogrenciler-kbude-bir-araya-geldi_6bd6d8e.jpg?resize=170%2C113 170w, https:\/\/i0.wp.com\/www.tvturk.com\/wp-content\/uploads\/2019\/02\/turkiyedeki-cadli-ogrenciler-kbude-bir-araya-geldi_6bd6d8e.jpg?resize=120%2C80 120w\" width=\"162\" height=\"108\" loading=\"lazy\" data-original-width=\"162\" data-original-height=\"108\" itemprop=\"http:\/\/schema.org\/image\" title=\"T\u00fcrkiye\u2019deki \u00c7adl\u0131 \u00f6\u011frenciler KB\u00dc\u2019de bir araya geldi\" alt=\"T\u00fcrkiye\u2019deki \u00c7adl\u0131 \u00f6\u011frenciler KB\u00dc\u2019de bir araya geldi\" style=\"width: 162px; height: 108px;\" \/> <\/a> <\/div> <\/div> <!-- close group --> <\/div> <!-- close row --> <div class=\"gallery-row\" style=\"width: 500px; height: 168px;\" data-original-width=\"500\" data-original-height=\"168\" > <div class=\"gallery-group images-1\" style=\"width: 250px; height: 168px;\" data-original-width=\"250\" data-original-height=\"168\" > <div class=\"tiled-gallery-item tiled-gallery-item-small\" itemprop=\"associatedMedia\" itemscope itemtype=\"http:\/\/schema.org\/ImageObject\"> <a href=\"http:\/\/www.tvturk.com\/index.php\/turkiyedeki-cadli-ogrenciler-kbude-bir-araya-geldi\/turkiyedeki-cadli-ogrenciler-kbude-bir-araya-geldi-6\/\" border=\"0\" itemprop=\"url\"> <meta itemprop=\"width\" content=\"246\"> <meta itemprop=\"height\" content=\"164\"> <img decoding=\"async\" class=\"\" data-attachment-id=\"19836\" data-orig-file=\"http:\/\/www.tvturk.com\/wp-content\/uploads\/2019\/02\/turkiyedeki-cadli-ogrenciler-kbude-bir-araya-geldi_7353b79.jpg\" data-orig-size=\"1000,666\" data-comments-opened=\"\" data-image-meta=\"{&quot;aperture&quot;:&quot;0&quot;,&quot;credit&quot;:&quot;IHA&quot;,&quot;camera&quot;:&quot;&quot;,&quot;caption&quot;:&quot;KARAB\\u00dcK \\u00dcN\\u0130VERS\\u0130TES\\u0130N\\u0130N EV SAH\\u0130PL\\u0130\\u011e\\u0130NDE \\u201cT\\u00dcRK\\u0130YE VE KIBRIS\\u2019TAK\\u0130 \\u00c7ADLI \\u00d6\\u011eRENC\\u0130LER B\\u0130RL\\u0130\\u011e\\u0130 4. GENEL KURUL TOPLANTISI\\u201d D\\u00dcZENLEND\\u0130. (YAS\\u0130N ERDEM\\\/KARAB\\u00dcK-\\u0130HA)&quot;,&quot;created_timestamp&quot;:&quot;0&quot;,&quot;copyright&quot;:&quot;\\u0130HLAS HABER AJANSI, www.iha.com.tr&quot;,&quot;focal_length&quot;:&quot;0&quot;,&quot;iso&quot;:&quot;0&quot;,&quot;shutter_speed&quot;:&quot;0&quot;,&quot;title&quot;:&quot;T\\u00dcRK\\u0130YE\\u2019DEK\\u0130 \\u00c7ADLI \\u00d6\\u011eRENC\\u0130LER KB\\u00dc\\u2019DE B\\u0130R ARAYA GELD\\u0130&quot;,&quot;orientation&quot;:&quot;0&quot;}\" data-image-title=\"T\u00fcrkiye\u2019deki \u00c7adl\u0131 \u00f6\u011frenciler KB\u00dc\u2019de bir araya geldi\" data-image-description=\"&lt;p&gt;T\u00fcrkiye\u2019deki \u00c7adl\u0131 \u00f6\u011frenciler KB\u00dc\u2019de bir araya geldi&lt;\/p&gt; \" data-medium-file=\"https:\/\/i0.wp.com\/www.tvturk.com\/wp-content\/uploads\/2019\/02\/turkiyedeki-cadli-ogrenciler-kbude-bir-araya-geldi_7353b79.jpg?fit=300%2C200\" data-large-file=\"https:\/\/i0.wp.com\/www.tvturk.com\/wp-content\/uploads\/2019\/02\/turkiyedeki-cadli-ogrenciler-kbude-bir-araya-geldi_7353b79.jpg?fit=1000%2C666\" src=\"https:\/\/i0.wp.com\/www.tvturk.com\/wp-content\/uploads\/2019\/02\/turkiyedeki-cadli-ogrenciler-kbude-bir-araya-geldi_7353b79.jpg?w=246&#038;h=164\" srcset=\"https:\/\/i0.wp.com\/www.tvturk.com\/wp-content\/uploads\/2019\/02\/turkiyedeki-cadli-ogrenciler-kbude-bir-araya-geldi_7353b79.jpg?w=1000 1000w, https:\/\/i0.wp.com\/www.tvturk.com\/wp-content\/uploads\/2019\/02\/turkiyedeki-cadli-ogrenciler-kbude-bir-araya-geldi_7353b79.jpg?resize=150%2C100 150w, https:\/\/i0.wp.com\/www.tvturk.com\/wp-content\/uploads\/2019\/02\/turkiyedeki-cadli-ogrenciler-kbude-bir-araya-geldi_7353b79.jpg?resize=300%2C200 300w, https:\/\/i0.wp.com\/www.tvturk.com\/wp-content\/uploads\/2019\/02\/turkiyedeki-cadli-ogrenciler-kbude-bir-araya-geldi_7353b79.jpg?resize=768%2C511 768w, https:\/\/i0.wp.com\/www.tvturk.com\/wp-content\/uploads\/2019\/02\/turkiyedeki-cadli-ogrenciler-kbude-bir-araya-geldi_7353b79.jpg?resize=170%2C113 170w, https:\/\/i0.wp.com\/www.tvturk.com\/wp-content\/uploads\/2019\/02\/turkiyedeki-cadli-ogrenciler-kbude-bir-araya-geldi_7353b79.jpg?resize=120%2C80 120w\" width=\"246\" height=\"164\" loading=\"lazy\" data-original-width=\"246\" data-original-height=\"164\" itemprop=\"http:\/\/schema.org\/image\" title=\"T\u00fcrkiye\u2019deki \u00c7adl\u0131 \u00f6\u011frenciler KB\u00dc\u2019de bir araya geldi\" alt=\"T\u00fcrkiye\u2019deki \u00c7adl\u0131 \u00f6\u011frenciler KB\u00dc\u2019de bir araya geldi\" style=\"width: 246px; height: 164px;\" \/> <\/a> <\/div> <\/div> <!-- close group --> <div class=\"gallery-group images-1\" style=\"width: 250px; height: 168px;\" data-original-width=\"250\" data-original-height=\"168\" > <div class=\"tiled-gallery-item tiled-gallery-item-small\" itemprop=\"associatedMedia\" itemscope itemtype=\"http:\/\/schema.org\/ImageObject\"> <a href=\"http:\/\/www.tvturk.com\/index.php\/turkiyedeki-cadli-ogrenciler-kbude-bir-araya-geldi\/turkiyedeki-cadli-ogrenciler-kbude-bir-araya-geldi-7\/\" border=\"0\" itemprop=\"url\"> <meta itemprop=\"width\" content=\"246\"> <meta itemprop=\"height\" content=\"164\"> <img decoding=\"async\" class=\"\" data-attachment-id=\"19837\" data-orig-file=\"http:\/\/www.tvturk.com\/wp-content\/uploads\/2019\/02\/turkiyedeki-cadli-ogrenciler-kbude-bir-araya-geldi_4e5d9b4.jpg\" data-orig-size=\"1000,666\" data-comments-opened=\"\" data-image-meta=\"{&quot;aperture&quot;:&quot;0&quot;,&quot;credit&quot;:&quot;IHA&quot;,&quot;camera&quot;:&quot;&quot;,&quot;caption&quot;:&quot;KARAB\\u00dcK \\u00dcN\\u0130VERS\\u0130TES\\u0130N\\u0130N EV SAH\\u0130PL\\u0130\\u011e\\u0130NDE \\u201cT\\u00dcRK\\u0130YE VE KIBRIS\\u2019TAK\\u0130 \\u00c7ADLI \\u00d6\\u011eRENC\\u0130LER B\\u0130RL\\u0130\\u011e\\u0130 4. GENEL KURUL TOPLANTISI\\u201d D\\u00dcZENLEND\\u0130. (YAS\\u0130N ERDEM\\\/KARAB\\u00dcK-\\u0130HA)&quot;,&quot;created_timestamp&quot;:&quot;0&quot;,&quot;copyright&quot;:&quot;\\u0130HLAS HABER AJANSI, www.iha.com.tr&quot;,&quot;focal_length&quot;:&quot;0&quot;,&quot;iso&quot;:&quot;0&quot;,&quot;shutter_speed&quot;:&quot;0&quot;,&quot;title&quot;:&quot;T\\u00dcRK\\u0130YE\\u2019DEK\\u0130 \\u00c7ADLI \\u00d6\\u011eRENC\\u0130LER KB\\u00dc\\u2019DE B\\u0130R ARAYA GELD\\u0130&quot;,&quot;orientation&quot;:&quot;0&quot;}\" data-image-title=\"T\u00fcrkiye\u2019deki \u00c7adl\u0131 \u00f6\u011frenciler KB\u00dc\u2019de bir araya geldi\" data-image-description=\"&lt;p&gt;T\u00fcrkiye\u2019deki \u00c7adl\u0131 \u00f6\u011frenciler KB\u00dc\u2019de bir araya geldi&lt;\/p&gt; \" data-medium-file=\"https:\/\/i0.wp.com\/www.tvturk.com\/wp-content\/uploads\/2019\/02\/turkiyedeki-cadli-ogrenciler-kbude-bir-araya-geldi_4e5d9b4.jpg?fit=300%2C200\" data-large-file=\"https:\/\/i0.wp.com\/www.tvturk.com\/wp-content\/uploads\/2019\/02\/turkiyedeki-cadli-ogrenciler-kbude-bir-araya-geldi_4e5d9b4.jpg?fit=1000%2C666\" src=\"https:\/\/i0.wp.com\/www.tvturk.com\/wp-content\/uploads\/2019\/02\/turkiyedeki-cadli-ogrenciler-kbude-bir-araya-geldi_4e5d9b4.jpg?w=246&#038;h=164\" srcset=\"https:\/\/i0.wp.com\/www.tvturk.com\/wp-content\/uploads\/2019\/02\/turkiyedeki-cadli-ogrenciler-kbude-bir-araya-geldi_4e5d9b4.jpg?w=1000 1000w, https:\/\/i0.wp.com\/www.tvturk.com\/wp-content\/uploads\/2019\/02\/turkiyedeki-cadli-ogrenciler-kbude-bir-araya-geldi_4e5d9b4.jpg?resize=150%2C100 150w, https:\/\/i0.wp.com\/www.tvturk.com\/wp-content\/uploads\/2019\/02\/turkiyedeki-cadli-ogrenciler-kbude-bir-araya-geldi_4e5d9b4.jpg?resize=300%2C200 300w, https:\/\/i0.wp.com\/www.tvturk.com\/wp-content\/uploads\/2019\/02\/turkiyedeki-cadli-ogrenciler-kbude-bir-araya-geldi_4e5d9b4.jpg?resize=768%2C511 768w, https:\/\/i0.wp.com\/www.tvturk.com\/wp-content\/uploads\/2019\/02\/turkiyedeki-cadli-ogrenciler-kbude-bir-araya-geldi_4e5d9b4.jpg?resize=170%2C113 170w, https:\/\/i0.wp.com\/www.tvturk.com\/wp-content\/uploads\/2019\/02\/turkiyedeki-cadli-ogrenciler-kbude-bir-araya-geldi_4e5d9b4.jpg?resize=120%2C80 120w\" width=\"246\" height=\"164\" loading=\"lazy\" data-original-width=\"246\" data-original-height=\"164\" itemprop=\"http:\/\/schema.org\/image\" title=\"T\u00fcrkiye\u2019deki \u00c7adl\u0131 \u00f6\u011frenciler KB\u00dc\u2019de bir araya geldi\" alt=\"T\u00fcrkiye\u2019deki \u00c7adl\u0131 \u00f6\u011frenciler KB\u00dc\u2019de bir araya geldi\" style=\"width: 246px; height: 164px;\" \/> <\/a> <\/div> <\/div> <!-- close group --> <\/div> <!-- close row --> <\/div><\/p>\n","protected":false},"excerpt":{"rendered":"<p>KARAB\u00dcK \u00dcN\u0130VERS\u0130TES\u0130N\u0130N EV SAH\u0130PL\u0130\u011e\u0130NDE \u201cT\u00dcRK\u0130YE VE KIBRIS\u2019TAK\u0130 \u00c7ADLI \u00d6\u011eRENC\u0130LER B\u0130RL\u0130\u011e\u0130 4. GENEL KURUL TOPLANTISI\u201d D\u00dcZENLEND\u0130.<\/p>\n","protected":false},"author":1,"featured_media":19832,"comment_status":"closed","ping_status":"open","sticky":false,"template":"","format":"standard","meta":{"jetpack_post_was_ever_published":false,"_jetpack_newsletter_access":"","_jetpack_dont_email_post_to_subs":false,"_jetpack_newsletter_tier_id":0,"_jetpack_memberships_contains_paywalled_content":false,"_jetpack_memberships_contains_paid_content":false,"footnotes":"","jetpack_publicize_message":"","jetpack_publicize_feature_enabled":true,"jetpack_social_post_already_shared":false,"jetpack_social_options":{"image_generator_settings":{"template":"highway","default_image_id":0,"font":"","enabled":false},"version":2}},"categories":[659],"tags":[126,125,8763,127,8764,1293,4184],"class_list":["post-19831","post","type-post","status-publish","format-standard","has-post-thumbnail","hentry","category-egitim","tag-araya","tag-bir","tag-cadli","tag-geldi","tag-kbude","tag-ogrenciler","tag-turkiyedeki"],"jetpack_publicize_connections":[],"jetpack_featured_media_url":"https:\/\/i0.wp.com\/www.tvturk.com\/wp-content\/uploads\/2019\/02\/turkiyedeki-cadli-ogrenciler-kbude-bir-araya-geldi_04d189d.jpg?fit=1000%2C665","jetpack_sharing_enabled":true,"jetpack_shortlink":"https:\/\/wp.me\/paKIfm-59R","_links":{"self":[{"href":"http:\/\/www.tvturk.com\/index.php\/wp-json\/wp\/v2\/posts\/19831","targetHints":{"allow":["GET"]}}],"collection":[{"href":"http:\/\/www.tvturk.com\/index.php\/wp-json\/wp\/v2\/posts"}],"about":[{"href":"http:\/\/www.tvturk.com\/index.php\/wp-json\/wp\/v2\/types\/post"}],"author":[{"embeddable":true,"href":"http:\/\/www.tvturk.com\/index.php\/wp-json\/wp\/v2\/users\/1"}],"replies":[{"embeddable":true,"href":"http:\/\/www.tvturk.com\/index.php\/wp-json\/wp\/v2\/comments?post=19831"}],"version-history":[{"count":1,"href":"http:\/\/www.tvturk.com\/index.php\/wp-json\/wp\/v2\/posts\/19831\/revisions"}],"predecessor-version":[{"id":19838,"href":"http:\/\/www.tvturk.com\/index.php\/wp-json\/wp\/v2\/posts\/19831\/revisions\/19838"}],"wp:featuredmedia":[{"embeddable":true,"href":"http:\/\/www.tvturk.com\/index.php\/wp-json\/wp\/v2\/media\/19832"}],"wp:attachment":[{"href":"http:\/\/www.tvturk.com\/index.php\/wp-json\/wp\/v2\/media?parent=19831"}],"wp:term":[{"taxonomy":"category","embeddable":true,"href":"http:\/\/www.tvturk.com\/index.php\/wp-json\/wp\/v2\/categories?post=19831"},{"taxonomy":"post_tag","embeddable":true,"href":"http:\/\/www.tvturk.com\/index.php\/wp-json\/wp\/v2\/tags?post=19831"}],"curies":[{"name":"wp","href":"https:\/\/api.w.org\/{rel}","templated":true}]}}