{"id":198331,"date":"2019-08-31T21:46:31","date_gmt":"2019-08-31T18:46:31","guid":{"rendered":"http:\/\/www.tvturk.com\/index.php\/kapadokyada-gaziantep-gunleri-duzenleniyor\/"},"modified":"2019-08-31T21:46:31","modified_gmt":"2019-08-31T18:46:31","slug":"kapadokyada-gaziantep-gunleri-duzenleniyor","status":"publish","type":"post","link":"http:\/\/www.tvturk.com\/index.php\/kapadokyada-gaziantep-gunleri-duzenleniyor\/","title":{"rendered":"Kapadokya\u2019da Gaziantep g\u00fcnleri d\u00fczenleniyor"},"content":{"rendered":"<p>T\u00fcrkiye\u2019nin \u00f6nemli turizm merkezlerinden Kapadokya b\u00f6lgesinde Gaziantep g\u00fcnleri d\u00fczenleniyor.<\/p>\n<p>Nev\u015fehir\u2019in merkez il\u00e7eye ba\u011fl\u0131 G\u00f6reme beldesinde ba\u015flayan Gaziantep g\u00fcnleri etkinlikleri kapsam\u0131nda Perili Ozanlar vadisinde d\u00fczenlenen gala yeme\u011fine Gaziantep B\u00fcy\u00fck\u015fehir Belediye Ba\u015fkan\u0131 Fatma \u015eahin\u2019in yan\u0131 s\u0131ra Gaziantep Valisi Davut G\u00fcl, Nev\u015fehir Valisi \u0130lhami Akta\u015f, AK Parti Nev\u015fehir ve Gaziantep milletvekilleri, MHP Nev\u015fehir \u0130l Ba\u015fkan\u0131 \u0130lhan Kaya, G\u00f6reme Belediye Ba\u015fkan\u0131 \u00d6mer Eren ve davetliler kat\u0131ld\u0131.<\/p>\n<p>D\u00fczenlenen programda konu\u015fan Gaziantep B\u00fcy\u00fck\u015fehir Belediye Ba\u015fkan\u0131 Fatma \u015eahin, Anadolu\u2019nun kalbinde, medeniyetlerin be\u015fi\u011fi olan Kapadokya\u2019da olmaktan dolay\u0131 \u00e7ok mutluyuz dedi. \u015eahin, \u201cAnadolu\u2019nun kalbindeyiz, Anadolu\u2019nun k\u00fclt\u00fcr ba\u015fkentindeyiz. Medeniyetin be\u015findeyiz, karde\u015fli\u011fin aras\u0131nday\u0131z ve bu g\u00fczel ev sahipli\u011finizden dolay\u0131 hepinize te\u015fekk\u00fcr ederim. Size lezzetin ba\u015fkentinden Gazi \u015fehirden selamlar\u0131m\u0131z\u0131 getirdik. Bug\u00fcn g\u00fc\u00e7l\u00fc bir heyet ile huzurlar\u0131nday\u0131z. Hakikaten bu b\u00f6lge \u00e7ok \u00e7ok \u00f6nemli bir b\u00f6lge. Medeniyetlerin b\u00fct\u00fcn ta\u015f\u0131y\u0131c\u0131s\u0131 ve bakt\u0131\u011f\u0131n\u0131z zaman insanl\u0131k tarihi kadar eski bir medeniyetin merkezindeyiz. Ve gelinin noktaya bak\u0131nca asl\u0131nda \u00e7ok defa buraya gelme f\u0131rsat\u0131m oldu. Milletvekiliyken, Genel Merkez Kad\u0131n Kollar\u0131 Ba\u015fkan\u0131yken ve bakanken \u00e7ok defa g\u00f6rme f\u0131rsat\u0131m oldu. Ama bu geldi\u011fimde \u00e7ok daha g\u00fczel g\u00f6rd\u00fcm. Bizim \u015fehre gelenlerde diyor ki ba\u015fkan\u0131m \u00e7ok g\u00fczel olmu\u015f \u015fehriniz. Bende diyorum ki bir bebe\u011finiz olur b\u00fcy\u00fcd\u00fc\u011f\u00fcn\u00fc fark etmezsiniz misafir geldi\u011finde ne kadar b\u00fcy\u00fcm\u00fc\u015f bebe\u011finiz derler. Bizim \u015fehirlerimizde bizim bebeklerimiz, bizim her \u015feyimiz bizim ailemiz. Geldi\u011fimiz zaman bu g\u00fczelli\u011fin ne kadar g\u00fczelle\u015fti\u011fini g\u00f6rme f\u0131rsat\u0131m\u0131z oldu. Say\u0131n Valim ba\u015fta olmak \u00fczere bu g\u00fczelli\u011fe g\u00fczellik katan b\u00fct\u00fcn y\u00f6neticilere \u00e7ok te\u015fekk\u00fcr ederim. Elinize sa\u011fl\u0131k\u201d dedi.<\/p>\n<p>AK Parti Nev\u015fehir milletvekili Mustafa A\u00e7\u0131kg\u00f6z\u2019de burada yapt\u0131\u011f\u0131 konu\u015fmada, &#8220;Kapadokya d\u00fcnyan\u0131n en g\u00fczel yeri ve burada sizleri misafir etmekten dolay\u0131 son derece mutluyuz&#8221; dedi. A\u00e7\u0131kg\u00f6z, \u201cGer\u00e7ekten Kapadokya d\u00fcnyan\u0131n en g\u00fczel yeridir. Do\u011fas\u0131yla, yeralt\u0131 ve yer \u00fcst\u00fc zenginlikleriyle, balonlar\u0131yla, peribacalar\u0131yla, G\u00f6reme A\u00e7\u0131k Hava M\u00fczesiyle ger\u00e7ekten d\u00fcnyan\u0131n en g\u00fczel yeri ve g\u00f6r\u00fclmeye de\u011fer bir b\u00f6lgedir. Allah\u2019\u0131n izniyle in\u015fallah \u00f6n\u00fcm\u00fczdeki g\u00fcnlerde alan y\u00f6netimiyle beraber buran\u0131n turizme katk\u0131s\u0131yla, T\u00fcrk ekonomisine katk\u0131s\u0131yla bir lokomotif haline gelecek. Bizde Gaziantep\u2019imize ile beraber G\u00fcney Do\u011fu Anadolu b\u00f6lgesindeyken \u015fehirlerimiz ile beraber turizmi bir konsep yap\u0131p daha da b\u00fcy\u00fcyece\u011fiz\u201d diye konu\u015ftu.<\/p>\n<p>Konu\u015fmalar\u0131n ard\u0131ndan ise program yemek ikramlar\u0131n\u0131n bulunmas\u0131yla devam ederken burada gazetecilerin sorular\u0131n\u0131 cevaplayan Gaziantep B\u00fcy\u00fck\u015fehir Belediye Ba\u015fkan\u0131 Fatma \u015eahin, 12 Eyl\u00fcl\u2019de Gaziantep\u2019te d\u00fczenlenecek olan Gastroantep ile gurme turizminin kalbinin Gaziantep\u2019te ataca\u011f\u0131n\u0131 s\u00f6yledi. \u015eahin, \u201c\u00c7ok \u00f6zel bir mekanday\u0131z. T\u00fcrkiye\u2019nin k\u00fclt\u00fcrel miras\u0131n\u0131n ba\u015fkentindeyiz, Kapadokya\u2019day\u0131z. Anadolu\u2019nun kalbindeyiz. Bizde sabahtan beri buran\u0131n g\u00fczelli\u011fini k\u00fclt\u00fcrel miras\u0131 yerinde g\u00f6rmenin heyecan\u0131n\u0131 ya\u015fad\u0131k. Gaziantep g\u00fcnlerini G\u00f6reme Belediye Ba\u015fkan\u0131m\u0131z ile birlikte organize ettik. Gaziantep\u2019e dair ne varsa el sanatlar\u0131ndan, lezzetine, folklorundan Gaziantep\u2019in ya\u015fam\u0131na dair b\u00fct\u00fcn ge\u00e7mi\u015fine dair b\u00fct\u00fcn g\u00fczelliklerini G\u00f6reme\u2019de sergiliyoruz. \u015eimdi de bir ak\u015fam yeme\u011finde hem Nev\u015fehir Valimiz, Gaziantep Valimiz, milletvekillerimiz, sekt\u00f6r temsilcilerimiz ile bir araday\u0131z. 12 Eyl\u00fcl\u2019de bizim Gastroantep diye uluslararas\u0131 bizim bir festivalimiz var. Bu festivale 40\u2019a yak\u0131n \u00fclke kat\u0131l\u0131yor. \u00c7ok say\u0131da \u00fcnl\u00fc \u015fefler geliyor. Ve uluslararas\u0131 bu festivalde gurme turizminin gastronominin nabz\u0131 Gaziantep\u2019te atacak. Biz Kapadokya\u2019ya gelen \u00f6zellikle Asya turizmini \u00e7ok \u00f6nemsiyoruz. \u00c7\u00fcnk\u00fc bu b\u00f6lgeye gelmelerinin nedeni art\u0131k deniz, kum, g\u00fcne\u015f de\u011fil k\u00fclt\u00fcrel miras, tarihi dokuyu hissedenler buraya geliyor. Bakt\u0131\u011f\u0131n\u0131z zaman F\u0131rat\u2019\u0131n etraf\u0131nda da ayn\u0131 bu \u015fekilde ayn\u0131 g\u00fczellikler ve ayn\u0131 bereket ayn\u0131 k\u00fclt\u00fcrel miras var. Biz istiyoruz ki bu pastay\u0131 b\u00fcy\u00fctelim. Bu \u00e7ap\u0131 geni\u015fletelim. Buraya gelenin Gaziantep\u2019e b\u00f6lgeye F\u0131rat\u2019a gelenin bu b\u00f6lgeye Nev\u015fehir\u2019e Kapadokya\u2019ya gelmesini istiyoruz. K\u00fclt\u00fcrel miras turizmi i\u00e7in, gurme turizmi i\u00e7in arkeoloji rotas\u0131na gelenlerin \u00e7ap\u0131n\u0131 ve rotas\u0131n\u0131 geni\u015fletelim istiyoruz. Bunun i\u00e7in de tabi \u00e7ok yo\u011fun \u00e7al\u0131\u015f\u0131yoruz. Bakanl\u0131klar\u0131m\u0131zla \u00e7al\u0131\u015f\u0131yoruz. \u0130lgili belediyelerimizle \u00e7al\u0131\u015f\u0131yoruz. \u0130\u015fte o y\u00fczden bug\u00fcn buraday\u0131z. Hakikaten \u00e7ok ba\u015far\u0131l\u0131 bir \u015fekilde g\u00fcc\u00fcm\u00fcz\u00fc birle\u015ftiriyoruz ve \u00e7e\u015fitlendiriyoruz\u201d dedi.<\/p>\n<p>\u015eahin, \u201c Gaziantep\u2019te balon turlar\u0131 yapmak istiyoruz\u201d<\/p>\n<p>Gaziantep B\u00fcy\u00fck\u015fehir Belediye Ba\u015fkan\u0131 Fatma \u015eahin, Kapadokya b\u00f6lgesinin en b\u00fcy\u00fck g\u00fcc\u00fcn\u00fcn balonlar oldu\u011funu ifade ederken balon turizmini F\u0131rat\u2019\u0131n tepesinde yapmak istediklerini s\u00f6yledi. \u015eahin, \u201cMesela buran\u0131n en b\u00fcy\u00fck g\u00fcc\u00fc balonlar. Biz Rum kalede de F\u0131rat\u2019\u0131 da tepeden balonlarla g\u00f6rs\u00fcnler istiyoruz. Muhte\u015fem bir g\u00fczellik var. Co\u011frafya var, k\u00fclt\u00fcr var, su sporlar\u0131n\u0131n en g\u00fczelini yapaca\u011f\u0131z. \u0130\u015fte bu g\u00fczellikleri tepeden seyredecek \u015fekilde balonlar\u0131m\u0131z\u0131 Gaziantep\u2019e getirmek istiyoruz. O y\u00fczden bug\u00fcn yapt\u0131\u011f\u0131m\u0131z g\u00f6r\u00fc\u015fmelerde Sivil Havac\u0131l\u0131k ile bunun alt yap\u0131s\u0131, neler yap\u0131labilir, nas\u0131l bir yol izlenebilir, Kapadokya \u00dcniversitesinde bu i\u015fin ba\u015f\u0131ndakilerle oturup g\u00f6r\u00fc\u015fmelerimizi yapt\u0131k. Ve in\u015fallah bu g\u00fcc\u00fcm\u00fcz\u00fc birle\u015ftirdi\u011fimiz de \u00e7ok daha say\u0131da turistin buraya gelmesini sa\u011flayaca\u011f\u0131z. \u00c7\u00fcnk\u00fc gayri safi milli has\u0131lat\u0131n i\u00e7erisinde \u00fclkelerin yeme, i\u00e7me ve k\u00fclt\u00fcrel miras alan\u0131 gittik\u00e7e b\u00fcy\u00fcyor. Avrupa\u2019da bu y\u00fczde 5 ila 10 aras\u0131nda daha biz y\u00fczde bir bu\u00e7uk 2 aras\u0131nday\u0131z. 10 kat b\u00fcy\u00fcmemiz gereken bir ekonomik pasta var. Ve hak etti\u011fimiz bu b\u00fcy\u00fcmeyi sa\u011flamak istiyoruz. Bu bir kalk\u0131nma projesi,  bu bir istihdam projesi bu bir ihracat projesi bunu birlikte ba\u015farmak istiyoruz\u201d \u015feklinde konu\u015ftu.<\/p>\n","protected":false},"excerpt":{"rendered":"<p>T\u00dcRK\u0130YE\u2019N\u0130N \u00d6NEML\u0130 TUR\u0130ZM MERKEZLER\u0130NDEN KAPADOKYA B\u00d6LGES\u0130NDE GAZ\u0130ANTEP G\u00dcNLER\u0130 D\u00dcZENLEN\u0130YOR.<\/p>\n","protected":false},"author":1,"featured_media":0,"comment_status":"closed","ping_status":"open","sticky":false,"template":"","format":"standard","meta":{"jetpack_post_was_ever_published":false,"_jetpack_newsletter_access":"","_jetpack_dont_email_post_to_subs":false,"_jetpack_newsletter_tier_id":0,"_jetpack_memberships_contains_paywalled_content":false,"_jetpack_memberships_contains_paid_content":false,"footnotes":"","jetpack_publicize_message":"","jetpack_publicize_feature_enabled":true,"jetpack_social_post_already_shared":true,"jetpack_social_options":{"image_generator_settings":{"template":"highway","default_image_id":0,"font":"","enabled":false},"version":2}},"categories":[1],"tags":[12154,372,64,13956],"class_list":["post-198331","post","type-post","status-publish","format-standard","hentry","category-genel","tag-duzenleniyor","tag-gaziantep","tag-gunleri","tag-kapadokyada"],"jetpack_publicize_connections":[],"jetpack_featured_media_url":"","jetpack_sharing_enabled":true,"jetpack_shortlink":"https:\/\/wp.me\/paKIfm-PAT","_links":{"self":[{"href":"http:\/\/www.tvturk.com\/index.php\/wp-json\/wp\/v2\/posts\/198331","targetHints":{"allow":["GET"]}}],"collection":[{"href":"http:\/\/www.tvturk.com\/index.php\/wp-json\/wp\/v2\/posts"}],"about":[{"href":"http:\/\/www.tvturk.com\/index.php\/wp-json\/wp\/v2\/types\/post"}],"author":[{"embeddable":true,"href":"http:\/\/www.tvturk.com\/index.php\/wp-json\/wp\/v2\/users\/1"}],"replies":[{"embeddable":true,"href":"http:\/\/www.tvturk.com\/index.php\/wp-json\/wp\/v2\/comments?post=198331"}],"version-history":[{"count":0,"href":"http:\/\/www.tvturk.com\/index.php\/wp-json\/wp\/v2\/posts\/198331\/revisions"}],"wp:attachment":[{"href":"http:\/\/www.tvturk.com\/index.php\/wp-json\/wp\/v2\/media?parent=198331"}],"wp:term":[{"taxonomy":"category","embeddable":true,"href":"http:\/\/www.tvturk.com\/index.php\/wp-json\/wp\/v2\/categories?post=198331"},{"taxonomy":"post_tag","embeddable":true,"href":"http:\/\/www.tvturk.com\/index.php\/wp-json\/wp\/v2\/tags?post=198331"}],"curies":[{"name":"wp","href":"https:\/\/api.w.org\/{rel}","templated":true}]}}