{"id":198343,"date":"2019-08-31T22:32:06","date_gmt":"2019-08-31T19:32:06","guid":{"rendered":"http:\/\/www.tvturk.com\/index.php\/osmanli-devletinin-ilk-telsiz-ve-telgraf-istasyonu\/"},"modified":"2019-08-31T22:32:06","modified_gmt":"2019-08-31T19:32:06","slug":"osmanli-devletinin-ilk-telsiz-ve-telgraf-istasyonu","status":"publish","type":"post","link":"http:\/\/www.tvturk.com\/index.php\/osmanli-devletinin-ilk-telsiz-ve-telgraf-istasyonu\/","title":{"rendered":"Osmanl\u0131 Devletinin ilk telsiz ve telgraf istasyonu"},"content":{"rendered":"<p>Osmanl\u0131 Devleti\u2019nin 1906 y\u0131l\u0131nda Afrika\u2019daki topraklar\u0131yla ileti\u015fim kurmak i\u00e7in kurdu\u011fu ilk telsiz telgraf istasyonu Patara Antik Kenti\u2019nde tan\u0131t\u0131ld\u0131. Ka\u015f il\u00e7esi s\u0131n\u0131rlar\u0131 i\u00e7erinde yar alan Patara Mahallesi\u2019nde, Sultan 2. Abd\u00fclhamid taraf\u0131ndan hayata ge\u00e7irilen Osmanl\u0131\u2019n\u0131n ilk telsiz telgraf istasyonu a\u00e7\u0131l\u0131\u015f\u0131n\u0131n 113. y\u0131ld\u00f6n\u00fcm\u00fc an\u0131s\u0131na etkinlik d\u00fczenlendi. Eski \u00e7a\u011flarda Likya uygarl\u0131\u011f\u0131n\u0131n ba\u015fkentli\u011fini yapan Patara Antik Kenti\u2019ndeki etkinli\u011fe, Antalya Valisi M\u00fcnir Karalo\u011flu, Ka\u015f Kaymakam\u0131 Ula\u015f Akhan, Belediye Ba\u015fkan\u0131 Mutlu Uluta\u015f, \u0130l K\u00fclt\u00fcr ve Turizm M\u00fcd\u00fcr\u00fc \u0130brahim Acar, Akdeniz \u00dcniversitesi Edebiyat Fak\u00fcltesi Arkeoloji B\u00f6l\u00fcm\u00fc \u00f6\u011fretim \u00fcyesi ve Patara Kaz\u0131lar\u0131 Ba\u015fkan\u0131 Prof. Dr. Havva \u0130\u015fkan I\u015f\u0131k da kat\u0131ld\u0131.<\/p>\n<p>\u201cAntalya\u2019n\u0131n gelecekteki teknoloji \u00fcss\u00fc olacak\u201d<\/p>\n<p>Patara Meclis Binas\u0131nda ger\u00e7ekle\u015fen etkinlikte konu\u015fan Antalya Valisi M\u00fcnir Karalo\u011flu, Patara\u2019da bug\u00fcne kadar \u00f6nemli bilimsel i\u015fler yap\u0131ld\u0131\u011f\u0131n\u0131 vurgulayarak, \u201c1900l\u00fc y\u0131llar\u0131n, 20. y\u00fczy\u0131l\u0131n ba\u015f\u0131, Osmanl\u0131\u2019n\u0131n hasta adam dendi\u011fi, yava\u015f yava\u015f tarihten \u00e7ekilmek \u00fczere oldu\u011fu bir d\u00f6nemde g\u00fcn\u00fcn\u00fcn son teknolojisini uygulayabilecek, takip edebilecek bir \u00fclke oldu\u011funu burada g\u00f6r\u00fcyoruz. Tarihimizden de insan\u0131m\u0131zdan da medeniyetimizden de bahsederken, \u00e7ekinerek bahsetmeyin. Bu millet her \u00e7a\u011fda, \u00e7a\u011f\u0131n\u0131n gerekleri neyse onun pe\u015finde olmu\u015ftur. D\u00fcn b\u00f6yleydi, bug\u00fcn de b\u00f6yle. Bug\u00fcn de biz 4,5G, 5G teknolojisine en erken ge\u00e7en \u00fclkelerden de\u011fil miyiz? \u00d6yleyiz. Osmanl\u0131 tarih sahnesinden \u00e7ekilmi\u015ftir ama her \u015feyiyle bizimdir. Onu sahiplenmek bizim g\u00f6revimizdir. O g\u00fcn en son teknoloji olan telsiz telgraf\u0131n bir istasyonu burada, biri Trablusgarp Derne\u2019de ve haberle\u015filebiliyor. Bir telekomikasyon var. \u00c7a\u011f\u0131n\u0131n gerektirdi\u011fi bir haberle\u015fme sistemi kurulmu\u015f. Patara\u2019daki telsiz telgraf istasyonu in\u015fallah Antalya\u2019n\u0131n gelecekte T\u00fcrkiye\u2019deki en \u00f6nemli teknoloji \u00fcslerinden biri olacak. Biz Antalya\u2019n\u0131n yaz\u0131l\u0131mda, siber g\u00fcvenlikte, yapay zekada ve datada merkez olmas\u0131n\u0131 arzu ediyoruz. \u0130n\u015fallah onun temeli de Patara\u2019daki bu telsiz telgraf istasyonu olsun.\u201d dedi.<\/p>\n<p>Belediye Ba\u015fkan\u0131 Mutlu Uluta\u015f da \u201cAnadolu bir\u00e7ok medeniyete ev sahipli\u011fi yapm\u0131\u015f kadim bir co\u011frafyad\u0131r. Ge\u00e7mi\u015f d\u00f6nemlere ait tarihi ve k\u00fclt\u00fcrel bir\u00e7ok uygarl\u0131k kal\u0131nt\u0131lar\u0131n\u0131 bar\u0131nd\u0131ran Patara\u2019da Osmanl\u0131 Devleti\u2019ne ait II. Abd\u00fclhamit Han d\u00f6neminde yap\u0131lan haberle\u015fme a\u011f\u0131, bizi \u00e7ok heyecanland\u0131rd\u0131. Tarihimizi, k\u00fclt\u00fcr\u00fcm\u00fcz\u00fc, yar\u0131nlar\u0131m\u0131z\u0131 korumak ve ya\u015fatmak i\u00e7in m\u00fccadele edece\u011fiz.\u201d diye konu\u015ftu.<\/p>\n<p>\u201c\u0130stasyonun m\u00fczeye d\u00f6n\u00fc\u015ft\u00fcr\u00fclmesini istiyoruz\u201d<\/p>\n<p>Patara Kaz\u0131lar\u0131 Ba\u015fkan\u0131 Prof. Dr. Havva \u0130\u015fkan I\u015f\u0131k ise \u201cLikya Birli\u011finin ba\u015fkenti Patara, tarihin derinliklerinden gelen antik kal\u0131nt\u0131lar\u0131n yan\u0131nda Osmanl\u0131 Devleti\u2019nin \u00e7ok \u00f6zel ve \u00f6nemli bir yap\u0131s\u0131n\u0131 da bar\u0131nd\u0131rd\u0131\u011f\u0131n\u0131 ifade ederek, \u201cOsmanl\u0131 Devleti\u2019nin bu ilk telsiz telgraf istasyonu, Patara\u2019n\u0131n bir di\u011fer d\u00fcnya miras\u0131 deniz feneri kadar \u00f6nemlidir. Arkeolojik alanlardaki ekiplerimizin \u00fc\u00e7te ikisini istasyonlara y\u00f6nlendirdim. \u00c7al\u0131\u015fmalar\u0131n bir s\u00fcre daha devam etmesi gerekiyor. Nihai arzumuz, istasyonun yap\u0131ld\u0131\u011f\u0131 \u015fekliyle restore edilerek, bir b\u00f6l\u00fcm\u00fcnde aktif ileti\u015fim hizmetlerinin de yap\u0131laca\u011f\u0131 m\u00fcze haline d\u00f6n\u00fc\u015ft\u00fcr\u00fclmesidir.\u201d ifadelerini kulland\u0131.<\/p>\n<p>Konu\u015fmalar\u0131n ard\u0131ndan, Antalya B\u00fcy\u00fck\u015fehir Belediyesi Bandosu \u2018Osmanl\u0131 Mar\u015flar\u0131\u2019 konseri verdi. Etkinlik alan\u0131nda Patara Likyal\u0131 Y\u00f6r\u00fckler, halkoyunlar\u0131 g\u00f6sterisi sundu. \u2018Telsiz\u2019 konulu foto\u011fraf ve resim sergisi a\u00e7\u0131ld\u0131.<\/p>\n<p>Vali \u00e7ad\u0131rdan telsizle konu\u015ftu<\/p>\n<p>Osmanl\u0131 Telsiz Telgraf \u0130stasyonu Kal\u0131nt\u0131lar\u0131 b\u00f6lgesinde ise Telsiz Haberle\u015fme Etkinli\u011fi d\u00fczenlendi. Alanda kurulan be\u015f \u00e7ad\u0131rdan birini gezen Vali Karalo\u011flu, buradan Ankara\u2019daki AFAD\u2019a telsizle ba\u011flanarak konu\u015ftu. \u0130ki g\u00fcn boyunca d\u00fcnya genelinde yap\u0131lacak etkinlikle T\u00fcrkiye, Patara ve 1906\u2019da ba\u015flayan Osmanl\u0131 telsizcili\u011fi tan\u0131t\u0131m\u0131n\u0131n ama\u00e7land\u0131\u011f\u0131 belirtildi. Bu kapsamda 200\u2019den fazla \u00fclkeyle telsiz telgraf ba\u011flant\u0131s\u0131 kurulaca\u011f\u0131 kaydedildi.<\/p>\n<p>Etkinlik Y\u00fcr\u00fctme Komitesince yap\u0131lan yaz\u0131l\u0131 a\u00e7\u0131klamada, Osmanl\u0131 Devleti\u2019nin ilk telsiz telgraf istasyonunun \u00f6nemini anlatmak ve kamuoyunun dikkatini \u00e7ekmek \u00fczere 113 y\u0131l sonra etkinlik d\u00fczenlendi\u011fi kaydedilerek, bu \u00e7er\u00e7evede bilimsel bir yay\u0131nla tarihsel ve arkeolojik ayr\u0131nt\u0131lar\u0131 literat\u00fcre kazand\u0131racak telsizcilik tarihimizin ba\u015flang\u0131c\u0131n\u0131 olu\u015fturan bu istasyonun, ileride restore edilerek aya\u011fa kald\u0131r\u0131lmas\u0131n\u0131n hedeflendi\u011fi bildirildi.<\/p>\n","protected":false},"excerpt":{"rendered":"<p>OSMANLI DEVLET\u0130\u2019N\u0130N 1906 YILINDA AFR\u0130KA&#8217;DAK\u0130 TOPRAKLARIYLA \u0130LET\u0130\u015e\u0130M KURMAK \u0130\u00c7\u0130N KURDU\u011eU \u0130LK TELS\u0130Z TELGRAF \u0130STASYONU PATARA ANT\u0130K KENT\u0130\u2019NDE TANITILDI.<\/p>\n","protected":false},"author":1,"featured_media":0,"comment_status":"closed","ping_status":"open","sticky":false,"template":"","format":"standard","meta":{"jetpack_post_was_ever_published":false,"_jetpack_newsletter_access":"","_jetpack_dont_email_post_to_subs":false,"_jetpack_newsletter_tier_id":0,"_jetpack_memberships_contains_paywalled_content":false,"_jetpack_memberships_contains_paid_content":false,"footnotes":"","jetpack_publicize_message":"","jetpack_publicize_feature_enabled":true,"jetpack_social_post_already_shared":true,"jetpack_social_options":{"image_generator_settings":{"template":"highway","default_image_id":0,"font":"","enabled":false},"version":2}},"categories":[1],"tags":[5410,20473,37,9498,49419,13242],"class_list":["post-198343","post","type-post","status-publish","format-standard","hentry","category-genel","tag-osmanli","tag-devletinin","tag-ilk","tag-istasyonu","tag-telgraf","tag-telsiz"],"jetpack_publicize_connections":[],"jetpack_featured_media_url":"","jetpack_sharing_enabled":true,"jetpack_shortlink":"https:\/\/wp.me\/paKIfm-PB5","_links":{"self":[{"href":"http:\/\/www.tvturk.com\/index.php\/wp-json\/wp\/v2\/posts\/198343","targetHints":{"allow":["GET"]}}],"collection":[{"href":"http:\/\/www.tvturk.com\/index.php\/wp-json\/wp\/v2\/posts"}],"about":[{"href":"http:\/\/www.tvturk.com\/index.php\/wp-json\/wp\/v2\/types\/post"}],"author":[{"embeddable":true,"href":"http:\/\/www.tvturk.com\/index.php\/wp-json\/wp\/v2\/users\/1"}],"replies":[{"embeddable":true,"href":"http:\/\/www.tvturk.com\/index.php\/wp-json\/wp\/v2\/comments?post=198343"}],"version-history":[{"count":0,"href":"http:\/\/www.tvturk.com\/index.php\/wp-json\/wp\/v2\/posts\/198343\/revisions"}],"wp:attachment":[{"href":"http:\/\/www.tvturk.com\/index.php\/wp-json\/wp\/v2\/media?parent=198343"}],"wp:term":[{"taxonomy":"category","embeddable":true,"href":"http:\/\/www.tvturk.com\/index.php\/wp-json\/wp\/v2\/categories?post=198343"},{"taxonomy":"post_tag","embeddable":true,"href":"http:\/\/www.tvturk.com\/index.php\/wp-json\/wp\/v2\/tags?post=198343"}],"curies":[{"name":"wp","href":"https:\/\/api.w.org\/{rel}","templated":true}]}}