{"id":198351,"date":"2019-08-31T22:46:50","date_gmt":"2019-08-31T19:46:50","guid":{"rendered":"http:\/\/www.tvturk.com\/index.php\/balikcilar-vira-bismillah-dedi-binlerce-kisi-sahilden-el-salladi\/"},"modified":"2019-08-31T22:46:50","modified_gmt":"2019-08-31T19:46:50","slug":"balikcilar-vira-bismillah-dedi-binlerce-kisi-sahilden-el-salladi","status":"publish","type":"post","link":"http:\/\/www.tvturk.com\/index.php\/balikcilar-vira-bismillah-dedi-binlerce-kisi-sahilden-el-salladi\/","title":{"rendered":"Bal\u0131k\u00e7\u0131lar \u2018Vira bismillah\u2019 dedi, binlerce ki\u015fi sahilden el sallad\u0131"},"content":{"rendered":"<p>Kocaeli\u2019nin Karam\u00fcrsel il\u00e7esinde haz\u0131rl\u0131klar\u0131n\u0131 tamamlayan bal\u0131k\u00e7\u0131lar, binlerce ki\u015fi taraf\u0131ndan u\u011furlanarak denize a\u00e7\u0131ld\u0131. Gece 00.00 itibariyle a\u011flar\u0131n\u0131 denize b\u0131rakacak olan bal\u0131k\u00e7\u0131lar\u0131n \u2018Vira bismillah\u2019 diyerek havai fi\u015fek g\u00f6sterileri e\u015fli\u011finde limandan ayr\u0131l\u0131\u015flar\u0131 havadan g\u00f6r\u00fcnt\u00fclendi.<\/p>\n<p>Kocaeli\u2019nin Karam\u00fcrsel il\u00e7esi Ere\u011fli sahilindeki limanda bulunan g\u0131rg\u0131r tekneleri, bu gece dolacak av yasa\u011f\u0131 \u00f6ncesinde haz\u0131rl\u0131klar\u0131n\u0131 tamamlayarak dualar e\u015fli\u011finde Marmara Denizi ve Ege Denizi\u2019ne u\u011furland\u0131. Ere\u011fli Liman\u0131\u2019nda d\u00fczenlenen t\u00f6rende haz\u0131rl\u0131klar\u0131n\u0131 tamamlayan bal\u0131k\u00e7\u0131lar, gece saat 00.00\u2019da sona erecek av yasa\u011f\u0131 \u00f6ncesinde dualar ederek av sezonunun bereketli ge\u00e7mesini diledi. D\u00fczenlenen t\u00f6rene Karam\u00fcrsel Belediye Ba\u015fkan\u0131 \u0130smail Y\u0131ld\u0131r\u0131m, il\u00e7e protokol\u00fc, bal\u0131k\u00e7\u0131lar ve bal\u0131k\u00e7\u0131 aileleri kat\u0131ld\u0131. Limanda tekneler hareket etmeden dualar okundu. Edilen dualar\u0131n ard\u0131ndan bal\u0131k\u00e7\u0131lara T\u00fcrk bayra\u011f\u0131 hediye etti. Yap\u0131lan t\u00f6renin ard\u0131ndan bal\u0131k\u00e7\u0131lar limandan ayr\u0131lmak i\u00e7in teknelerine bindi. Son haz\u0131rl\u0131klar\u0131n\u0131 yapan bal\u0131k\u00e7\u0131lar\u0131 aileleri yaln\u0131z b\u0131rakmad\u0131.<\/p>\n<p>\u201cBir yandan mutluluk, di\u011fer yandan burukluk var\u201d<\/p>\n<p>Makinist olarak \u00e7al\u0131\u015ft\u0131\u011f\u0131 teknede yeni bir sezona ba\u015flayaca\u011f\u0131 i\u00e7in mutlu oldu\u011funu kaydeden Ahmet Bayraktar isimli vatanda\u015f, \u201cMotorumuzun b\u00fct\u00fcn bak\u0131mlar\u0131n\u0131 yapt\u0131k, a\u011flar\u0131m\u0131z\u0131 onard\u0131k. Gerisi Allah\u2019a kald\u0131. Bir yandan mutluluk, di\u011fer yandan burukluk var. Annelerimiz a\u011fl\u0131yor. Durumumu \u015fuan bu \u015fekilde. 8 ay denizde kalaca\u011f\u0131z, evimize gelmeyece\u011fiz bu s\u00fcre\u00e7 i\u00e7erisinde. Bu zor bir durum. Zor olmas\u0131n\u0131n sebebi \u0130zmit K\u00f6rfezi\u2019nde olan avlanma yasa\u011f\u0131ndan kaynaklan\u0131yor. \u015eimdi motorlar buradan \u00e7\u0131k\u0131p d\u0131\u015far\u0131daki denizlerde r\u0131zklar\u0131n\u0131 arayacak. Buras\u0131 serbest olsayd\u0131 herkes evinin \u00f6n\u00fcnde ekme\u011fini \u00e7\u0131kartacakt\u0131. Buradan \u00e7\u0131k\u0131p 300 mil \u00f6teye gitmeyecektik. Bol, bereketli bir sezon istiyoruz\u201d dedi.<\/p>\n<p>\u201cAllah bir terslik vermezse tayfam\u0131zla birlikte 8 ay boyunca denizdeyiz\u201d<\/p>\n<p>30 senedir aylarca kald\u0131\u011f\u0131 denizlerde r\u0131zk\u0131n\u0131 arad\u0131\u011f\u0131n\u0131 belirten Serkan Yal\u00e7\u0131nkaya da yeni sezon i\u00e7in heyecanl\u0131 olduklar\u0131n\u0131 ifade ederek, \u201c10-15 ya\u015f\u0131mdan itibaren teknelerin i\u00e7indeyim. G\u00fczel bir sezon olmas\u0131n\u0131 diliyoruz. Heyecanl\u0131y\u0131z tabii, bekliyoruz. Allah nasip ederse buradan \u00e7\u0131kaca\u011f\u0131z. Ege Denizi\u2019ne inece\u011fiz, Didim\u2019e kadar bir yolculu\u011fumuz var. 3 g\u00fcn kadar s\u00fcren bir yolculu\u011fumuz olacak. Onun ard\u0131ndan avlanmaya ba\u015flayaca\u011f\u0131z. Bundan dolay\u0131 heyecanl\u0131y\u0131z. \u0130yi bir sezon ge\u00e7mesini umuyoruz. Sezon i\u00e7inde 8 ay boyunca \u00e7al\u0131\u015faca\u011f\u0131z. Allah bir terslik vermezse tayfam\u0131zla birlikte 8 ay boyunca denizdeyiz\u201d diye konu\u015ftu.<\/p>\n<p>Bal\u0131k\u00e7\u0131lar\u0131n limandan ayr\u0131l\u0131\u015f\u0131 havadan g\u00f6r\u00fcnt\u00fclendi<\/p>\n<p>Bal\u0131k\u00e7\u0131lar daha sonra havai, me\u015fale fi\u015fek g\u00f6sterileri ve gemi sirenleri e\u015fli\u011finde limandan denize a\u00e7\u0131ld\u0131lar. Teknelerin a\u00e7\u0131lmas\u0131 s\u0131ras\u0131nda sahili dolduran binlerce vatanda\u015f ve aileler bal\u0131k\u00e7\u0131lar\u0131 el sallayarak u\u011furlad\u0131. Bal\u0131k\u00e7\u0131lar\u0131n \u2018Vira Bismillah\u2019 diyerek denize a\u00e7\u0131ld\u0131\u011f\u0131 o anlar havadan g\u00f6r\u00fcnt\u00fclendi.<\/p>\n","protected":false},"excerpt":{"rendered":"<p>KOCAEL\u0130\u2019N\u0130N KARAM\u00dcRSEL \u0130L\u00c7ES\u0130NDE HAZIRLIKLARINI TAMAMLAYAN BALIK\u00c7ILAR, B\u0130NLERCE K\u0130\u015e\u0130 TARAFINDAN U\u011eURLANARAK DEN\u0130ZE A\u00c7ILDI. GECE 00.00 \u0130T\u0130BAR\u0130YLE A\u011eLARINI DEN\u0130ZE BIRAKACAK OLAN BALIK\u00c7ILARIN \u2018V\u0130RA B\u0130SM\u0130LLAH\u2019 D\u0130YEREK HAVA\u0130 F\u0130\u015eEK G\u00d6STER\u0130LER\u0130 E\u015eL\u0130\u011e\u0130NDE L\u0130MANDAN AYRILI\u015eLARI HAVADAN G\u00d6R\u00dcNT\u00dcLEND\u0130.<\/p>\n","protected":false},"author":1,"featured_media":0,"comment_status":"closed","ping_status":"open","sticky":false,"template":"","format":"standard","meta":{"jetpack_post_was_ever_published":false,"_jetpack_newsletter_access":"","_jetpack_dont_email_post_to_subs":false,"_jetpack_newsletter_tier_id":0,"_jetpack_memberships_contains_paywalled_content":false,"_jetpack_memberships_contains_paid_content":false,"footnotes":"","jetpack_publicize_message":"","jetpack_publicize_feature_enabled":true,"jetpack_social_post_already_shared":true,"jetpack_social_options":{"image_generator_settings":{"template":"highway","default_image_id":0,"font":"","enabled":false},"version":2}},"categories":[1],"tags":[45149,6537,3818,45150,1903,1012,45106,1026],"class_list":["post-198351","post","type-post","status-publish","format-standard","hentry","category-genel","tag-vira","tag-balikcilar","tag-binlerce","tag-bismillah","tag-dedi","tag-kisi","tag-sahilden","tag-salladi"],"jetpack_publicize_connections":[],"jetpack_featured_media_url":"","jetpack_sharing_enabled":true,"jetpack_shortlink":"https:\/\/wp.me\/paKIfm-PBd","_links":{"self":[{"href":"http:\/\/www.tvturk.com\/index.php\/wp-json\/wp\/v2\/posts\/198351","targetHints":{"allow":["GET"]}}],"collection":[{"href":"http:\/\/www.tvturk.com\/index.php\/wp-json\/wp\/v2\/posts"}],"about":[{"href":"http:\/\/www.tvturk.com\/index.php\/wp-json\/wp\/v2\/types\/post"}],"author":[{"embeddable":true,"href":"http:\/\/www.tvturk.com\/index.php\/wp-json\/wp\/v2\/users\/1"}],"replies":[{"embeddable":true,"href":"http:\/\/www.tvturk.com\/index.php\/wp-json\/wp\/v2\/comments?post=198351"}],"version-history":[{"count":0,"href":"http:\/\/www.tvturk.com\/index.php\/wp-json\/wp\/v2\/posts\/198351\/revisions"}],"wp:attachment":[{"href":"http:\/\/www.tvturk.com\/index.php\/wp-json\/wp\/v2\/media?parent=198351"}],"wp:term":[{"taxonomy":"category","embeddable":true,"href":"http:\/\/www.tvturk.com\/index.php\/wp-json\/wp\/v2\/categories?post=198351"},{"taxonomy":"post_tag","embeddable":true,"href":"http:\/\/www.tvturk.com\/index.php\/wp-json\/wp\/v2\/tags?post=198351"}],"curies":[{"name":"wp","href":"https:\/\/api.w.org\/{rel}","templated":true}]}}