{"id":198361,"date":"2019-08-31T23:16:42","date_gmt":"2019-08-31T20:16:42","guid":{"rendered":"http:\/\/www.tvturk.com\/index.php\/havai-fiseklerle-vira-bismillah-diyen-balikcilar-havadan-goruntulendi\/"},"modified":"2019-08-31T23:16:42","modified_gmt":"2019-08-31T20:16:42","slug":"havai-fiseklerle-vira-bismillah-diyen-balikcilar-havadan-goruntulendi","status":"publish","type":"post","link":"http:\/\/www.tvturk.com\/index.php\/havai-fiseklerle-vira-bismillah-diyen-balikcilar-havadan-goruntulendi\/","title":{"rendered":"Havai fi\u015feklerle \u2018Vira Bismillah\u2019 diyen bal\u0131k\u00e7\u0131lar havadan g\u00f6r\u00fcnt\u00fclendi"},"content":{"rendered":"<p>Av yasa\u011f\u0131n\u0131n sona ermesiyle \u00fclke genelinde oldu\u011fu gibi Bursal\u0131 bal\u0131k\u00e7\u0131lar da havai fi\u015feklerle \u2018Vira Bismillah\u2019 dedi.  Bal\u0131k\u00e7\u0131lar\u0131n limandan ayr\u0131lmas\u0131 havadan da g\u00f6r\u00fcnt\u00fclendi.<\/p>\n<p>1 Eyl\u00fcl itibariyle resmen sona erecek ve yasa\u011f\u0131n bitmesiyle beraber bal\u0131k\u00e7\u0131lar \u2018Vira Bismillah\u2019 diyerek denize a\u00e7\u0131ld\u0131. Marmara Denizi\u2019ne k\u0131y\u0131s\u0131 olan Kapakl\u0131 Mahallesi\u2019ndeki bal\u0131k\u00e7\u0131lar da denize a\u00e7\u0131ld\u0131. Havai fi\u015feklerle denize a\u00e7\u0131lan bal\u0131k\u00e7\u0131 tekneleri havadan da g\u00f6r\u00fcnt\u00fclendi.<\/p>\n<p>Kapakl\u0131 K\u00f6y\u00fc Su \u00dcr\u00fcnleri Kooperatifi Ba\u015fkan\u0131 Hakk\u0131 Elg\u00fcl, bal\u0131k\u00e7\u0131lar\u0131n kazas\u0131n belas\u0131z bir sezon ge\u00e7irmesini dileyerek, \u201cGe\u00e7en sene bal\u0131k boldu ama para etmedi. Bu sene bal\u0131\u011f\u0131n daha bol olmas\u0131n\u0131 umut ediyoruz. Marmara B\u00f6lgesi\u2019 nin en fazla bal\u0131k\u00e7\u0131 teknesi olan k\u00f6y\u00fcy\u00fcz diyebilirim. Buradan sadece tekne sahipleri de\u011fil, d\u0131\u015far\u0131dan 500-600 ki\u015fi de tayfa olarak ekmek yiyor\u201d dedi.<\/p>\n<p>Deniz \u00dcr\u00fcnleri Avc\u0131lar\u0131 \u00dcreticileri Merkez Birli\u011fi Hasan Erdeniz, hamsi bal\u0131\u011f\u0131 avlad\u0131klar\u0131n\u0131 ifade ederek, \u201cT\u00fcm bal\u0131k\u00e7\u0131lar\u0131m\u0131za kazas\u0131n bir av sezonu diliyorum. Biz genelde hamsi avc\u0131l\u0131\u011f\u0131 yap\u0131yoruz. Hamsi haricinde sardalya, istavrit, palamut, az da olsa l\u00fcfer gibi bal\u0131klar da \u00e7\u0131k\u0131yor. Eyl\u00fcl ay\u0131n\u0131n en g\u00fczel bal\u0131\u011f\u0131 sardalyad\u0131r\u201d ifadelerini kulland\u0131.<\/p>\n","protected":false},"excerpt":{"rendered":"<p>AV YASA\u011eININ SONA ERMES\u0130YLE \u00dcLKE GENEL\u0130NDE OLDU\u011eU G\u0130B\u0130 BURSALI BALIK\u00c7ILAR DA HAVA\u0130 F\u0130\u015eEKLERLE \u2018V\u0130RA B\u0130SM\u0130LLAH\u2019 DED\u0130.  BALIK\u00c7ILARIN L\u0130MANDAN AYRILMASI HAVADAN DA G\u00d6R\u00dcNT\u00dcLEND\u0130.<\/p>\n","protected":false},"author":1,"featured_media":0,"comment_status":"closed","ping_status":"open","sticky":false,"template":"","format":"standard","meta":{"jetpack_post_was_ever_published":false,"_jetpack_newsletter_access":"","_jetpack_dont_email_post_to_subs":false,"_jetpack_newsletter_tier_id":0,"_jetpack_memberships_contains_paywalled_content":false,"_jetpack_memberships_contains_paid_content":false,"footnotes":"","jetpack_publicize_message":"","jetpack_publicize_feature_enabled":true,"jetpack_social_post_already_shared":true,"jetpack_social_options":{"image_generator_settings":{"template":"highway","default_image_id":0,"font":"","enabled":false},"version":2}},"categories":[1],"tags":[45149,6537,45150,4672,28246,3388,3387,28245],"class_list":["post-198361","post","type-post","status-publish","format-standard","hentry","category-genel","tag-vira","tag-balikcilar","tag-bismillah","tag-diyen","tag-fiseklerle","tag-goruntulendi","tag-havadan","tag-havai"],"jetpack_publicize_connections":[],"jetpack_featured_media_url":"","jetpack_sharing_enabled":true,"jetpack_shortlink":"https:\/\/wp.me\/paKIfm-PBn","_links":{"self":[{"href":"http:\/\/www.tvturk.com\/index.php\/wp-json\/wp\/v2\/posts\/198361","targetHints":{"allow":["GET"]}}],"collection":[{"href":"http:\/\/www.tvturk.com\/index.php\/wp-json\/wp\/v2\/posts"}],"about":[{"href":"http:\/\/www.tvturk.com\/index.php\/wp-json\/wp\/v2\/types\/post"}],"author":[{"embeddable":true,"href":"http:\/\/www.tvturk.com\/index.php\/wp-json\/wp\/v2\/users\/1"}],"replies":[{"embeddable":true,"href":"http:\/\/www.tvturk.com\/index.php\/wp-json\/wp\/v2\/comments?post=198361"}],"version-history":[{"count":0,"href":"http:\/\/www.tvturk.com\/index.php\/wp-json\/wp\/v2\/posts\/198361\/revisions"}],"wp:attachment":[{"href":"http:\/\/www.tvturk.com\/index.php\/wp-json\/wp\/v2\/media?parent=198361"}],"wp:term":[{"taxonomy":"category","embeddable":true,"href":"http:\/\/www.tvturk.com\/index.php\/wp-json\/wp\/v2\/categories?post=198361"},{"taxonomy":"post_tag","embeddable":true,"href":"http:\/\/www.tvturk.com\/index.php\/wp-json\/wp\/v2\/tags?post=198361"}],"curies":[{"name":"wp","href":"https:\/\/api.w.org\/{rel}","templated":true}]}}