{"id":198371,"date":"2019-08-31T23:47:39","date_gmt":"2019-08-31T20:47:39","guid":{"rendered":"http:\/\/www.tvturk.com\/index.php\/dunya-devi-turkiyede-boks-galasi-duzenliyor\/"},"modified":"2019-08-31T23:47:39","modified_gmt":"2019-08-31T20:47:39","slug":"dunya-devi-turkiyede-boks-galasi-duzenliyor","status":"publish","type":"post","link":"http:\/\/www.tvturk.com\/index.php\/dunya-devi-turkiyede-boks-galasi-duzenliyor\/","title":{"rendered":"D\u00fcnya devi T\u00fcrkiye\u2019de boks galas\u0131 d\u00fczenliyor"},"content":{"rendered":"<p>Son \u00fc\u00e7 y\u0131lda \u00fcst \u00fcste Almanya\u2019n\u0131n en iyi boks kul\u00fcb\u00fc se\u00e7ilerek, b\u00fcy\u00fck bir ba\u015far\u0131ya imza atan EC BOXING, T\u00fcrkiye\u2019de dev bir boks galas\u0131 d\u00fczenlemeye haz\u0131rlan\u0131yor.<\/p>\n<p>25 Ekim Cuma gecesi Volkswagen Arena\u2019da d\u00fcnya \u00e7ap\u0131nda bir boks galas\u0131 ger\u00e7ekle\u015ftirecek olan EC BOXING, ayn\u0131 zamanda d\u00fcnyan\u0131n dev isimlerini de T\u00fcrkiye\u2019ye getirecek. Kul\u00fcb\u00fcn y\u00f6netim kurulu ba\u015fkan\u0131 Erol Ceylan, haz\u0131rl\u0131klar\u0131n s\u00fcrd\u00fc\u011f\u00fcn\u00fc belirterek, &#8220;Hedefimiz \u00fclkemizi d\u00fcnyaya a\u00e7makt\u0131r. Profesoynel boksta yeti\u015ftirip, destekleyece\u011fimiz gen\u00e7lerimizin d\u00fcnya ringlerinde madalyalara ula\u015fmalar\u0131n\u0131 sa\u011flamak i\u00e7in b\u00fcy\u00fck at\u0131l\u0131m i\u00e7erisine girdik. Bu do\u011frultuda d\u00fcnyadaki t\u00fcm kontaklar\u0131m\u0131z\u0131 kullan\u0131yoruz. \u0130stanbul\u2019daki bu galaya d\u00fcnya boksunun kalbinin att\u0131\u011f\u0131 Amerika, Almanya ve \u0130ngiltere gibi \u00fclkelerden dev isimleri getirece\u011fiz. Bu sayede \u00fclkemizin boks d\u00fcnyas\u0131nda dikkat \u00e7ekmesini sa\u011flayarak, d\u00fcnya sahnesindeki prestijini artt\u0131r\u0131p, boks\u00f6rlerimizin ba\u015far\u0131lara ula\u015fmas\u0131n\u0131 sa\u011flayaca\u011f\u0131z. Bu do\u011frultuda d\u00fcnyan\u0131n bir numaras\u0131 olan Amerikal\u0131 Jimmy Lenon Jr\u2019yi getiriyoruz. Bunun d\u0131\u015f\u0131ndaki d\u00fcnyaca \u00fcnl\u00fc isimler ile de g\u00f6r\u00fc\u015fmelerimiz devam ediyor ilerleyen g\u00fcnlerde bunlar\u0131 da a\u00e7\u0131klayaca\u011f\u0131z&#8221; dedi.<\/p>\n<p>Fatih Kele\u015f, Emre \u00c7ukur ve Deniz \u0130lbay sahne alacak<\/p>\n<p>\u00dc\u00e7 y\u0131l \u00fcst \u00fcste Almanya\u2019n\u0131n en iyi promot\u00f6r\u00fc se\u00e7ilen Erol Ceylan, devleri ringe \u00e7\u0131karaca\u011f\u0131n\u0131 vurgulayarak, &#8220;T\u00fcrk profesyonel boksunun d\u00fcnyadaki en iyi isimleri olarak bilinen ve gelecekte d\u00fcnya \u015fampiyonu olma kapasitesine sahip olan boks\u00f6rlerimizden Avrupa \u015fampiyonu ve olimpiyat boks\u00f6r\u00fcm\u00fcz Fatih Kele\u015f, yine yenilgisiz boks\u00f6r\u00fcm\u00fcz Emre \u00c7ukur ve Deniz \u0130lbay da gecede eldiven giyecek olan boks\u00f6rlerimiz aras\u0131nda yer alacak. T\u00fcrk boksunun d\u00fcnya zirvesine \u00e7\u0131km\u0131\u015f olan iki ismi k\u0131ran k\u0131rana bir m\u00fccadele verecek. Olimpiyat boks\u00f6r\u00fcm\u00fcz 67 kilo Velter s\u0131kletteki Fatih Kele\u015f, (11 ma\u00e7, 1 ma\u011flubiyet) gurbet\u00e7i boks\u00f6r\u00fcm\u00fcz Deniz \u0130lbay, (21 ma\u00e7 iki ma\u011flubiyet) ile d\u00fcnya \u015fampiyonluk eleme ma\u00e7\u0131na \u00e7\u0131k\u0131yor. Bu kar\u015f\u0131la\u015fmay\u0131 kazanan, ge\u00e7ti\u011fimiz g\u00fcnlerde EC BOXING formas\u0131 ile ringe \u00e7\u0131karak, Almanya\u2019da d\u00fcnya \u015fampiyonu olan Sebastian Formella\u2019ya kar\u015f\u0131 d\u00fcnya \u015fampiyonluk ma\u00e7\u0131 yapmaya hak kazanacak. Bunun yan\u0131 s\u0131ra s\u00fcper orta s\u0131kletteki Avrupa \u015eampiyonumuz (14 ma\u00e7\u0131n hepsini kazanm\u0131\u015f olan) yenilgisiz boks\u00f6r\u00fcm\u00fcz Emre \u00c7ukur, be\u015f ma\u00e7ta tek yenilgisi bulunan Jack Pascali\u2019ye kar\u015f\u0131 yumruk sallayacak. Ayr\u0131ca t\u00fcm bu kar\u015f\u0131la\u015fmalar\u0131n yan\u0131 s\u0131ra \u00e7ok say\u0131da ma\u00e7 i\u00e7in g\u00f6r\u00fc\u015fmeler devam ediyor. Avrupa \u015fampiyonumuz ve olimpiyat sporcumuz Ali Eren Demirezen i\u00e7in de g\u00f6r\u00fc\u015fmelerimiz s\u00fcr\u00fcyor&#8221; diye konu\u015ftu.<\/p>\n<p>Almanya\u2019da 50\u2019ye yak\u0131n gala yapt\u0131k<\/p>\n<p>EC BOXING Bas\u0131n Dan\u0131\u015fman\u0131 Vedat Alyaz, bug\u00fcne kadar d\u00fcnya boksunun kalbinin att\u0131\u011f\u0131 \u00fclkeler olan Amerika, \u0130ngiltere, Avustralya ve Almanya\u2019da dev organizasyonlara imza att\u0131klar\u0131n\u0131 vurgulayarak, &#8220;Sadece Almanya\u2019da yapt\u0131\u011f\u0131m\u0131z organizasyon say\u0131s\u0131 elliye yakla\u015ft\u0131. Kul\u00fcb\u00fcm\u00fcz b\u00fcnyesinde \u00fc\u00e7 d\u00fcnya \u015fampiyonluk kemerinin yan\u0131 s\u0131ra say\u0131s\u0131z Avrupa, k\u0131talar aras\u0131 ve di\u011fer kemerler yer almaktad\u0131r&#8221; dedi. Kul\u00fcb\u00fcn ba\u015fantren\u00f6r\u00fc B\u00fclent Ba\u015fer de, yeti\u015ftirdikleri boks\u00f6rlerin meyvelerini almaya ba\u015flad\u0131klar\u0131n\u0131 belirterek, &#8220;10 y\u0131ldan beridir yeti\u015ftirdi\u011fimiz boks\u00f6rlerimiz art\u0131k d\u00fcnya sahnesinin zirvesinde ba\u015f rol\u00fc oynamaya ba\u015flam\u0131\u015flard\u0131r. B\u00fcy\u00fck bir sab\u0131r ile bu gen\u00e7leri adeta bir \u00e7i\u00e7e\u011fe yeti\u015ftirirken g\u00f6sterilen hassasiyet ile yeti\u015ftirdik, art\u0131k d\u00fcnya bizi konu\u015fmaya ba\u015flayacakt\u0131r. \u00d6n\u00fcm\u00fczdeki y\u0131llarda boks\u00f6rlerimiz ile T\u00fcm T\u00fcrkiye gurur duyacakt\u0131r. Kar\u015f\u0131la\u015fmalar t\u00fcm d\u00fcnya kanallar\u0131ndan naklen yay\u0131nlanacakt\u0131r&#8221; ifadelerini kulland\u0131.<\/p>\n","protected":false},"excerpt":{"rendered":"<p>SON \u00dc\u00c7 YILDA \u00dcST \u00dcSTE ALMANYA\u2019NIN EN \u0130Y\u0130 BOKS KUL\u00dcB\u00dc SE\u00c7\u0130LEREK, B\u00dcY\u00dcK B\u0130R BA\u015eARIYA \u0130MZA ATAN EC BOXING, T\u00dcRK\u0130YE\u2019DE DEV B\u0130R BOKS GALASI D\u00dcZENLEMEYE HAZIRLANIYOR.<\/p>\n","protected":false},"author":1,"featured_media":0,"comment_status":"closed","ping_status":"open","sticky":false,"template":"","format":"standard","meta":{"jetpack_post_was_ever_published":false,"_jetpack_newsletter_access":"","_jetpack_dont_email_post_to_subs":false,"_jetpack_newsletter_tier_id":0,"_jetpack_memberships_contains_paywalled_content":false,"_jetpack_memberships_contains_paid_content":false,"footnotes":"","jetpack_publicize_message":"","jetpack_publicize_feature_enabled":true,"jetpack_social_post_already_shared":true,"jetpack_social_options":{"image_generator_settings":{"template":"highway","default_image_id":0,"font":"","enabled":false},"version":2}},"categories":[657],"tags":[349,13404,26456,15919,10526,2383],"class_list":["post-198371","post","type-post","status-publish","format-standard","hentry","category-spor","tag-dunya","tag-boks","tag-devi","tag-duzenliyor","tag-galasi","tag-turkiyede"],"jetpack_publicize_connections":[],"jetpack_featured_media_url":"","jetpack_sharing_enabled":true,"jetpack_shortlink":"https:\/\/wp.me\/paKIfm-PBx","_links":{"self":[{"href":"http:\/\/www.tvturk.com\/index.php\/wp-json\/wp\/v2\/posts\/198371","targetHints":{"allow":["GET"]}}],"collection":[{"href":"http:\/\/www.tvturk.com\/index.php\/wp-json\/wp\/v2\/posts"}],"about":[{"href":"http:\/\/www.tvturk.com\/index.php\/wp-json\/wp\/v2\/types\/post"}],"author":[{"embeddable":true,"href":"http:\/\/www.tvturk.com\/index.php\/wp-json\/wp\/v2\/users\/1"}],"replies":[{"embeddable":true,"href":"http:\/\/www.tvturk.com\/index.php\/wp-json\/wp\/v2\/comments?post=198371"}],"version-history":[{"count":0,"href":"http:\/\/www.tvturk.com\/index.php\/wp-json\/wp\/v2\/posts\/198371\/revisions"}],"wp:attachment":[{"href":"http:\/\/www.tvturk.com\/index.php\/wp-json\/wp\/v2\/media?parent=198371"}],"wp:term":[{"taxonomy":"category","embeddable":true,"href":"http:\/\/www.tvturk.com\/index.php\/wp-json\/wp\/v2\/categories?post=198371"},{"taxonomy":"post_tag","embeddable":true,"href":"http:\/\/www.tvturk.com\/index.php\/wp-json\/wp\/v2\/tags?post=198371"}],"curies":[{"name":"wp","href":"https:\/\/api.w.org\/{rel}","templated":true}]}}