{"id":198373,"date":"2019-09-01T00:01:50","date_gmt":"2019-08-31T21:01:50","guid":{"rendered":"http:\/\/www.tvturk.com\/index.php\/balikcilar-vira-bismillah-dedi\/"},"modified":"2019-09-01T00:01:50","modified_gmt":"2019-08-31T21:01:50","slug":"balikcilar-vira-bismillah-dedi","status":"publish","type":"post","link":"http:\/\/www.tvturk.com\/index.php\/balikcilar-vira-bismillah-dedi\/","title":{"rendered":"Bal\u0131k\u00e7\u0131lar \u2018Vira Bismillah\u2019 dedi"},"content":{"rendered":"<p>Ordu\u2019nun Fatsa il\u00e7esinde haz\u0131rl\u0131klar\u0131n\u0131 tamamlayan bal\u0131k\u00e7\u0131lar \u2019Vira Bismillah\u2019 diyerek limandan denize a\u00e7\u0131ld\u0131.<\/p>\n<p>Yal\u0131k\u00f6y Mahallesi\u2019nde bulunan bal\u0131k\u00e7\u0131lar da ailelerine veda ederek limandan denize a\u00e7\u0131larak sezonu a\u00e7t\u0131.<\/p>\n<p>Yeni sezonu umutla a\u00e7t\u0131klar\u0131n\u0131 ifade eden Bal\u0131k\u00e7\u0131 H\u00fcseyin Ayd\u0131n, \u201cMesle\u011fimiz dedemizden geliyor ve 5 ku\u015fakt\u0131r bal\u0131k\u00e7\u0131l\u0131\u011fa devam ediyoruz. Kazanc\u0131m\u0131z\u0131 bal\u0131k\u00e7\u0131l\u0131k ile sa\u011fl\u0131yoruz. Tayfalar\u0131m\u0131z bize g\u00fcvendiler ve umut ediyoruz ki g\u00fczel bir sezon ge\u00e7iririz. Teknelerimizi haz\u0131rlad\u0131k ve r\u0131zk\u0131m\u0131z\u0131n pe\u015finde denizde olaca\u011f\u0131z. Umut avc\u0131l\u0131\u011f\u0131 yap\u0131yoruz. \u0130lk tespitlerimiz denizde bal\u0131\u011f\u0131n \u00e7ok olmamas\u0131 fakat bu bizim \u015fevkimizi k\u0131rm\u0131yor. \u00dclkemizin her yerinde av yapaca\u011f\u0131z. Bu y\u0131l hamsi av\u0131ndan umutluyuz. Tespitlerimiz bu y\u00f6nde. Hamsiden umutluyuz. Ge\u00e7en y\u0131l bol palamut av\u0131 yapt\u0131k fakat bu y\u0131l palamut \u00e7ok yok gibi. Biz nasibimizi denizlerde arayaca\u011f\u0131z. Vatanda\u015flar\u0131m\u0131za taze ve ucuz bal\u0131\u011f\u0131 yedirtmektir\u201d dedi.<\/p>\n<p>Hamsinin bu y\u0131l \u00e7ok olaca\u011f\u0131n\u0131 belirten Yasin Mollao\u011flu ise, \u201cPalamut av\u0131 \u00e7ok ge\u00e7 olacak gibi g\u00f6z\u00fck\u00fcyor. Ge\u00e7ti\u011fimiz y\u0131l gibi bol olmayacak. Aksine hamsi \u00e7ok g\u00f6z\u00fck\u00fcyor. Tespitlerimiz bu y\u00f6nde. Bizler ailelerimizi karada b\u0131rak\u0131p \u00fclkemizin her yerinde olaca\u011f\u0131z. Hamsi Marmara ve Karadeniz b\u00f6lgesinde \u00e7ok g\u00f6z\u00fck\u00fcyor. T\u00fcm bal\u0131k\u00e7\u0131lar\u0131m\u0131za hay\u0131rl\u0131 sezonlar diliyorum\u201d \u015feklinde konu\u015ftu.<\/p>\n<p>Yal\u0131k\u00f6y Liman\u0131\u2019na bal\u0131k\u00e7\u0131lar\u0131 u\u011furlamaya ge\u00e7en Fatsa Belediye Ba\u015fkan\u0131 \u0130brahim Etem Kibar ise, \u201cBal\u0131k\u00e7\u0131lar\u0131m\u0131z\u0131n sezonu a\u00e7\u0131ld\u0131 ve onlar\u0131 bug\u00fcn\u00fcnde denize u\u011furlamak istedik. Hepsine i\u015flerinde kolayl\u0131klar\u0131 diliyorum. Av yasa\u011f\u0131 bitti ve bal\u0131k\u00e7\u0131lar\u0131m\u0131z Vira Bismillah diyerek sezonu a\u00e7t\u0131lar. T\u00fcm bal\u0131k\u00e7\u0131 karde\u015flerime hay\u0131rl\u0131 ve bol kazan\u00e7l\u0131 sezonlar diliyorum\u201d diye konu\u015ftu.<\/p>\n<p>Bal\u0131k\u00e7\u0131 tekneleri kornalar \u00e7alarak limandan demirlerini ald\u0131lar ve nasiplerini aramak i\u00e7in denize a\u00e7\u0131ld\u0131lar.<\/p>\n","protected":false},"excerpt":{"rendered":"<p>ORDU\u2019NUN FATSA \u0130L\u00c7ES\u0130NDE HAZIRLIKLARINI TAMAMLAYAN BALIK\u00c7ILAR \u2019V\u0130RA B\u0130SM\u0130LLAH\u2019 D\u0130YEREK L\u0130MANDAN DEN\u0130ZE A\u00c7ILDI.<\/p>\n","protected":false},"author":1,"featured_media":198374,"comment_status":"closed","ping_status":"open","sticky":false,"template":"","format":"standard","meta":{"jetpack_post_was_ever_published":false,"_jetpack_newsletter_access":"","_jetpack_dont_email_post_to_subs":false,"_jetpack_newsletter_tier_id":0,"_jetpack_memberships_contains_paywalled_content":false,"_jetpack_memberships_contains_paid_content":false,"footnotes":"","jetpack_publicize_message":"","jetpack_publicize_feature_enabled":true,"jetpack_social_post_already_shared":true,"jetpack_social_options":{"image_generator_settings":{"template":"highway","default_image_id":0,"font":"","enabled":false},"version":2}},"categories":[1],"tags":[45149,6537,45150,1903],"class_list":["post-198373","post","type-post","status-publish","format-standard","has-post-thumbnail","hentry","category-genel","tag-vira","tag-balikcilar","tag-bismillah","tag-dedi"],"jetpack_publicize_connections":[],"jetpack_featured_media_url":"https:\/\/i0.wp.com\/www.tvturk.com\/wp-content\/uploads\/2019\/09\/balikcilar-vira-bismillah-dedi_59ad045.jpg?fit=1000%2C666","jetpack_sharing_enabled":true,"jetpack_shortlink":"https:\/\/wp.me\/paKIfm-PBz","_links":{"self":[{"href":"http:\/\/www.tvturk.com\/index.php\/wp-json\/wp\/v2\/posts\/198373","targetHints":{"allow":["GET"]}}],"collection":[{"href":"http:\/\/www.tvturk.com\/index.php\/wp-json\/wp\/v2\/posts"}],"about":[{"href":"http:\/\/www.tvturk.com\/index.php\/wp-json\/wp\/v2\/types\/post"}],"author":[{"embeddable":true,"href":"http:\/\/www.tvturk.com\/index.php\/wp-json\/wp\/v2\/users\/1"}],"replies":[{"embeddable":true,"href":"http:\/\/www.tvturk.com\/index.php\/wp-json\/wp\/v2\/comments?post=198373"}],"version-history":[{"count":0,"href":"http:\/\/www.tvturk.com\/index.php\/wp-json\/wp\/v2\/posts\/198373\/revisions"}],"wp:featuredmedia":[{"embeddable":true,"href":"http:\/\/www.tvturk.com\/index.php\/wp-json\/wp\/v2\/media\/198374"}],"wp:attachment":[{"href":"http:\/\/www.tvturk.com\/index.php\/wp-json\/wp\/v2\/media?parent=198373"}],"wp:term":[{"taxonomy":"category","embeddable":true,"href":"http:\/\/www.tvturk.com\/index.php\/wp-json\/wp\/v2\/categories?post=198373"},{"taxonomy":"post_tag","embeddable":true,"href":"http:\/\/www.tvturk.com\/index.php\/wp-json\/wp\/v2\/tags?post=198373"}],"curies":[{"name":"wp","href":"https:\/\/api.w.org\/{rel}","templated":true}]}}