{"id":198395,"date":"2019-09-01T02:01:39","date_gmt":"2019-08-31T23:01:39","guid":{"rendered":"http:\/\/www.tvturk.com\/index.php\/cumhurbaskani-erdogan-balikcilarla-beraber-vira-bismillah-dedi\/"},"modified":"2019-09-01T02:01:39","modified_gmt":"2019-08-31T23:01:39","slug":"cumhurbaskani-erdogan-balikcilarla-beraber-vira-bismillah-dedi","status":"publish","type":"post","link":"http:\/\/www.tvturk.com\/index.php\/cumhurbaskani-erdogan-balikcilarla-beraber-vira-bismillah-dedi\/","title":{"rendered":"Cumhurba\u015fkan\u0131 Erdo\u011fan bal\u0131k\u00e7\u0131larla beraber \u2019Vira Bismillah\u2019 dedi"},"content":{"rendered":"<p>Denizlerdeki bal\u0131k pop\u00fclasyonunu koruyabilmek amac\u0131yla 15 Nisan da ba\u015flayan av yasa\u011f\u0131 bu gece yar\u0131s\u0131 itibariyle sona erdi.Cumhurba\u015fkan\u0131 Erdo\u011fan\u2019\u0131n kat\u0131ld\u0131\u011f\u0131 t\u00f6renle bal\u0131k\u00e7\u0131lar dualar e\u015fli\u011finde av sezonuna ba\u015flad\u0131.<\/p>\n<p>Cumhurba\u015fkan\u0131 Erdo\u011fan: D\u00fcnya\u2019n\u0131n en g\u00fczel konumlar\u0131ndan birisine sahibiz<\/p>\n<p>15 Nisan da ba\u015flayan su \u00fcr\u00fcnleri av yasa\u011f\u0131 1 Eyl\u00fcl gece yar\u0131s\u0131 24.00 itibariyle sona erdi. Tekneleriyle a\u00e7\u0131larak av sezonuna ba\u015flayacak olan bal\u0131k\u00e7\u0131lara Beykoz il\u00e7esi Poyrazk\u00f6y Mahallesi\u2019nde bulunan bal\u0131k bar\u0131na\u011f\u0131nda Cumhurba\u015fkan\u0131 Recep Tayyip Erdo\u011fan ile birlikte Tar\u0131m ve Orman Bakan\u0131 Bekir Pakdemirli de e\u015flik etti. Ayr\u0131ca d\u00fczenlenen programa Beykoz Belediye Ba\u015fkan\u0131 Murat Ayd\u0131n, 24,25 ve 26\u2019nc\u0131 d\u00f6nemde AK Parti Samsun Milletvekilli\u011fi ve 61\u2019inci h\u00fck\u00fcmette Gen\u00e7lik ve Spor Bakanl\u0131\u011f\u0131n\u0131 g\u00f6revini \u00fcstlenen Akif \u00c7a\u011fatay K\u0131l\u0131\u00e7 ile AK Parti \u0130stanbul Milletvekili Fatma Bet\u00fcl Sayan Kaya da kat\u0131ld\u0131. Alanda bulunan vatanda\u015flara seslenen Cumhurba\u015fkan\u0131 Erdo\u011fan, \u201c\u0130n\u015fallah bu geceden itibaren bal\u0131k\u00e7\u0131lar\u0131m\u0131z \u2018Vira Bismillah\u2019 diyerek denizlere a\u00e7\u0131lacak, \u00f6n\u00fcm\u00fczdeki yedi bu\u00e7uk ay boyunca r\u0131z\u0131klar\u0131n\u0131 arayacak. Sizlerin \u015fahs\u0131nda t\u00fcm bal\u0131k\u00e7\u0131 karde\u015flerimize mevladan bereketli ve ba\u015far\u0131l\u0131 bir sezon diliyorum. A\u011flar\u0131n\u0131z\u0131n her zaman dolu gelmesini temenni ediyorum. Biz \u00fc\u00e7 taraf\u0131 denizlerle \u00e7evrili bir \u00fclkeyiz, iklim ve co\u011frafi olarak D\u00fcnya\u2019n\u0131n en g\u00fczel konumlar\u0131ndan birisine sahibiz. Deniz, do\u011fal g\u00f6l, baraj g\u00f6l\u00fc ve g\u00f6let olmak \u00fczere 26 milyon hektar su y\u00fczey alan\u0131m\u0131z var, denizlerimizde 500, i\u00e7 sular\u0131m\u0131zda 370 bal\u0131k t\u00fcr\u00fc bulunuyor. Bu t\u00fcrlerden yakla\u015f\u0131k 100\u2019\u00fcn\u00fcn de ticari avc\u0131l\u0131\u011f\u0131 yap\u0131l\u0131yor. Su \u00fcr\u00fcnleri sekt\u00f6r\u00fc 53 bin ki\u015fiye do\u011frudan, 250 bin ki\u015fiye dolayl\u0131 istihdam sa\u011fl\u0131yor. Allah\u2019a hamd olsun her sene 600-700 bin ton civar\u0131nda su \u00fcr\u00fcn\u00fc elde ediyoruz\u201d dedi.<\/p>\n<p>Cumhurba\u015fkan\u0131 Erdo\u011fan bal\u0131k\u00e7\u0131lara m\u00fcjdeyi verdi<\/p>\n<p>Beykoz\u2019un Poyrazk\u00f6y mahallesinde bulunan bal\u0131k\u00e7\u0131 bar\u0131na\u011f\u0131nda d\u00fczenlenen 2019-2020 Su \u00fcr\u00fcnleri av sezonu a\u00e7\u0131l\u0131\u015f\u0131na kat\u0131lan Cumhurba\u015fkan\u0131 Recep Tayyip Erdo\u011fan, \u201cSiz bal\u0131k\u00e7\u0131lar\u0131m\u0131z\u0131n hasretle bekledi\u011fi, su \u00fcr\u00fcnleri kanunundaki de\u011fi\u015fikli\u011fi teknik d\u00fczeyde tamamlad\u0131k. Meclisimizin a\u00e7\u0131lmas\u0131yla beraber Milletvekillerimiz, az \u00f6nce Bakan\u0131m\u0131z\u0131 dinlediniz, gerekli yasa teklifini parlamentomuza sunacaklard\u0131r. Tar\u0131m ve Orman Bakanl\u0131\u011f\u0131m\u0131z, so\u011fuk hava depolar\u0131na, bal\u0131k i\u015fleme ve muhafaza tesislerine y\u00f6nelik hibeler veriyor. 12 metreden k\u00fc\u00e7\u00fck boyda gemisi olan on bin k\u0131y\u0131 bal\u0131k\u00e7\u0131m\u0131z\u0131 2017\u2019den itibaren destek kapsam\u0131na ald\u0131k ve 21 milyon lira \u00f6deme yapt\u0131k. Karde\u015flerim bu vesileyle \u00e7ok \u00f6nemli bir hususa de\u011finmekte fayda g\u00f6r\u00fcyorum\u201d a\u00e7\u0131klamas\u0131n\u0131 yapt\u0131.<\/p>\n<p>Cumhurba\u015fkan\u0131 Erdo\u011fan\u2019a en sevdi\u011fi bal\u0131k soruldu<\/p>\n<p>Su \u00fcr\u00fcnleri av sezonu a\u00e7\u0131l\u0131\u015f\u0131na kat\u0131lan Cumhurba\u015fkan\u0131 Erdo\u011fan\u2019a gazeteciler \u2018en sevdi\u011fi bal\u0131\u011f\u0131 sordu\u2019 Erdo\u011fan, \u201cBal\u0131kta do\u011frusu ben Mezgit\u2019i \u00e7ok severim ama tabi ehlinin elinden tava mezgit s\u00fcper tavsiye ederim, hamsi tava s\u00fcper, merhum anam \u00e7ok iyi yapard\u0131. \u015eimdi de tabi iyi yapan oldu\u011fu zaman hamsi tava hele hele bir de m\u0131s\u0131r unuyla oldu\u011fu zaman bamba\u015fkad\u0131r\u201d dedi. Bal\u0131k\u00e7\u0131lardan denizdeki \u00fcr\u00fcnler hakk\u0131nda detayl\u0131 bilgi alan Cumhurba\u015fkan\u0131 Erdo\u011fan, \u201cBiz Allah\u2019tan gelene eyvallah diyoruz. Orkinos\u2019a bak, biz bunu ne yap\u0131yoruz, kendimiz yemiyoruz ihra\u00e7 ediyoruz bir de tabi Orkinos\u2019ta bizim konserve olay\u0131m\u0131z baya iyi ve Orkinos\u2019un da konserve olan\u0131 s\u00fcper, yolculuklarda falan tavsiye ederim\u201d ifadelerini kullan\u0131rken bal\u0131k yeti\u015ftiricili\u011finin turizme yans\u0131mas\u0131n\u0131 da de\u011ferlendirdi, Tar\u0131m ve Orman Bakan\u0131 Pakdemirli\u2019den konuyla ilgili bilgi alan Erdo\u011fan, bal\u0131k yeti\u015ftiricili\u011finin turizm odakl\u0131 k\u0131y\u0131lardan uzak olmas\u0131 gerekti\u011fini belirterek, \u201cNe kadar uzak olursak turizmi de o kadar koruma alt\u0131na alm\u0131\u015f oluruz\u201d dedi.<\/p>\n<p>Bakan Pakdemirli hedeflerini a\u00e7\u0131klad\u0131<\/p>\n<p>Poyrazk\u00f6y bal\u0131k\u00e7\u0131 bar\u0131na\u011f\u0131nda d\u00fczenlenen etkinlikte konu\u015fan Beykoz Belediye Ba\u015fkan\u0131 Murat Ayd\u0131n, Cumhurba\u015fkan\u0131 Erdo\u011fan\u2019a kat\u0131l\u0131mlar\u0131ndan dolay\u0131 te\u015fekk\u00fcr etti. Alan\u0131 dolduran kalabal\u0131\u011fa seslenen Tar\u0131m ve Orman Bakan\u0131 Bekir Pakdemirli, \u201cBu avc\u0131l\u0131k sezonun bereketli ge\u00e7mesini temenni ederim. Bakanl\u0131\u011f\u0131m\u0131z\u0131n su \u00fcr\u00fcnleriyle ilgili ana hedefi deniz ve i\u00e7 sulardaki su \u00fcr\u00fcnleri stoklar\u0131m\u0131z\u0131 koruma ve kullanma dengesi g\u00f6zeterek avc\u0131l\u0131\u011f\u0131n s\u00fcrd\u00fcr\u00fclebilirli\u011fini sa\u011flamakt\u0131r. Ba\u015fta biz y\u00f6neticiler olmak \u00fczere, bilim insanlar\u0131 ile ge\u00e7imini bu kaynaklardan temin eden sizleri, hep birlikte biyolojik kaynaklar\u0131n \u00e7e\u015fitlili\u011finin devam\u0131ndan ve s\u00fcrd\u00fcr\u00fclebilir i\u015fletiminden sorumluyuz. Bunun i\u00e7in i\u015f birli\u011fi ve g\u00fc\u00e7 birli\u011fi yapmak zorunday\u0131z. Unutmayal\u0131m ki do\u011fal kaynaklar\u0131m\u0131z gelecek nesillere aktaraca\u011f\u0131m\u0131z emanettir\u201d ifadelerini kulland\u0131.<\/p>\n<p>Cumhurba\u015fkan\u0131 Erdo\u011fan Kalkan bal\u0131\u011f\u0131 yavrular\u0131n\u0131 denize b\u0131rakt\u0131<\/p>\n<p>Poyrazk\u00f6y Bal\u0131k\u00e7\u0131 Bar\u0131na\u011f\u0131\u2019nda ger\u00e7ekle\u015ftirilen etkinlikte vatanda\u015flara seslenen Cumhurba\u015fkan\u0131 Recep Tayyip Erdo\u011fan ve beraberindeki heyet, denize sembolik olarak kalkan bal\u0131\u011f\u0131 yavrular\u0131n\u0131 b\u0131rakt\u0131. Bu s\u0131rada bir tekneden kendisine seslenen bal\u0131k\u00e7\u0131yla sohbet eden Erdo\u011fan, gemiye \u00e7\u0131k\u0131p bal\u0131k\u00e7\u0131lara ba\u015far\u0131lar diledikten sonra alandan ayr\u0131ld\u0131.<\/p>\n","protected":false},"excerpt":{"rendered":"<p>ERDO\u011eAN<\/p>\n","protected":false},"author":1,"featured_media":198396,"comment_status":"closed","ping_status":"open","sticky":false,"template":"","format":"standard","meta":{"jetpack_post_was_ever_published":false,"_jetpack_newsletter_access":"","_jetpack_dont_email_post_to_subs":false,"_jetpack_newsletter_tier_id":0,"_jetpack_memberships_contains_paywalled_content":false,"_jetpack_memberships_contains_paid_content":false,"footnotes":"","jetpack_publicize_message":"","jetpack_publicize_feature_enabled":true,"jetpack_social_post_already_shared":true,"jetpack_social_options":{"image_generator_settings":{"template":"highway","default_image_id":0,"font":"","enabled":false},"version":2}},"categories":[1],"tags":[45149,49849,9328,45150,503,1903,649],"class_list":["post-198395","post","type-post","status-publish","format-standard","has-post-thumbnail","hentry","category-genel","tag-vira","tag-balikcilarla","tag-beraber","tag-bismillah","tag-cumhurbaskani","tag-dedi","tag-erdogan"],"jetpack_publicize_connections":[],"jetpack_featured_media_url":"https:\/\/i0.wp.com\/www.tvturk.com\/wp-content\/uploads\/2019\/09\/cumhurbaskani-erdogan-balikcilarla-beraber-vira-bismillah-dedi_d4b96d8.jpg?fit=1000%2C750","jetpack_sharing_enabled":true,"jetpack_shortlink":"https:\/\/wp.me\/paKIfm-PBV","_links":{"self":[{"href":"http:\/\/www.tvturk.com\/index.php\/wp-json\/wp\/v2\/posts\/198395","targetHints":{"allow":["GET"]}}],"collection":[{"href":"http:\/\/www.tvturk.com\/index.php\/wp-json\/wp\/v2\/posts"}],"about":[{"href":"http:\/\/www.tvturk.com\/index.php\/wp-json\/wp\/v2\/types\/post"}],"author":[{"embeddable":true,"href":"http:\/\/www.tvturk.com\/index.php\/wp-json\/wp\/v2\/users\/1"}],"replies":[{"embeddable":true,"href":"http:\/\/www.tvturk.com\/index.php\/wp-json\/wp\/v2\/comments?post=198395"}],"version-history":[{"count":0,"href":"http:\/\/www.tvturk.com\/index.php\/wp-json\/wp\/v2\/posts\/198395\/revisions"}],"wp:featuredmedia":[{"embeddable":true,"href":"http:\/\/www.tvturk.com\/index.php\/wp-json\/wp\/v2\/media\/198396"}],"wp:attachment":[{"href":"http:\/\/www.tvturk.com\/index.php\/wp-json\/wp\/v2\/media?parent=198395"}],"wp:term":[{"taxonomy":"category","embeddable":true,"href":"http:\/\/www.tvturk.com\/index.php\/wp-json\/wp\/v2\/categories?post=198395"},{"taxonomy":"post_tag","embeddable":true,"href":"http:\/\/www.tvturk.com\/index.php\/wp-json\/wp\/v2\/tags?post=198395"}],"curies":[{"name":"wp","href":"https:\/\/api.w.org\/{rel}","templated":true}]}}