{"id":198399,"date":"2019-09-01T02:31:22","date_gmt":"2019-08-31T23:31:22","guid":{"rendered":"http:\/\/www.tvturk.com\/index.php\/tekirdagli-balikcilar-vira-bismillah-dedi\/"},"modified":"2019-09-01T02:31:22","modified_gmt":"2019-08-31T23:31:22","slug":"tekirdagli-balikcilar-vira-bismillah-dedi","status":"publish","type":"post","link":"http:\/\/www.tvturk.com\/index.php\/tekirdagli-balikcilar-vira-bismillah-dedi\/","title":{"rendered":"Tekirda\u011fl\u0131 bal\u0131k\u00e7\u0131lar \u2018Vira bismillah\u2019 dedi"},"content":{"rendered":"<p>Tekirda\u011f\u2019da 2019-2020 av sezonunun a\u00e7\u0131l\u0131\u015f\u0131 nedeniyle Kumba\u011f Mahallesi\u2019ndeki bal\u0131k\u00e7\u0131 bar\u0131na\u011f\u0131nda d\u00fczenlenen t\u00f6rende bal\u0131k\u00e7\u0131lar \u2018Vira bismillah\u2019 dedi. .<\/p>\n<p>2019-2010 av sezonunu nedeniyle Tekirda\u011f\u2019\u0131n merkez il\u00e7esi S\u00fcleymanpa\u015fa\u2019ya ba\u011fl\u0131 Kumba\u011f mahallesi Bal\u0131k\u00e7\u0131 Bar\u0131na\u011f\u0131nda t\u00f6ren d\u00fczenlendi.  T\u00f6rene \u00e7ok say\u0131da bal\u0131k\u00e7\u0131 ve yetkililer kat\u0131ld\u0131.<\/p>\n<p>Av yasa\u011f\u0131n\u0131n sona ermesi nedeniyle d\u00fczenlenen t\u00f6ren kapsam\u0131nda bal\u0131k\u00e7\u0131 tekneleri havai fi\u015fekler e\u015fli\u011finde Marmara Denizi\u2019ne a\u00e7\u0131ld\u0131.<\/p>\n","protected":false},"excerpt":{"rendered":"<p>TEK\u0130RDA\u011e\u2019DA 2019-2020 AV SEZONUNUN A\u00c7ILI\u015eI NEDEN\u0130YLE KUMBA\u011e MAHALLES\u0130&#8217;NDEK\u0130 BALIK\u00c7I BARINA\u011eINDA D\u00dcZENLENEN T\u00d6RENDE BALIK\u00c7ILAR \u2018V\u0130RA B\u0130SM\u0130LLAH\u2019 DED\u0130. .<\/p>\n","protected":false},"author":1,"featured_media":198400,"comment_status":"closed","ping_status":"open","sticky":false,"template":"","format":"standard","meta":{"jetpack_post_was_ever_published":false,"_jetpack_newsletter_access":"","_jetpack_dont_email_post_to_subs":false,"_jetpack_newsletter_tier_id":0,"_jetpack_memberships_contains_paywalled_content":false,"_jetpack_memberships_contains_paid_content":false,"footnotes":"","jetpack_publicize_message":"","jetpack_publicize_feature_enabled":true,"jetpack_social_post_already_shared":true,"jetpack_social_options":{"image_generator_settings":{"template":"highway","default_image_id":0,"font":"","enabled":false},"version":2}},"categories":[1],"tags":[45149,6537,45150,1903,13327],"class_list":["post-198399","post","type-post","status-publish","format-standard","has-post-thumbnail","hentry","category-genel","tag-vira","tag-balikcilar","tag-bismillah","tag-dedi","tag-tekirdagli"],"jetpack_publicize_connections":[],"jetpack_featured_media_url":"https:\/\/i0.wp.com\/www.tvturk.com\/wp-content\/uploads\/2019\/09\/tekirdagli-balikcilar-vira-bismillah-dedi_d7e04a4.jpg?fit=1000%2C666","jetpack_sharing_enabled":true,"jetpack_shortlink":"https:\/\/wp.me\/paKIfm-PBZ","_links":{"self":[{"href":"http:\/\/www.tvturk.com\/index.php\/wp-json\/wp\/v2\/posts\/198399","targetHints":{"allow":["GET"]}}],"collection":[{"href":"http:\/\/www.tvturk.com\/index.php\/wp-json\/wp\/v2\/posts"}],"about":[{"href":"http:\/\/www.tvturk.com\/index.php\/wp-json\/wp\/v2\/types\/post"}],"author":[{"embeddable":true,"href":"http:\/\/www.tvturk.com\/index.php\/wp-json\/wp\/v2\/users\/1"}],"replies":[{"embeddable":true,"href":"http:\/\/www.tvturk.com\/index.php\/wp-json\/wp\/v2\/comments?post=198399"}],"version-history":[{"count":0,"href":"http:\/\/www.tvturk.com\/index.php\/wp-json\/wp\/v2\/posts\/198399\/revisions"}],"wp:featuredmedia":[{"embeddable":true,"href":"http:\/\/www.tvturk.com\/index.php\/wp-json\/wp\/v2\/media\/198400"}],"wp:attachment":[{"href":"http:\/\/www.tvturk.com\/index.php\/wp-json\/wp\/v2\/media?parent=198399"}],"wp:term":[{"taxonomy":"category","embeddable":true,"href":"http:\/\/www.tvturk.com\/index.php\/wp-json\/wp\/v2\/categories?post=198399"},{"taxonomy":"post_tag","embeddable":true,"href":"http:\/\/www.tvturk.com\/index.php\/wp-json\/wp\/v2\/tags?post=198399"}],"curies":[{"name":"wp","href":"https:\/\/api.w.org\/{rel}","templated":true}]}}