{"id":198401,"date":"2019-09-01T05:31:26","date_gmt":"2019-09-01T02:31:26","guid":{"rendered":"http:\/\/www.tvturk.com\/index.php\/yasak-sona-erdi-balikcilar-vira-bismillah-dedi\/"},"modified":"2019-09-01T05:31:26","modified_gmt":"2019-09-01T02:31:26","slug":"yasak-sona-erdi-balikcilar-vira-bismillah-dedi","status":"publish","type":"post","link":"http:\/\/www.tvturk.com\/index.php\/yasak-sona-erdi-balikcilar-vira-bismillah-dedi\/","title":{"rendered":"Yasak sona erdi bal\u0131k\u00e7\u0131lar &#8220;Vira Bismillah&#8221; dedi"},"content":{"rendered":"<p>\u0130STANBUL (\u0130HA) 15 Nisan\u2019da ba\u015flayan avlanma yasa\u011f\u0131 bu gece sona erdi. Silivrili bal\u0131k\u00e7\u0131lar saat 00.00\u2019\u0131 g\u00f6sterdi\u011finde yeni sezonun ilk bal\u0131k av\u0131 i\u00e7in \u2019Vira Bismillah\u2019 dedi<\/p>\n<p>15 Nisan\u2019da ba\u015flayan avlanma yasa\u011f\u0131 bu gece sona erdi. Silivrili bal\u0131k\u00e7\u0131larMarmaradenizine a\u00e7\u0131larak k\u0131smetlerini arad\u0131. Avlanma yasa\u011f\u0131 sebebiyle Nisan ay\u0131ndan bu yana denize avlanmaya \u00e7\u0131kamayan bal\u0131k\u00e7\u0131lar d\u00fcn gece itibariyle t\u00fcm haz\u0131rl\u0131klar\u0131n\u0131 tamamlayarak avlanmaya \u00e7\u0131kt\u0131.<\/p>\n<p>Silivri belediye ba\u015fkan\u0131 Volkan Y\u0131lmaz,sezonun ilk  seferlerinde Silivri liman\u0131ndan hareket edecek bal\u0131k\u00e7\u0131lara hay\u0131rl\u0131 i\u015fler,bol bereketli bir sezon ge\u00e7irmelerini dileyerek bal\u0131k\u00e7\u0131larda adet olan nar patlatt\u0131.<\/p>\n<p>\u0130lk gecenin sonunda olduk\u00e7a verimli bir av oldu\u011funu belirten bal\u0131k\u00e7\u0131lar Silivrili liman\u0131na yana\u015farak sat\u0131\u015fa sunulmak \u00fczere k\u0131y\u0131da bekleyen ara\u00e7lara avlad\u0131klar\u0131 bal\u0131klar\u0131 y\u00fckledi.<\/p>\n","protected":false},"excerpt":{"rendered":"<p>YASAK SONA ERD\u0130 BALIK\u00c7ILAR &#8220;V\u0130RA B\u0130SM\u0130LLAH&#8221; DED\u0130<\/p>\n","protected":false},"author":1,"featured_media":198402,"comment_status":"closed","ping_status":"open","sticky":false,"template":"","format":"standard","meta":{"jetpack_post_was_ever_published":false,"_jetpack_newsletter_access":"","_jetpack_dont_email_post_to_subs":false,"_jetpack_newsletter_tier_id":0,"_jetpack_memberships_contains_paywalled_content":false,"_jetpack_memberships_contains_paid_content":false,"footnotes":"","jetpack_publicize_message":"","jetpack_publicize_feature_enabled":true,"jetpack_social_post_already_shared":true,"jetpack_social_options":{"image_generator_settings":{"template":"highway","default_image_id":0,"font":"","enabled":false},"version":2}},"categories":[1],"tags":[45149,6537,45150,1903,793,792,1171],"class_list":["post-198401","post","type-post","status-publish","format-standard","has-post-thumbnail","hentry","category-genel","tag-vira","tag-balikcilar","tag-bismillah","tag-dedi","tag-erdi","tag-sona","tag-yasak"],"jetpack_publicize_connections":[],"jetpack_featured_media_url":"https:\/\/i0.wp.com\/www.tvturk.com\/wp-content\/uploads\/2019\/09\/yasak-sona-erdi-balikcilar-vira-bismillah-dedi_862d3b9.jpg?fit=1000%2C561","jetpack_sharing_enabled":true,"jetpack_shortlink":"https:\/\/wp.me\/paKIfm-PC1","_links":{"self":[{"href":"http:\/\/www.tvturk.com\/index.php\/wp-json\/wp\/v2\/posts\/198401","targetHints":{"allow":["GET"]}}],"collection":[{"href":"http:\/\/www.tvturk.com\/index.php\/wp-json\/wp\/v2\/posts"}],"about":[{"href":"http:\/\/www.tvturk.com\/index.php\/wp-json\/wp\/v2\/types\/post"}],"author":[{"embeddable":true,"href":"http:\/\/www.tvturk.com\/index.php\/wp-json\/wp\/v2\/users\/1"}],"replies":[{"embeddable":true,"href":"http:\/\/www.tvturk.com\/index.php\/wp-json\/wp\/v2\/comments?post=198401"}],"version-history":[{"count":0,"href":"http:\/\/www.tvturk.com\/index.php\/wp-json\/wp\/v2\/posts\/198401\/revisions"}],"wp:featuredmedia":[{"embeddable":true,"href":"http:\/\/www.tvturk.com\/index.php\/wp-json\/wp\/v2\/media\/198402"}],"wp:attachment":[{"href":"http:\/\/www.tvturk.com\/index.php\/wp-json\/wp\/v2\/media?parent=198401"}],"wp:term":[{"taxonomy":"category","embeddable":true,"href":"http:\/\/www.tvturk.com\/index.php\/wp-json\/wp\/v2\/categories?post=198401"},{"taxonomy":"post_tag","embeddable":true,"href":"http:\/\/www.tvturk.com\/index.php\/wp-json\/wp\/v2\/tags?post=198401"}],"curies":[{"name":"wp","href":"https:\/\/api.w.org\/{rel}","templated":true}]}}