{"id":198403,"date":"2019-09-01T06:01:29","date_gmt":"2019-09-01T03:01:29","guid":{"rendered":"http:\/\/www.tvturk.com\/index.php\/sezonun-ilk-avindan-donen-balikcilari-istanbul-valisi-ali-yerlikaya-karsiladi\/"},"modified":"2019-09-01T06:01:29","modified_gmt":"2019-09-01T03:01:29","slug":"sezonun-ilk-avindan-donen-balikcilari-istanbul-valisi-ali-yerlikaya-karsiladi","status":"publish","type":"post","link":"http:\/\/www.tvturk.com\/index.php\/sezonun-ilk-avindan-donen-balikcilari-istanbul-valisi-ali-yerlikaya-karsiladi\/","title":{"rendered":"Sezonun ilk av\u0131ndan d\u00f6nen bal\u0131k\u00e7\u0131lar\u0131, \u0130stanbul Valisi Ali Yerlikaya kar\u015f\u0131lad\u0131"},"content":{"rendered":"<p>1 Eyl\u00fcl\u2019den itibaren denizlerde avlanma sezonunun sona ermesiyle birlikte Marmara Denizine a\u00e7\u0131larak \u201cVira Bismillah\u201d diyen bal\u0131k\u00e7\u0131lar ilk avlar\u0131n\u0131 ger\u00e7ekle\u015ftirerek Beylikd\u00fcz\u00fc G\u00fcrp\u0131nar Sahili Su Haline d\u00f6nd\u00fcler. Sabah 04.00 saatlerinde d\u00f6nen bal\u0131k\u00e7\u0131lar\u0131 \u0130stanbul Valisi Ali Yerlikaya kar\u015f\u0131lad\u0131. Vali Ali Yerlikaya,  bal\u0131k pazar\u0131n\u0131 300 liradan a\u00e7t\u0131.<\/p>\n<p>Yakla\u015f\u0131k \u00fc\u00e7 bu\u00e7uk ay boyunca devam eden denizlerde avlanma yasa\u011f\u0131, 2019 &#8211; 2020 sezonunun 1 Eyl\u00fcl Gecesi ile birlikte sona erdi. Gece 12\u2019de avlanmak i\u00e7in denize a\u00e7\u0131lan bal\u0131k\u00e7\u0131lar \u201cVira Bismilah\u201d diyerek sezonun ilk av\u0131n\u0131 ger\u00e7ekle\u015ftirdiler. Bu kapsamda sezonun ilk av\u0131ndan d\u00f6nen bal\u0131k\u00e7\u0131lar\u0131 Vali Ali Yerlikaya ve beraberindeki heyet kar\u015f\u0131lad\u0131.<\/p>\n<p>Su halinde bal\u0131k\u00e7\u0131lar ile bir araya gelen Vali Ali Yerlikaya, sezonun ilk av\u0131na \u00e7\u0131karak evine ekmek g\u00f6t\u00fcren bal\u0131k\u00e7\u0131lar\u0131 tebrik ederek bol \u00fcr\u00fcnl\u00fc bir sezonun ya\u015fanmas\u0131n\u0131 temenni etti. D\u00fczenlenen programda konu\u015fan Vali Yerlikaya, \u201c D\u00fcn Say\u0131n Cumhurba\u015fkan\u0131m\u0131z, vira bismillah dedi. Ya rezzah dedi. Sezonumuzu a\u00e7t\u0131. Av sezonumuzu a\u00e7t\u0131 b\u00fct\u00fcn bal\u0131k\u00e7\u0131 karde\u015flerimizi dualarla temennilerle u\u011furlad\u0131. Bizde \u015fafak vakti buraya geldik. \u0130lk mezat\u0131 a\u00e7\u0131yoruz. Marmara\u2019n\u0131n kurusu sizi \u00e7ok \u00f6zlemi\u015f. B\u00fct\u00fcn \u0130stanbul\u2019a ilk tekneden geldi. Mezat\u0131 a\u00e7\u0131yorum. Hay\u0131rl\u0131 u\u011furlu olsun diyorum. B\u00fct\u00fcn karde\u015flerimizle isti\u015fare ettik. Bana bahane bulmay\u0131n. 300 liradan kasas\u0131n\u0131 a\u00e7\u0131yorum. Buyurun hay\u0131rl\u0131 olsun alana, satana. \u201c ifadelerini kulland\u0131.<\/p>\n<p>Program daha sonra dua edilmesi ve ikramlar\u0131n yap\u0131lmas\u0131 ile sona erdi.<\/p>\n","protected":false},"excerpt":{"rendered":"<p>1 EYL\u00dcL\u2019DEN \u0130T\u0130BAREN DEN\u0130ZLERDE AVLANMA SEZONUNUN SONA ERMES\u0130YLE B\u0130RL\u0130KTE MARMARA DEN\u0130Z\u0130NE A\u00c7ILARAK \u201cV\u0130RA B\u0130SM\u0130LLAH\u201d D\u0130YEN BALIK\u00c7ILAR \u0130LK AVLARINI GER\u00c7EKLE\u015eT\u0130REREK BEYL\u0130KD\u00dcZ\u00dc G\u00dcRPINAR SAH\u0130L\u0130 SU HAL\u0130NE D\u00d6ND\u00dcLER. SABAH 04.00 SAATLER\u0130NDE D\u00d6NEN BALIK\u00c7ILARI \u0130STANBUL VAL\u0130S\u0130 AL\u0130 YERL\u0130KAYA KAR\u015eILADI. VAL\u0130 AL\u0130 YERL\u0130KAYA,  BALIK PAZARINI 300 L\u0130RADAN A\u00c7TI.<\/p>\n","protected":false},"author":1,"featured_media":198404,"comment_status":"closed","ping_status":"open","sticky":false,"template":"","format":"standard","meta":{"jetpack_post_was_ever_published":false,"_jetpack_newsletter_access":"","_jetpack_dont_email_post_to_subs":false,"_jetpack_newsletter_tier_id":0,"_jetpack_memberships_contains_paywalled_content":false,"_jetpack_memberships_contains_paid_content":false,"footnotes":"","jetpack_publicize_message":"","jetpack_publicize_feature_enabled":true,"jetpack_social_post_already_shared":true,"jetpack_social_options":{"image_generator_settings":{"template":"highway","default_image_id":0,"font":"","enabled":false},"version":2}},"categories":[1],"tags":[625,49850,32061,6581,37,730,13836,26900,639,3340],"class_list":["post-198403","post","type-post","status-publish","format-standard","has-post-thumbnail","hentry","category-genel","tag-ali","tag-avindan","tag-balikcilari","tag-donen","tag-ilk","tag-istanbul","tag-karsiladi","tag-sezonun","tag-valisi","tag-yerlikaya"],"jetpack_publicize_connections":[],"jetpack_featured_media_url":"https:\/\/i0.wp.com\/www.tvturk.com\/wp-content\/uploads\/2019\/09\/sezonun-ilk-avindan-donen-balikcilari-istanbul-valisi-ali-yerlikaya-karsiladi_f544c73.jpg?fit=1000%2C664","jetpack_sharing_enabled":true,"jetpack_shortlink":"https:\/\/wp.me\/paKIfm-PC3","_links":{"self":[{"href":"http:\/\/www.tvturk.com\/index.php\/wp-json\/wp\/v2\/posts\/198403","targetHints":{"allow":["GET"]}}],"collection":[{"href":"http:\/\/www.tvturk.com\/index.php\/wp-json\/wp\/v2\/posts"}],"about":[{"href":"http:\/\/www.tvturk.com\/index.php\/wp-json\/wp\/v2\/types\/post"}],"author":[{"embeddable":true,"href":"http:\/\/www.tvturk.com\/index.php\/wp-json\/wp\/v2\/users\/1"}],"replies":[{"embeddable":true,"href":"http:\/\/www.tvturk.com\/index.php\/wp-json\/wp\/v2\/comments?post=198403"}],"version-history":[{"count":0,"href":"http:\/\/www.tvturk.com\/index.php\/wp-json\/wp\/v2\/posts\/198403\/revisions"}],"wp:featuredmedia":[{"embeddable":true,"href":"http:\/\/www.tvturk.com\/index.php\/wp-json\/wp\/v2\/media\/198404"}],"wp:attachment":[{"href":"http:\/\/www.tvturk.com\/index.php\/wp-json\/wp\/v2\/media?parent=198403"}],"wp:term":[{"taxonomy":"category","embeddable":true,"href":"http:\/\/www.tvturk.com\/index.php\/wp-json\/wp\/v2\/categories?post=198403"},{"taxonomy":"post_tag","embeddable":true,"href":"http:\/\/www.tvturk.com\/index.php\/wp-json\/wp\/v2\/tags?post=198403"}],"curies":[{"name":"wp","href":"https:\/\/api.w.org\/{rel}","templated":true}]}}