{"id":198405,"date":"2019-09-01T07:31:27","date_gmt":"2019-09-01T04:31:27","guid":{"rendered":"http:\/\/www.tvturk.com\/index.php\/marmara-denizinde-balikcilar-umdugunu-bulamadi\/"},"modified":"2019-09-01T07:31:27","modified_gmt":"2019-09-01T04:31:27","slug":"marmara-denizinde-balikcilar-umdugunu-bulamadi","status":"publish","type":"post","link":"http:\/\/www.tvturk.com\/index.php\/marmara-denizinde-balikcilar-umdugunu-bulamadi\/","title":{"rendered":"Marmara Denizi\u2019nde bal\u0131k\u00e7\u0131lar umdu\u011funu bulamad\u0131"},"content":{"rendered":"<p>1 Eyl\u00fcl av yasa\u011f\u0131n\u0131n kalmas\u0131yla birlikte \u2018Vira Bismilah\u2019 diyen bal\u0131k\u00e7\u0131lar umdu\u011funu bulamad\u0131.<\/p>\n<p>T\u00fcm T\u00fcrkiye\u2019de d\u00fcn gece 00.00 itibariyle bal\u0131k av\u0131 yasa\u011f\u0131 kalkt\u0131. Marmara Denizi\u2019nden de y\u00fczlerce bal\u0131k\u00e7\u0131 serin sulara \u2018Vira Bismillah\u2019 diyerek a\u00e7\u0131ld\u0131. Limandan havai fi\u015feklerle b\u00fc\u00fcy\u00fck co\u015fku ile ayr\u0131lan bal\u0131k\u00e7\u0131lar umdu\u011funu bulamad\u0131. A\u011flar\u0131n\u0131 denize b\u00fcy\u00fck bir gayretle b\u0131rakan bal\u0131k\u00e7\u0131lar, Marmara Denizi\u2019nde sezonun ilk gecesinde beklentilerini kar\u015f\u0131layamad\u0131.<\/p>\n<p>Bal\u0131k\u00e7\u0131lardan Ahmet Sert, ilk ak\u015fam umduklar\u0131n\u0131 bulamad\u0131klar\u0131n\u0131 dile getirerek, \u201cGe\u00e7ti\u011fimiz y\u0131llara g\u00f6re bu ak\u015famki denizde bal\u0131k oran\u0131 \u00e7ok d\u00fc\u015f\u00fckt\u00fc. Ge\u00e7en bal\u0131k inceydi ama boldu. Bu sene bal\u0131k iri ama beklenen yok. Havalardan dolay\u0131 olabilir. Bizim de endi\u015femiz var\u201d diye konu\u015ftu.<\/p>\n<p>Bal\u0131k\u00e7\u0131lar dinlendikten sonra tekrar denize a\u00e7\u0131lacak.<\/p>\n","protected":false},"excerpt":{"rendered":"<p>1 EYL\u00dcL AV YASA\u011eININ KALMASIYLA B\u0130RL\u0130KTE \u2018V\u0130RA B\u0130SM\u0130LAH\u2019 D\u0130YEN BALIK\u00c7ILAR UMDU\u011eUNU BULAMADI.<\/p>\n","protected":false},"author":1,"featured_media":198406,"comment_status":"closed","ping_status":"open","sticky":false,"template":"","format":"standard","meta":{"jetpack_post_was_ever_published":false,"_jetpack_newsletter_access":"","_jetpack_dont_email_post_to_subs":false,"_jetpack_newsletter_tier_id":0,"_jetpack_memberships_contains_paywalled_content":false,"_jetpack_memberships_contains_paid_content":false,"footnotes":"","jetpack_publicize_message":"","jetpack_publicize_feature_enabled":true,"jetpack_social_post_already_shared":true,"jetpack_social_options":{"image_generator_settings":{"template":"highway","default_image_id":0,"font":"","enabled":false},"version":2}},"categories":[1],"tags":[6537,29899,2375,6952,38323],"class_list":["post-198405","post","type-post","status-publish","format-standard","has-post-thumbnail","hentry","category-genel","tag-balikcilar","tag-bulamadi","tag-denizinde","tag-marmara","tag-umdugunu"],"jetpack_publicize_connections":[],"jetpack_featured_media_url":"https:\/\/i0.wp.com\/www.tvturk.com\/wp-content\/uploads\/2019\/09\/marmara-denizinde-balikcilar-umdugunu-bulamadi_407166e.jpg?fit=1000%2C620","jetpack_sharing_enabled":true,"jetpack_shortlink":"https:\/\/wp.me\/paKIfm-PC5","_links":{"self":[{"href":"http:\/\/www.tvturk.com\/index.php\/wp-json\/wp\/v2\/posts\/198405","targetHints":{"allow":["GET"]}}],"collection":[{"href":"http:\/\/www.tvturk.com\/index.php\/wp-json\/wp\/v2\/posts"}],"about":[{"href":"http:\/\/www.tvturk.com\/index.php\/wp-json\/wp\/v2\/types\/post"}],"author":[{"embeddable":true,"href":"http:\/\/www.tvturk.com\/index.php\/wp-json\/wp\/v2\/users\/1"}],"replies":[{"embeddable":true,"href":"http:\/\/www.tvturk.com\/index.php\/wp-json\/wp\/v2\/comments?post=198405"}],"version-history":[{"count":0,"href":"http:\/\/www.tvturk.com\/index.php\/wp-json\/wp\/v2\/posts\/198405\/revisions"}],"wp:featuredmedia":[{"embeddable":true,"href":"http:\/\/www.tvturk.com\/index.php\/wp-json\/wp\/v2\/media\/198406"}],"wp:attachment":[{"href":"http:\/\/www.tvturk.com\/index.php\/wp-json\/wp\/v2\/media?parent=198405"}],"wp:term":[{"taxonomy":"category","embeddable":true,"href":"http:\/\/www.tvturk.com\/index.php\/wp-json\/wp\/v2\/categories?post=198405"},{"taxonomy":"post_tag","embeddable":true,"href":"http:\/\/www.tvturk.com\/index.php\/wp-json\/wp\/v2\/tags?post=198405"}],"curies":[{"name":"wp","href":"https:\/\/api.w.org\/{rel}","templated":true}]}}