{"id":198413,"date":"2019-09-01T09:31:29","date_gmt":"2019-09-01T06:31:29","guid":{"rendered":"http:\/\/www.tvturk.com\/index.php\/izmirde-balik-bereketi\/"},"modified":"2019-09-01T09:31:29","modified_gmt":"2019-09-01T06:31:29","slug":"izmirde-balik-bereketi","status":"publish","type":"post","link":"http:\/\/www.tvturk.com\/index.php\/izmirde-balik-bereketi\/","title":{"rendered":"\u0130zmir\u2019de bal\u0131k bereketi"},"content":{"rendered":"<p>\u0130zmir\u2019in Buca il\u00e7esindeki bal\u0131k halinde denizlerde 15 Nisan\u2019da ba\u015flayan av yasa\u011f\u0131n\u0131n 1 Eyl\u00fcl\u2019de sona ermesiyle yeni sezonun a\u00e7\u0131l\u0131\u015f\u0131 yap\u0131ld\u0131. Esnaf, sezonun ilk av\u0131nda hem mutlu hem de \u00f6n\u00fcm\u00fczdeki g\u00fcnlerden umutlu.<\/p>\n<p>Denizlerde 15 Nisan\u2019da ba\u015flayan bal\u0131k av\u0131 yasa\u011f\u0131n\u0131n sona ermesiyle Buca\u2019daki \u0130zmir Bal\u0131k Hali\u2019nde av sezonunun ilk sabah\u0131 ger\u00e7ekle\u015ftirilen a\u00e7\u0131l\u0131\u015fa CHP \u0130zmir Milletvekili \u00d6zcan Pur\u00e7u, MHP \u0130zmir Milletvekili Tamer Osmana\u011fao\u011flu, \u0130Y\u0130 Parti Grup Ba\u015fkanvekili ve \u0130zmir Milletvekili M\u00fcsavat Dervi\u015fo\u011flu, \u0130zmir B\u00fcy\u00fck\u015fehir Belediye Ba\u015fkanvekili Nilay G\u00f6kk\u0131l\u0131\u00e7, \u0130zmir Ticaret Odas\u0131 Ba\u015fkan\u0131 Mahmut \u00d6zgener ve \u00e7ok say\u0131da vatanda\u015f kat\u0131ld\u0131. \u0130zmir Ticaret Odas\u0131 Y\u00f6netim Kurulu Ba\u015fkan\u0131 Mahmut \u00d6zgener, Cumhurba\u015fkan\u0131 Recep Tayyip Erdo\u011fan\u2019\u0131n \u0130stanbul Poyrazk\u00f6y\u2019de d\u00fczenlenen bal\u0131k sezonu a\u00e7\u0131l\u0131\u015f\u0131ndaki \u201cSu \u00dcr\u00fcnleri Kanunu\u2019ndaki de\u011fi\u015fikli\u011fi teknik d\u00fczeyde tamamlad\u0131k. Meclisimizin a\u00e7\u0131lmas\u0131yla beraber milletvekillerimiz, az \u00f6nce bakan\u0131m\u0131z\u0131 dinlediniz, gerekli yasa teklifini parlamentomuza sunacaklard\u0131r\u201d s\u00f6zlerinden dolay\u0131 te\u015fekk\u00fcrlerini ileterek konu\u015fmas\u0131na ba\u015flad\u0131. \u00d6zgener, \u201cDenizcili\u011fin ve avc\u0131l\u0131\u011f\u0131n daha s\u00fcrd\u00fcr\u00fclebilir, daha iyi yap\u0131labilir hale gelmesi i\u00e7in g\u00fcn\u00fcm\u00fcz\u00fcn ko\u015fullar\u0131na uyarlanmas\u0131n\u0131 notlar\u0131m\u0131n ba\u015f\u0131na koymu\u015ftum ama d\u00fcn ak\u015fam Say\u0131n Cumhurba\u015fkan\u0131m\u0131z bu g\u00fczel m\u00fcjdeyi \u0130stanbul\u2019da sezonun a\u00e7\u0131l\u0131\u015f konu\u015fmas\u0131nda bal\u0131k\u00e7\u0131lar ile payla\u015ft\u0131. Kanun de\u011fi\u015fikli\u011finin teklif olarak haz\u0131r oldu\u011funu ve Meclis a\u00e7\u0131l\u0131r a\u00e7\u0131lmaz parlamentoya sunulaca\u011f\u0131n\u0131 s\u00f6yledi. Ben de bu vesile ile Say\u0131n Cumhurba\u015fkan\u0131m\u0131za hem de bakan\u0131m\u0131za \u00e7ok te\u015fekk\u00fcr ediyorum. Denizi ve bal\u0131k avlamay\u0131 ne kadar sevdi\u011fimi herkes bilmeyen kalmad\u0131 diye d\u00fc\u015f\u00fcn\u00fcyorum. Bu denizler hepimize b\u00fcy\u00fck bir hazine veriyor. Bizlere ve sizlere d\u00fc\u015fen de bu hazineyi gelecek nesillere de aktaracak \u015fekilde i\u015fimizi yapmak. Allah hepinize bol kazan\u00e7lar versin\u201d dedi.<\/p>\n<p>Yeni bal\u0131k\u00e7\u0131l\u0131k sezonunun t\u00fcm \u0130zmir esnaf\u0131na hay\u0131rl\u0131 u\u011furlu olmas\u0131n\u0131 dileyen bal\u0131k\u00e7\u0131 esnaflar\u0131ndan \u00d6mer Karaburun, sezonun ilk g\u00fcn\u00fc itibari ile gece 12\u2019de a\u00e7\u0131lan teknelerin baz\u0131lar\u0131n\u0131n gelemedi\u011fini belirterek,  \u201cGelen bal\u0131klar de\u011ferini buldu. De\u011ferli satt\u0131k. Allah bereket versin. Bundan sonra da gelecek olan bal\u0131klar var. Onlar\u0131n da de\u011ferli sat\u0131laca\u011f\u0131n\u0131 d\u00fc\u015f\u00fcn\u00fcyorum. Bundan sonra da daha bol bal\u0131k olacak\u201d dedi.<\/p>\n<p>Bal\u0131k\u00e7\u0131 esnaf\u0131 \u0130smail Say\u0131l\u0131r ise, \u201cGe\u00e7en sene sezonumuz \u00e7ok g\u00fczel ge\u00e7ti fakat istedi\u011fimiz rand\u0131man\u0131 alamad\u0131k. Ama bu sezondan beklentimiz \u00e7ok fazla. \u0130n\u015fallah istedi\u011fimiz \u015fekilde olacakt\u0131r. Ben \u00f6yle tahmin ediyorum ama bal\u0131k\u00e7\u0131l\u0131k nedir bilemezsiniz. Yar\u0131n bir bal\u0131k geldi\u011fi zaman buna karar verecek olan buradaki esnaf arkada\u015flar\u0131m\u0131zd\u0131r\u201d diye konu\u015ftu.<\/p>\n<p>Bal\u0131k\u00e7\u0131 esnaflar\u0131ndan Kemal K\u00fc\u00e7\u00fck, esnafa bol bereketli g\u00fcnler dileyerek, \u201cBu sene ge\u00e7ti\u011fimiz y\u0131l kadar bir palamut beklemiyoruz ama l\u00fcfer, istavrit ve hamsiyi bol miktarda bekliyoruz. \u00d6n\u00fcm\u00fczdeki av d\u00f6neminde de bir umut g\u00f6r\u00fcyorum\u201d dedi.<\/p>\n","protected":false},"excerpt":{"rendered":"<p>\u0130ZM\u0130R\u2019\u0130N BUCA \u0130L\u00c7ES\u0130\u2019NDEK\u0130 BALIK HAL\u0130\u2019NDE YEN\u0130 SEZONUN A\u00c7ILI\u015eI YAPILDI.<\/p>\n","protected":false},"author":1,"featured_media":198414,"comment_status":"closed","ping_status":"open","sticky":false,"template":"","format":"standard","meta":{"jetpack_post_was_ever_published":false,"_jetpack_newsletter_access":"","_jetpack_dont_email_post_to_subs":false,"_jetpack_newsletter_tier_id":0,"_jetpack_memberships_contains_paywalled_content":false,"_jetpack_memberships_contains_paid_content":false,"footnotes":"","jetpack_publicize_message":"","jetpack_publicize_feature_enabled":true,"jetpack_social_post_already_shared":true,"jetpack_social_options":{"image_generator_settings":{"template":"highway","default_image_id":0,"font":"","enabled":false},"version":2}},"categories":[1],"tags":[6469,1593,1554],"class_list":["post-198413","post","type-post","status-publish","format-standard","has-post-thumbnail","hentry","category-genel","tag-balik","tag-bereketi","tag-izmirde"],"jetpack_publicize_connections":[],"jetpack_featured_media_url":"https:\/\/i0.wp.com\/www.tvturk.com\/wp-content\/uploads\/2019\/09\/izmirde-balik-bereketi_760a89d.jpg?fit=1000%2C564","jetpack_sharing_enabled":true,"jetpack_shortlink":"https:\/\/wp.me\/paKIfm-PCd","_links":{"self":[{"href":"http:\/\/www.tvturk.com\/index.php\/wp-json\/wp\/v2\/posts\/198413","targetHints":{"allow":["GET"]}}],"collection":[{"href":"http:\/\/www.tvturk.com\/index.php\/wp-json\/wp\/v2\/posts"}],"about":[{"href":"http:\/\/www.tvturk.com\/index.php\/wp-json\/wp\/v2\/types\/post"}],"author":[{"embeddable":true,"href":"http:\/\/www.tvturk.com\/index.php\/wp-json\/wp\/v2\/users\/1"}],"replies":[{"embeddable":true,"href":"http:\/\/www.tvturk.com\/index.php\/wp-json\/wp\/v2\/comments?post=198413"}],"version-history":[{"count":0,"href":"http:\/\/www.tvturk.com\/index.php\/wp-json\/wp\/v2\/posts\/198413\/revisions"}],"wp:featuredmedia":[{"embeddable":true,"href":"http:\/\/www.tvturk.com\/index.php\/wp-json\/wp\/v2\/media\/198414"}],"wp:attachment":[{"href":"http:\/\/www.tvturk.com\/index.php\/wp-json\/wp\/v2\/media?parent=198413"}],"wp:term":[{"taxonomy":"category","embeddable":true,"href":"http:\/\/www.tvturk.com\/index.php\/wp-json\/wp\/v2\/categories?post=198413"},{"taxonomy":"post_tag","embeddable":true,"href":"http:\/\/www.tvturk.com\/index.php\/wp-json\/wp\/v2\/tags?post=198413"}],"curies":[{"name":"wp","href":"https:\/\/api.w.org\/{rel}","templated":true}]}}