{"id":198473,"date":"2019-09-01T11:47:13","date_gmt":"2019-09-01T08:47:13","guid":{"rendered":"http:\/\/www.tvturk.com\/index.php\/turk-egitim-sen-genel-baskani-geylan-ilce-emri-uygulamasi-guzel\/"},"modified":"2019-09-01T11:47:13","modified_gmt":"2019-09-01T08:47:13","slug":"turk-egitim-sen-genel-baskani-geylan-ilce-emri-uygulamasi-guzel","status":"publish","type":"post","link":"http:\/\/www.tvturk.com\/index.php\/turk-egitim-sen-genel-baskani-geylan-ilce-emri-uygulamasi-guzel\/","title":{"rendered":"T\u00fcrk E\u011fitim-Sen Genel Ba\u015fkan\u0131 Geylan: &#8220;\u0130l\u00e7e emri uygulamas\u0131 g\u00fczel&#8221;"},"content":{"rendered":"<p>T\u00fcrk E\u011fitim-Sen Genel Ba\u015fkan\u0131 Talip Geylan, mazeret tayinleri i\u00e7in \u00f6\u011fretmenlerin ma\u011fdur olmamas\u0131 amac\u0131yla il ve il\u00e7e emri hakk\u0131 verilmesinin yerinde bir karar oldu\u011funu s\u00f6yleyerek, &#8220;\u0130l\u00e7e emri uygulamas\u0131 g\u00fczel. Ancak iki hususun dikkate al\u0131nmamas\u0131 sorunlara yol a\u00e7t\u0131&#8221; dedi.<\/p>\n<p>Milli E\u011fitim Bakanl\u0131\u011f\u0131 yetkililerine te\u015fekk\u00fcr eden ve il\u00e7e emri uygulamas\u0131n\u0131n g\u00fczel oldu\u011funu ancak birtak\u0131m sorunlar ya\u015fand\u0131\u011f\u0131n\u0131 s\u00f6yleyen Geylan, &#8220;41. tercihi i\u015faretlemeyenler ile \u00f6n ba\u015fvuru yapt\u0131\u011f\u0131 halde ikinci a\u015famada tercih yapmayanlar\u0131n da resen il\u00e7e emrine atanm\u0131\u015f olmas\u0131 yeni ma\u011fduriyetler olu\u015fturdu&#8221; ifadelerini kulland\u0131.<\/p>\n<p>MEB\u2019in bu durumda olan \u00f6\u011fretmenlere iptal hakk\u0131 vermesini isteyen Geylan, \u015f\u00f6yle devam etti:<\/p>\n<p>&#8220;\u00d6\u011fretmen han\u0131m Mersin Tarsus\u2019ta, e\u015fi ise Adana Y\u00fcre\u011fir\u2019de g\u00f6rev yap\u0131yor. Her ikisi de mazeret tayini yapt\u0131rabilmek i\u00e7in \u00f6n ba\u015fvuru yap\u0131yor. Ancak tercihe a\u00e7\u0131lan okullar kendilerine uygun olmad\u0131\u011f\u0131 i\u00e7in her ikisi de tercih yapm\u0131yor. Fakat buna ra\u011fmen resen yap\u0131lan atama ile bayan \u00f6\u011fretmenimiz Y\u00fcre\u011fir\u2019e, e\u015fi ise Tarsus\u2019a atan\u0131yor. \u0130l\u00e7e emri uygulamas\u0131 g\u00fczel. Ancak iki hususun dikkate al\u0131nmamas\u0131 sorunlara yol a\u00e7t\u0131. Birincisi, 41. tercihi (Tercihlerim gelmedi\u011fi takdirde bo\u015f kalan yerlere atanmak istiyorum) i\u015faretlemeyenler ile ikincisi \u00f6n ba\u015fvuru yapt\u0131\u011f\u0131 halde ikinci a\u015famada tercih yapmayanlar\u0131n da resen il\u00e7e emrine atanm\u0131\u015f olmas\u0131 yeni ma\u011fduriyetler olu\u015fturdu. MEB ivedilikle bu durumda olanlara iptal hakk\u0131 vermelidir.&#8221;<\/p>\n","protected":false},"excerpt":{"rendered":"<p>T\u00dcRK E\u011e\u0130T\u0130M-SEN GENEL BA\u015eKANI TAL\u0130P GEYLAN, MAZERET TAY\u0130NLER\u0130 \u0130\u00c7\u0130N \u00d6\u011eRETMENLER\u0130N MA\u011eDUR OLMAMASI AMACIYLA \u0130L VE \u0130L\u00c7E EMR\u0130 HAKKI VER\u0130LMES\u0130N\u0130N YER\u0130NDE B\u0130R KARAR OLDU\u011eUNU S\u00d6YLED\u0130<\/p>\n","protected":false},"author":1,"featured_media":198474,"comment_status":"closed","ping_status":"open","sticky":false,"template":"","format":"standard","meta":{"jetpack_post_was_ever_published":false,"_jetpack_newsletter_access":"","_jetpack_dont_email_post_to_subs":false,"_jetpack_newsletter_tier_id":0,"_jetpack_memberships_contains_paywalled_content":false,"_jetpack_memberships_contains_paid_content":false,"footnotes":"","jetpack_publicize_message":"","jetpack_publicize_feature_enabled":true,"jetpack_social_post_already_shared":true,"jetpack_social_options":{"image_generator_settings":{"template":"highway","default_image_id":0,"font":"","enabled":false},"version":2}},"categories":[1],"tags":[216,18070,45728,869,18787,1019,511,957,861],"class_list":["post-198473","post","type-post","status-publish","format-standard","has-post-thumbnail","hentry","category-genel","tag-baskani","tag-egitim-sen","tag-emri","tag-genel","tag-geylan","tag-guzel","tag-ilce","tag-turk","tag-uygulamasi"],"jetpack_publicize_connections":[],"jetpack_featured_media_url":"https:\/\/i0.wp.com\/www.tvturk.com\/wp-content\/uploads\/2019\/09\/turk-egitim-sen-genel-baskani-geylan-ilce-emri-uygulamasi-guzel_a4a9316.jpg?fit=728%2C410","jetpack_sharing_enabled":true,"jetpack_shortlink":"https:\/\/wp.me\/paKIfm-PDb","_links":{"self":[{"href":"http:\/\/www.tvturk.com\/index.php\/wp-json\/wp\/v2\/posts\/198473","targetHints":{"allow":["GET"]}}],"collection":[{"href":"http:\/\/www.tvturk.com\/index.php\/wp-json\/wp\/v2\/posts"}],"about":[{"href":"http:\/\/www.tvturk.com\/index.php\/wp-json\/wp\/v2\/types\/post"}],"author":[{"embeddable":true,"href":"http:\/\/www.tvturk.com\/index.php\/wp-json\/wp\/v2\/users\/1"}],"replies":[{"embeddable":true,"href":"http:\/\/www.tvturk.com\/index.php\/wp-json\/wp\/v2\/comments?post=198473"}],"version-history":[{"count":0,"href":"http:\/\/www.tvturk.com\/index.php\/wp-json\/wp\/v2\/posts\/198473\/revisions"}],"wp:featuredmedia":[{"embeddable":true,"href":"http:\/\/www.tvturk.com\/index.php\/wp-json\/wp\/v2\/media\/198474"}],"wp:attachment":[{"href":"http:\/\/www.tvturk.com\/index.php\/wp-json\/wp\/v2\/media?parent=198473"}],"wp:term":[{"taxonomy":"category","embeddable":true,"href":"http:\/\/www.tvturk.com\/index.php\/wp-json\/wp\/v2\/categories?post=198473"},{"taxonomy":"post_tag","embeddable":true,"href":"http:\/\/www.tvturk.com\/index.php\/wp-json\/wp\/v2\/tags?post=198473"}],"curies":[{"name":"wp","href":"https:\/\/api.w.org\/{rel}","templated":true}]}}