{"id":198525,"date":"2019-09-01T15:46:59","date_gmt":"2019-09-01T12:46:59","guid":{"rendered":"http:\/\/www.tvturk.com\/index.php\/galatasaray-taraftari-falcaoyu-bekliyor\/"},"modified":"2019-09-01T15:46:59","modified_gmt":"2019-09-01T12:46:59","slug":"galatasaray-taraftari-falcaoyu-bekliyor","status":"publish","type":"post","link":"http:\/\/www.tvturk.com\/index.php\/galatasaray-taraftari-falcaoyu-bekliyor\/","title":{"rendered":"Galatasaray taraftar\u0131 Falcao\u2019yu bekliyor"},"content":{"rendered":"<p>Galatasaray taraftarlar\u0131, Monaco\u2019dan renklerine ba\u011flad\u0131klar\u0131 yeni transferleri Radamel Falcao\u2019yu Genel Havac\u0131l\u0131k \u00f6n\u00fcnde beklemeye ba\u015flad\u0131.<\/p>\n<p>Galatasaray\u2019\u0131n Fransa ekiplerinden Monaco\u2019dan transfer etti\u011fi Radamel Falcao\u2019yu, sar\u0131-k\u0131rm\u0131z\u0131l\u0131 taraftarlar beklemeye koyuldu. G\u00fcn\u00fcn erken saatlerinde Florya Genel Havac\u0131l\u0131k \u00f6n\u00fcnde toplanan Galatasarayl\u0131 taraflarlar, me\u015falelerle yeni y\u0131ld\u0131zlar\u0131n\u0131n \u0130stanbul\u2019a inmesini bekliyor.<\/p>\n<p>Sar\u0131-k\u0131rm\u0131z\u0131l\u0131 taraftalar, transferde yo\u011fun mesai harcayan 2. Ba\u015fkan Abdurrahim Albayrak\u2019a da tezah\u00fcratlar yapmas\u0131 dikkatlerden ka\u00e7mad\u0131.<\/p>\n","protected":false},"excerpt":{"rendered":"<p>GALATASARAY TARAFTARLARI, MONACO&#8217;DAN RENKLER\u0130NE BA\u011eLADIKLARI YEN\u0130 TRANSFERLER\u0130 RADAMEL FALCAO&#8217;YU GENEL HAVACILIK \u00d6N\u00dcNDE BEKLEMEYE BA\u015eLADI<\/p>\n","protected":false},"author":1,"featured_media":198526,"comment_status":"closed","ping_status":"open","sticky":false,"template":"","format":"standard","meta":{"jetpack_post_was_ever_published":false,"_jetpack_newsletter_access":"","_jetpack_dont_email_post_to_subs":false,"_jetpack_newsletter_tier_id":0,"_jetpack_memberships_contains_paywalled_content":false,"_jetpack_memberships_contains_paid_content":false,"footnotes":"","jetpack_publicize_message":"","jetpack_publicize_feature_enabled":true,"jetpack_social_post_already_shared":true,"jetpack_social_options":{"image_generator_settings":{"template":"highway","default_image_id":0,"font":"","enabled":false},"version":2}},"categories":[657],"tags":[4378,49890,1976,11375],"class_list":["post-198525","post","type-post","status-publish","format-standard","has-post-thumbnail","hentry","category-spor","tag-bekliyor","tag-falcaoyu","tag-galatasaray","tag-taraftari"],"jetpack_publicize_connections":[],"jetpack_featured_media_url":"https:\/\/i0.wp.com\/www.tvturk.com\/wp-content\/uploads\/2019\/09\/galatasaray-taraftari-falcaoyu-bekliyor_294be91.jpg?fit=1000%2C736","jetpack_sharing_enabled":true,"jetpack_shortlink":"https:\/\/wp.me\/paKIfm-PE1","_links":{"self":[{"href":"http:\/\/www.tvturk.com\/index.php\/wp-json\/wp\/v2\/posts\/198525","targetHints":{"allow":["GET"]}}],"collection":[{"href":"http:\/\/www.tvturk.com\/index.php\/wp-json\/wp\/v2\/posts"}],"about":[{"href":"http:\/\/www.tvturk.com\/index.php\/wp-json\/wp\/v2\/types\/post"}],"author":[{"embeddable":true,"href":"http:\/\/www.tvturk.com\/index.php\/wp-json\/wp\/v2\/users\/1"}],"replies":[{"embeddable":true,"href":"http:\/\/www.tvturk.com\/index.php\/wp-json\/wp\/v2\/comments?post=198525"}],"version-history":[{"count":0,"href":"http:\/\/www.tvturk.com\/index.php\/wp-json\/wp\/v2\/posts\/198525\/revisions"}],"wp:featuredmedia":[{"embeddable":true,"href":"http:\/\/www.tvturk.com\/index.php\/wp-json\/wp\/v2\/media\/198526"}],"wp:attachment":[{"href":"http:\/\/www.tvturk.com\/index.php\/wp-json\/wp\/v2\/media?parent=198525"}],"wp:term":[{"taxonomy":"category","embeddable":true,"href":"http:\/\/www.tvturk.com\/index.php\/wp-json\/wp\/v2\/categories?post=198525"},{"taxonomy":"post_tag","embeddable":true,"href":"http:\/\/www.tvturk.com\/index.php\/wp-json\/wp\/v2\/tags?post=198525"}],"curies":[{"name":"wp","href":"https:\/\/api.w.org\/{rel}","templated":true}]}}