{"id":198529,"date":"2019-09-01T16:02:24","date_gmt":"2019-09-01T13:02:24","guid":{"rendered":"http:\/\/www.tvturk.com\/index.php\/2020-dunya-dag-bisikleti-maraton-sampiyonasina-lassa-destegi\/"},"modified":"2019-09-01T16:02:24","modified_gmt":"2019-09-01T13:02:24","slug":"2020-dunya-dag-bisikleti-maraton-sampiyonasina-lassa-destegi","status":"publish","type":"post","link":"http:\/\/www.tvturk.com\/index.php\/2020-dunya-dag-bisikleti-maraton-sampiyonasina-lassa-destegi\/","title":{"rendered":"2020 D\u00fcnya Da\u011f Bisikleti Maraton \u015eampiyonas\u0131\u2019na Lassa deste\u011fi"},"content":{"rendered":"<p>2020 y\u0131l\u0131nda Sakarya\u2019n\u0131n ev sahipli\u011finde ger\u00e7ekle\u015ftirilecek D\u00fcnya Da\u011f Bisikleti Maraton \u015eampiyonas\u0131\u2019n\u0131n ana sponsorlar\u0131ndan biri de Brisa Lassa oldu.<\/p>\n<p>Sakarya B\u00fcy\u00fck\u015fehir Belediyesi\u2019nin ev sahipli\u011fi, Cumhurba\u015fkanl\u0131\u011f\u0131 himayelerinde 2020 y\u0131l\u0131nda ger\u00e7ekle\u015ftirilecek D\u00fcnya Da\u011f Bisikleti Maraton D\u00fcnya \u015eampiyonas\u0131\u2019n\u0131n ana sponsorlar\u0131ndan biri de T\u00fcrkiye lastik sekt\u00f6r\u00fc lideri Brisa\u2019n\u0131n \u00f6nc\u00fc markas\u0131 Lassa oldu. Brisa \u0130zmit Fabrikas\u0131\u2019nda d\u00fczenlenen imza t\u00f6renine B\u00fcy\u00fck\u015fehir Belediye Ba\u015fkan\u0131 Ekrem Y\u00fcce, Brisa Pazarlama Direkt\u00f6r\u00fc Evren G\u00fczel, Da\u011f Bisikleti Maraton D\u00fcnya \u015eampiyonas\u0131 Direkt\u00f6r\u00fc Aziz S\u0131rna\u00e7, Lassa Bisiklet Tak\u0131m\u0131 ve bas\u0131n mensuplar\u0131 kat\u0131ld\u0131.<\/p>\n<p>T\u00fcrkiye\u2019de sporun ve sporcunun geli\u015fimine katk\u0131 sunduklar\u0131n\u0131 ifade eden Pazarlama Direkt\u00f6r\u00fc Evren G\u00fczel, \u201cLassa, T\u00fcrkiye\u2019de do\u011fup 80\u2019e yak\u0131n \u00fclkede ba\u015far\u0131 kazanan, \u00fclkemizin en g\u00fc\u00e7l\u00fc markalar\u0131ndan bir tanesidir. Her zaman T\u00fcrk sporunun geli\u015fimine ve geli\u015fmesine katk\u0131 sa\u011flamak ad\u0131na \u00e7al\u0131\u015fmalar ger\u00e7ekle\u015ftirdik. \u00dclkemizde bisiklet sporuna Lassa Bisiklet Tak\u0131m\u0131 ile destek vermeye 40 y\u0131l \u00f6nce ba\u015flad\u0131k. Her zaman bir\u00e7ok ba\u015far\u0131ya imza atm\u0131\u015f olan tak\u0131m\u0131m\u0131z hem ulusal hem de uluslararas\u0131 arenada \u00fclkemizi temsil etmektedir. 2020 D\u00fcnya Da\u011f Bisikleti Maraton \u015eampiyonas\u0131 ile etkinlikte hem organizasyona hem de Lassa Bisiklet Tak\u0131m\u0131 ile sporcular\u0131m\u0131za sa\u011flam bir destek sunaca\u011f\u0131z. Sporcular\u0131m\u0131z, y\u00f6neticilerimiz ve vatanda\u015flar\u0131m\u0131z ile birlikte \u015fampiyonaya ev sahipli\u011fi yapman\u0131n gururunu ya\u015f\u0131yoruz\u201d dedi.<\/p>\n<p>Bisiklet sporunun \u00fclkemizdeki ba\u015far\u0131s\u0131ndan s\u00f6z eden Ba\u015fkan Ekrem Y\u00fcce, \u201cBug\u00fcn burada \u00fclkemiz i\u00e7in hatta D\u00fcnya i\u00e7in bir gurur kayna\u011f\u0131 olan ve ba\u015far\u0131 trendini yakalam\u0131\u015f, hem kalitesiyle hem de yapm\u0131\u015f oldu\u011fu sosyal aktivitelerle ger\u00e7ekten \u00fclkemizde ad\u0131ndan s\u00f6z ettiren Brisa Lassa\u2019y\u0131 tebrik ediyorum. Bildi\u011finiz \u00fczere 2020 D\u00fcnya Da\u011f Bisikleti Turnuvas\u0131 Sakarya\u2019m\u0131zda ger\u00e7ekle\u015fecektir. 2020 y\u0131l\u0131nda \u015fehrimizde d\u00fczenlenecek Da\u011f Bisikleti Maraton D\u00fcnya \u015eampiyonas\u0131\u2019n\u0131n ana sponsorlar\u0131ndan biri olan Lassa ile imzalanan anla\u015fman\u0131n hay\u0131rl\u0131 olmas\u0131n\u0131 diliyor, t\u00fcm eme\u011fi ge\u00e7enlere te\u015fekk\u00fcr ediyorum\u201d diye konu\u015ftu.<\/p>\n<p>Pedal \u00e7eviren \u015fehir Sakarya<\/p>\n<p>A\u00e7\u0131klamalar\u0131na devam eden Ba\u015fkan Y\u00fcce, \u201c\u015eampiyonan\u0131n \u015fehrimizde yap\u0131lacak olmas\u0131 bizim i\u00e7in \u00e7ok b\u00fcy\u00fck bir gurur. Hem bisiklet k\u00fclt\u00fcr\u00fcn\u00fcn yayg\u0131nla\u015fmas\u0131 hem de \u015fehrimizin tan\u0131t\u0131m\u0131na b\u00fcy\u00fck katk\u0131 sa\u011flayacak bu \u015fampiyonaya \u015fehir olarak en iyi \u015fekilde ev sahipli\u011fi yapaca\u011f\u0131z. Bisiklet tak\u0131m\u0131m\u0131z\u0131n ba\u015far\u0131lar\u0131n\u0131n yan\u0131 s\u0131ra \u015fehrimizin her alan\u0131na yay\u0131lan bir fark\u0131ndal\u0131k olu\u015fturacak, Sakarya\u2019da pedal \u00e7eviren \u015fehir imaj\u0131n\u0131 yayg\u0131nla\u015ft\u0131raca\u011f\u0131z. Bu vesileyle bug\u00fcn Lassa ile imzalad\u0131\u011f\u0131m\u0131z sponsorluk anla\u015fmas\u0131n\u0131n hay\u0131rl\u0131 olmas\u0131n\u0131 bir kez daha temenni ediyor, 13-15 Eyl\u00fcl tarihleri aras\u0131nda ger\u00e7ekle\u015ftirece\u011fimiz MTB Cup yar\u0131\u015flar\u0131na t\u00fcm bisiklet sevdal\u0131lar\u0131n\u0131 davet ediyorum\u201d \u015feklinde konu\u015ftu.<\/p>\n<p>D\u00fcnyan\u0131n g\u00f6z\u00fc Sakarya\u2019da olacak<\/p>\n<p>Sponsorluk anla\u015fmas\u0131 sonras\u0131 a\u00e7\u0131klamalarda bulunan Ba\u015fkan Y\u00fcce, \u201c\u00dclkemiz ad\u0131na gurur kayna\u011f\u0131 olan Ay\u00e7i\u00e7ek Bisiklet Vadisini Sakarya\u2019m\u0131z\u0131n hatta \u00fclkemizin hizmetine sunduk. K\u0131sa s\u00fcre \u00f6nce T\u00fcrkiye \u015eampiyonas\u0131\u2019na ev sahipli\u011fi yapt\u0131k. \u0130n\u015fallah 2020 y\u0131l\u0131nda da d\u00fcnyan\u0131n g\u00f6z\u00fc Sakarya\u2019da olacak. B\u00f6yle bir etkinli\u011fin \u015fehrimizde ve \u00fclkemizde olmas\u0131ndan dolay\u0131 b\u00fcy\u00fck bir gurur ve heyecan i\u00e7erisindeyiz. Sakarya B\u00fcy\u00fck\u015fehir Belediyesi olarak gereken t\u00fcm \u00e7al\u0131\u015fmalar\u0131 yapaca\u011f\u0131z. \u015eampiyonay\u0131 en iyi \u015fekilde icra edece\u011fiz. Destekleri ve himayeleri dolay\u0131s\u0131yla Say\u0131n Cumhurba\u015fkan\u0131m\u0131za, de\u011ferli sponsorlar\u0131m\u0131za te\u015fekk\u00fcr ediyorum\u201d ifadelerini kulland\u0131.<\/p>\n","protected":false},"excerpt":{"rendered":"<p>2020 YILINDA SAKARYA\u2019NIN EV SAH\u0130PL\u0130\u011e\u0130NDE GER\u00c7EKLE\u015eT\u0130R\u0130LECEK D\u00dcNYA DA\u011e B\u0130S\u0130KLET\u0130 MARATON \u015eAMP\u0130YONASI\u2019NIN ANA SPONSORLARINDAN B\u0130R\u0130 DE BR\u0130SA LASSA OLDU.<\/p>\n","protected":false},"author":1,"featured_media":198530,"comment_status":"closed","ping_status":"open","sticky":false,"template":"","format":"standard","meta":{"jetpack_post_was_ever_published":false,"_jetpack_newsletter_access":"","_jetpack_dont_email_post_to_subs":false,"_jetpack_newsletter_tier_id":0,"_jetpack_memberships_contains_paywalled_content":false,"_jetpack_memberships_contains_paid_content":false,"footnotes":"","jetpack_publicize_message":"","jetpack_publicize_feature_enabled":true,"jetpack_social_post_already_shared":true,"jetpack_social_options":{"image_generator_settings":{"template":"highway","default_image_id":0,"font":"","enabled":false},"version":2}},"categories":[657],"tags":[349,11539,5727,384,53,22632,25501,6842],"class_list":["post-198529","post","type-post","status-publish","format-standard","has-post-thumbnail","hentry","category-spor","tag-dunya","tag-11539","tag-bisikleti","tag-dag","tag-destegi","tag-lassa","tag-maraton","tag-sampiyonasina"],"jetpack_publicize_connections":[],"jetpack_featured_media_url":"https:\/\/i0.wp.com\/www.tvturk.com\/wp-content\/uploads\/2019\/09\/2020-dunya-dag-bisikleti-maraton-sampiyonasina-lassa-destegi_bcd5962.jpg?fit=1000%2C666","jetpack_sharing_enabled":true,"jetpack_shortlink":"https:\/\/wp.me\/paKIfm-PE5","_links":{"self":[{"href":"http:\/\/www.tvturk.com\/index.php\/wp-json\/wp\/v2\/posts\/198529","targetHints":{"allow":["GET"]}}],"collection":[{"href":"http:\/\/www.tvturk.com\/index.php\/wp-json\/wp\/v2\/posts"}],"about":[{"href":"http:\/\/www.tvturk.com\/index.php\/wp-json\/wp\/v2\/types\/post"}],"author":[{"embeddable":true,"href":"http:\/\/www.tvturk.com\/index.php\/wp-json\/wp\/v2\/users\/1"}],"replies":[{"embeddable":true,"href":"http:\/\/www.tvturk.com\/index.php\/wp-json\/wp\/v2\/comments?post=198529"}],"version-history":[{"count":0,"href":"http:\/\/www.tvturk.com\/index.php\/wp-json\/wp\/v2\/posts\/198529\/revisions"}],"wp:featuredmedia":[{"embeddable":true,"href":"http:\/\/www.tvturk.com\/index.php\/wp-json\/wp\/v2\/media\/198530"}],"wp:attachment":[{"href":"http:\/\/www.tvturk.com\/index.php\/wp-json\/wp\/v2\/media?parent=198529"}],"wp:term":[{"taxonomy":"category","embeddable":true,"href":"http:\/\/www.tvturk.com\/index.php\/wp-json\/wp\/v2\/categories?post=198529"},{"taxonomy":"post_tag","embeddable":true,"href":"http:\/\/www.tvturk.com\/index.php\/wp-json\/wp\/v2\/tags?post=198529"}],"curies":[{"name":"wp","href":"https:\/\/api.w.org\/{rel}","templated":true}]}}